{"id":3993,"date":"2025-09-09T16:58:51","date_gmt":"2025-09-09T14:58:51","guid":{"rendered":"https:\/\/online-filmkatarzis.com\/kucko\/napiinfok\/?p=3993"},"modified":"2025-09-09T16:58:51","modified_gmt":"2025-09-09T14:58:51","slug":"megszakitottak-a-hiradot-magyar-peter-miatt","status":"publish","type":"post","link":"https:\/\/online-filmkatarzis.com\/kucko\/napiinfok\/?p=3993","title":{"rendered":"Megszak\u00edtott\u00e1k a H\u00edrad\u00f3t Magyar P\u00e9ter miatt!"},"content":{"rendered":"<h3>A p\u00e1rbesz\u00e9d sor\u00e1n a Tisza P\u00e1rt eln\u00f6ke t\u00f6bbsz\u00f6r is &#8222;propagandist\u00e1nak&#8221; nevezte a riportert \u00e9s felr\u00f3tta neki, hogy a k\u00f6zm\u00e9dia nem h\u00edvja be \u0151t a m\u0171soraiba. A teljes felv\u00e9tel egy rendk\u00edv\u00fcl fesz\u00fclt, indulatokkal teli, de a maga m\u00f3dj\u00e1n m\u00e9gis egyfajta p\u00e1rbesz\u00e9det mutat\u00f3 jelenetet t\u00e1r az orsz\u00e1g el\u00e9, amelyben k\u00e9t, teljesen ellent\u00e9tes vil\u00e1g pr\u00f3b\u00e1lt meg &#8211; sikertelen\u00fcl &#8211; kommunik\u00e1lni egym\u00e1ssal.<\/h3>\n<p>VIA Promotions<\/p>\n<p>&#8211;<\/p>\n<p>Noha a Velar els\u0151sorban a k\u00e9nyelemre van hangolva, a vezet\u00e9si \u00e9lm\u00e9ny is rendben van, a pontos korm\u00e1nyz\u00e1snak, kiegyens\u00falyozott fut\u00f3m\u0171nek \u00e9s meglep\u0151en j\u00f3 tapad\u00e1snak k\u00f6sz\u00f6nhet\u0151en. A kisebb kerekek m\u00e9g k\u00e9nyelmesebb fut\u00e1st biztos\u00edtanak, ugyanakkor sokan a l\u00e1tv\u00e1nyosabb, nagyobb kerekeket fogj\u00e1k v\u00e1lasztani \u2013 m\u00e9g ha ez n\u00e9mi kompromisszummal is j\u00e1r a komfort ter\u00e9n.<\/p>\n<p>A leggyorsabb jelenlegi modell a P400e plug-in hibrid, amely 5,4 m\u00e1sodperc alatt gyorsul 0\u2013100 km\/h-ra, v\u00e9gsebess\u00e9ge pedig 210 km\/h. A mi kedvenc\u00fcnk m\u00e9gis a D300 d\u00edzel, amely 6,5 m\u00e1sodperc alatt \u00e9ri el a 100 km\/h-t, \u00e9s ak\u00e1r 230 km\/h-ra is k\u00e9pes. Az alapmodell D200 8,3 m\u00e1sodperces gyorsul\u00e1st \u00e9s 210 km\/h-s v\u00e9gsebess\u00e9get k\u00edn\u00e1l, m\u00edg a k\u00e9t benzines \u2013 P250 \u00e9s P400 \u2013 7,5, illetve 5,5 m\u00e1sodperc alatt gyorsul, 217, illetve 250 km\/h v\u00e9gsebess\u00e9ggel.<\/p>\n<p>A fogyaszt\u00e1si adatok motorf\u00fcgg\u0151k: a D200 \u00e9s D300 mild-hibrid d\u00edzelek 6,0-6,7 literes vegyes fogyaszt\u00e1ssal b\u00edrnak, m\u00edg a P250 benzines 7,7-9,2 litert k\u00e9r sz\u00e1z kilom\u00e9terre. A legink\u00e1bb takar\u00e9kos a plug-in hibrid, amely ak\u00e1r 1,6 l\/100 km fogyaszt\u00e1st is el\u00e9rhet, de ehhez rendszeresen haszn\u00e1lni kell az elektromos m\u00f3dot. Ha lemer\u00fcl az akku, a fogyaszt\u00e1s jelent\u0151sen megemelkedik, \u00e9s 30 mpg f\u00f6l\u00e9 neh\u00e9z menni \u2013 ezzel szemben p\u00e9ld\u00e1ul a Lexus NX 450h+ ak\u00e1r 50 mpg k\u00f6r\u00fcl is fogyaszthat hasonl\u00f3 k\u00f6r\u00fclm\u00e9nyek k\u00f6z\u00f6tt.<\/p>\n<p>Az elektromos hat\u00f3t\u00e1v a plug-in hibridn\u00e9l 38\u201340 m\u00e9rf\u00f6ld, de val\u00f3s haszn\u00e1latban ink\u00e1bb 30 m\u00e9rf\u00f6lddel lehet sz\u00e1molni. A 19,2 kWh-s akkumul\u00e1torb\u00f3l 15,4 kWh haszn\u00e1lhat\u00f3, \u00e9s egy 50 kW-os gyorst\u00f6lt\u0151vel 30 perc alatt 80%-os t\u00f6lt\u00f6tts\u00e9g \u00e9rhet\u0151 el. Otthoni 7 kW-os fali t\u00f6lt\u0151r\u0151l teljes felt\u00f6lt\u00e9s 2,5 \u00f3ra.<\/p>\n<p>A biztos\u00edt\u00e1si besorol\u00e1s 36 \u00e9s 47 k\u00f6z\u00f6tt mozog, a legdr\u00e1g\u00e1bb az Autobiography P400. \u00c9rt\u00e9ktart\u00e1sa 59\u201365% k\u00f6z\u00f6tt mozog h\u00e1rom \u00e9v \u00e9s 58 ezer kilom\u00e9ter ut\u00e1n, ami a Porsche Macan szintj\u00e9n van, \u00e9s jobb a Mercedes GLC-hez k\u00e9pest.<\/p>\n","protected":false},"excerpt":{"rendered":"<p>A p\u00e1rbesz\u00e9d sor\u00e1n a Tisza P\u00e1rt eln\u00f6ke t\u00f6bbsz\u00f6r is &#8222;propagandist\u00e1nak&#8221; nevezte a riportert \u00e9s felr\u00f3tta neki, hogy a k\u00f6zm\u00e9dia nem&#8230; <span class=\"gridview-grid-post-read-more\"><a href=\"https:\/\/online-filmkatarzis.com\/kucko\/napiinfok\/?p=3993\">read more<span class=\"gridview-sr-only\"> Megszak\u00edtott\u00e1k a H\u00edrad\u00f3t Magyar P\u00e9ter miatt!<\/span><\/a><\/span><\/p>\n","protected":false},"author":1,"featured_media":3994,"comment_status":"open","ping_status":"open","sticky":false,"template":"","format":"standard","meta":{"footnotes":""},"categories":[1],"tags":[],"class_list":["post-3993","post","type-post","status-publish","format-standard","has-post-thumbnail","hentry","category-egyeb","wpcat-1-id"],"_links":{"self":[{"href":"https:\/\/online-filmkatarzis.com\/kucko\/napiinfok\/index.php?rest_route=\/wp\/v2\/posts\/3993","targetHints":{"allow":["GET"]}}],"collection":[{"href":"https:\/\/online-filmkatarzis.com\/kucko\/napiinfok\/index.php?rest_route=\/wp\/v2\/posts"}],"about":[{"href":"https:\/\/online-filmkatarzis.com\/kucko\/napiinfok\/index.php?rest_route=\/wp\/v2\/types\/post"}],"author":[{"embeddable":true,"href":"https:\/\/online-filmkatarzis.com\/kucko\/napiinfok\/index.php?rest_route=\/wp\/v2\/users\/1"}],"replies":[{"embeddable":true,"href":"https:\/\/online-filmkatarzis.com\/kucko\/napiinfok\/index.php?rest_route=%2Fwp%2Fv2%2Fcomments&post=3993"}],"version-history":[{"count":1,"href":"https:\/\/online-filmkatarzis.com\/kucko\/napiinfok\/index.php?rest_route=\/wp\/v2\/posts\/3993\/revisions"}],"predecessor-version":[{"id":3995,"href":"https:\/\/online-filmkatarzis.com\/kucko\/napiinfok\/index.php?rest_route=\/wp\/v2\/posts\/3993\/revisions\/3995"}],"wp:featuredmedia":[{"embeddable":true,"href":"https:\/\/online-filmkatarzis.com\/kucko\/napiinfok\/index.php?rest_route=\/wp\/v2\/media\/3994"}],"wp:attachment":[{"href":"https:\/\/online-filmkatarzis.com\/kucko\/napiinfok\/index.php?rest_route=%2Fwp%2Fv2%2Fmedia&parent=3993"}],"wp:term":[{"taxonomy":"category","embeddable":true,"href":"https:\/\/online-filmkatarzis.com\/kucko\/napiinfok\/index.php?rest_route=%2Fwp%2Fv2%2Fcategories&post=3993"},{"taxonomy":"post_tag","embeddable":true,"href":"https:\/\/online-filmkatarzis.com\/kucko\/napiinfok\/index.php?rest_route=%2Fwp%2Fv2%2Ftags&post=3993"}],"curies":[{"name":"wp","href":"https:\/\/api.w.org\/{rel}","templated":true}]}}