{"id":4226,"date":"2025-09-24T19:03:06","date_gmt":"2025-09-24T17:03:06","guid":{"rendered":"https:\/\/online-filmkatarzis.com\/kucko\/napiinfok\/?p=4226"},"modified":"2025-09-24T19:03:06","modified_gmt":"2025-09-24T17:03:06","slug":"elo-adasban-aludt-be-stohl-andras-a-kamera-mindent-vett","status":"publish","type":"post","link":"https:\/\/online-filmkatarzis.com\/kucko\/napiinfok\/?p=4226","title":{"rendered":"\u00c9l\u0151 ad\u00e1sban aludt be Stohl Andr\u00e1s! A kamera mindent vett!"},"content":{"rendered":"<h3>Egy pillanatra elszuny\u00f3k\u00e1lt a kamer\u00e1k el\u0151tt. Nemr\u00e9g az is el\u0151fordult, hogy a k\u00e9t produkci\u00f3 forgat\u00e1sai szinte \u00f6sszefon\u00f3dtak, \u00e9s a Szt\u00e1rban Szt\u00e1r egyik ad\u00e1s\u00e1ban A Nagy \u0150 egyik randij\u00e1t is bemutatt\u00e1k. Stohl ilyenkor k\u00e9t st\u00e1b rendelkez\u00e9s\u00e9re is \u00e1llt, r\u00e1ad\u00e1sul mindemellett sz\u00ednh\u00e1zi szerepeket, \u00e9s m\u0171sorvezet\u0151i felk\u00e9r\u00e9seket is v\u00e1llal- \u00edrja a story! A hatalmas terhel\u00e9snek pedig meg is lett az eredm\u00e9nye: a legut\u00f3bbi \u00e9l\u0151 show-ban r\u00f6vid id\u0151re lehunyta a szem\u00e9t.<\/h3>\n<p>Forr\u00e1s: MSN \/ FB \/ EZT<\/p>\n<p>&#8211;<\/p>\n<p>A Kia m\u00e1rka h\u00edrneve az elm\u00falt \u00e9vekben rengeteget fejl\u0151d\u00f6tt, \u00e9s ezzel p\u00e1rhuzamosan az \u00e9rt\u00e9ktart\u00e1sa is javult. A brit haszn\u00e1lt aut\u00f3 piaci elemz\u0151c\u00e9g, a CAP szerint a Kia Optima az \u00fajkori \u00e9rt\u00e9k\u00e9nek 43\u201349 sz\u00e1zal\u00e9k\u00e1t tartja meg h\u00e1rom \u00e9v \u00e9s 48 000 kilom\u00e9ter haszn\u00e1lat ut\u00e1n. A legjobban a bel\u00e9p\u0151szint\u0171 Optima 2 teljes\u00edt, amely kb. 6 000 fonttal kevesebbet vesz\u00edt \u00e9rt\u00e9k\u00e9b\u0151l a dr\u00e1g\u00e1bb, automata v\u00e1lt\u00f3s Optima 4 modellhez k\u00e9pest az elad\u00e1skor.<\/p>\n<p>K\u00fcls\u0151 megjelen\u00e9s\u00e9t tekintve a Kia Optima igaz\u00e1n figyelemfelkelt\u0151 jelens\u00e9g. Letisztult, sportos ar\u00e1nyai \u2013 hossz\u00fa tengelyt\u00e1v, sz\u00e9les ki\u00e1ll\u00e1s, alacsony tet\u0151vonal \u2013 mark\u00e1ns karaktert k\u00f6lcs\u00f6n\u00f6znek az aut\u00f3nak, amely t\u00f6k\u00e9letesen t\u00fckr\u00f6zi a m\u00e1rka b\u00e1trabb diz\u00e1jnfiloz\u00f3fi\u00e1j\u00e1t. El\u00f6l a Kia jellegzetes &#8222;tigrisorr&#8221; h\u0171t\u0151r\u00e1csa domin\u00e1l, amit l\u00e1tv\u00e1nyos LED nappali menetf\u00e9nyek eg\u00e9sz\u00edtenek ki. Az eleg\u00e1nsan h\u00faz\u00f3d\u00f3 tet\u0151vonalat kr\u00f3mbet\u00e9tek k\u00f6vetik eg\u00e9szen a h\u00e1ts\u00f3 sz\u00e9lv\u00e9d\u0151ig, a karossz\u00e9ria oldal\u00e1nak s\u00edk fel\u00fcletei pedig egy kup\u00e9szer\u0171 megjelen\u00e9st k\u00f6lcs\u00f6n\u00f6znek. H\u00e1tul a nagy m\u00e9ret\u0171 LED-es l\u00e1mp\u00e1k l\u00e1tv\u00e1nyban er\u0151sen eml\u00e9keztetnek a Ford Mondeo megold\u00e1saira.<\/p>\n<p>A bels\u0151 t\u00e9r ugyanakkor m\u00e1r kev\u00e9sb\u00e9 inspir\u00e1l\u00f3. B\u00e1r a jelenlegi gener\u00e1ci\u00f3 utastere hat\u00e1rozottan modernebb, mint az el\u0151z\u0151\u00e9 \u2013 a kor\u00e1bban sz\u00f6gben d\u00f6nt\u00f6tt m\u0171szerfal helyett most egyenesebb, struktur\u00e1ltabb formavil\u00e1g jellemz\u0151 \u2013, az \u00f6sszk\u00e9p kiss\u00e9 semleges, tal\u00e1n t\u00fals\u00e1gosan is visszafogott. Ennek ellen\u00e9re a bels\u0151 min\u0151s\u00e9gre nem lehet panasz: az anyaghaszn\u00e1lat sz\u00ednvonala megfelel\u0151, az \u00f6sszeszerel\u00e9si min\u0151s\u00e9g pedig kifog\u00e1stalan, \u00edgy a Kia Optima bel\u00fclr\u0151l is azt az \u00e9rzetet kelti, hogy egy megb\u00edzhat\u00f3, massz\u00edv aut\u00f3val van dolgunk.<\/p>\n","protected":false},"excerpt":{"rendered":"<p>Egy pillanatra elszuny\u00f3k\u00e1lt a kamer\u00e1k el\u0151tt. Nemr\u00e9g az is el\u0151fordult, hogy a k\u00e9t produkci\u00f3 forgat\u00e1sai szinte \u00f6sszefon\u00f3dtak, \u00e9s a Szt\u00e1rban&#8230; <span class=\"gridview-grid-post-read-more\"><a href=\"https:\/\/online-filmkatarzis.com\/kucko\/napiinfok\/?p=4226\">read more<span class=\"gridview-sr-only\"> \u00c9l\u0151 ad\u00e1sban aludt be Stohl Andr\u00e1s! A kamera mindent vett!<\/span><\/a><\/span><\/p>\n","protected":false},"author":1,"featured_media":4227,"comment_status":"open","ping_status":"open","sticky":false,"template":"","format":"standard","meta":{"footnotes":""},"categories":[1],"tags":[],"class_list":["post-4226","post","type-post","status-publish","format-standard","has-post-thumbnail","hentry","category-egyeb","wpcat-1-id"],"_links":{"self":[{"href":"https:\/\/online-filmkatarzis.com\/kucko\/napiinfok\/index.php?rest_route=\/wp\/v2\/posts\/4226","targetHints":{"allow":["GET"]}}],"collection":[{"href":"https:\/\/online-filmkatarzis.com\/kucko\/napiinfok\/index.php?rest_route=\/wp\/v2\/posts"}],"about":[{"href":"https:\/\/online-filmkatarzis.com\/kucko\/napiinfok\/index.php?rest_route=\/wp\/v2\/types\/post"}],"author":[{"embeddable":true,"href":"https:\/\/online-filmkatarzis.com\/kucko\/napiinfok\/index.php?rest_route=\/wp\/v2\/users\/1"}],"replies":[{"embeddable":true,"href":"https:\/\/online-filmkatarzis.com\/kucko\/napiinfok\/index.php?rest_route=%2Fwp%2Fv2%2Fcomments&post=4226"}],"version-history":[{"count":1,"href":"https:\/\/online-filmkatarzis.com\/kucko\/napiinfok\/index.php?rest_route=\/wp\/v2\/posts\/4226\/revisions"}],"predecessor-version":[{"id":4228,"href":"https:\/\/online-filmkatarzis.com\/kucko\/napiinfok\/index.php?rest_route=\/wp\/v2\/posts\/4226\/revisions\/4228"}],"wp:featuredmedia":[{"embeddable":true,"href":"https:\/\/online-filmkatarzis.com\/kucko\/napiinfok\/index.php?rest_route=\/wp\/v2\/media\/4227"}],"wp:attachment":[{"href":"https:\/\/online-filmkatarzis.com\/kucko\/napiinfok\/index.php?rest_route=%2Fwp%2Fv2%2Fmedia&parent=4226"}],"wp:term":[{"taxonomy":"category","embeddable":true,"href":"https:\/\/online-filmkatarzis.com\/kucko\/napiinfok\/index.php?rest_route=%2Fwp%2Fv2%2Fcategories&post=4226"},{"taxonomy":"post_tag","embeddable":true,"href":"https:\/\/online-filmkatarzis.com\/kucko\/napiinfok\/index.php?rest_route=%2Fwp%2Fv2%2Ftags&post=4226"}],"curies":[{"name":"wp","href":"https:\/\/api.w.org\/{rel}","templated":true}]}}