{"id":4302,"date":"2025-09-29T10:27:27","date_gmt":"2025-09-29T08:27:27","guid":{"rendered":"https:\/\/online-filmkatarzis.com\/kucko\/napiinfok\/?p=4302"},"modified":"2025-09-29T10:27:27","modified_gmt":"2025-09-29T08:27:27","slug":"kiszivargott-hogy-mi-a-terve-a-nyugdijasokkal-magyar-peternek","status":"publish","type":"post","link":"https:\/\/online-filmkatarzis.com\/kucko\/napiinfok\/?p=4302","title":{"rendered":"Kisziv\u00e1rgott, Hogy Mi a Terve a Nyugd\u00edjasokkal Magyar P\u00e9ternek!"},"content":{"rendered":"<h3>A p\u00e1rt 20 ezer \u00faj id\u0151sotthoni f\u00e9r\u0151hely l\u00e9trehoz\u00e1s\u00e1t is tervezi, r\u00e9szben piaci, r\u00e9szben szoci\u00e1lis alapon. Az elk\u00e9pzel\u00e9sek szerint ehhez \u00e1llami \u00e9s \u00f6nkorm\u00e1nyzati \u00fcres \u00e9p\u00fcleteket haszn\u00e1ln\u00e1nak fel, a program pedig mintegy 13 ezer munkahelyet teremtene, f\u0151k\u00e9nt vid\u00e9ken. Az otthon\u00e1pol\u00e1si d\u00edj 50 sz\u00e1zal\u00e9kos emel\u00e9se tov\u00e1bbi t\u00f6bb t\u00edzezer embert \u00e9rintene. A sajt\u00f3t\u00e1j\u00e9koztat\u00f3 v\u00e9g\u00e9n Magyar P\u00e9ter azt is bejelentette: korm\u00e1nyra ker\u00fcl\u00e9s\u00fck eset\u00e9n megnyitn\u00e1k az \u00fcgyn\u00f6kakt\u00e1kat, hogy el\u00e9gt\u00e9telt adjanak az \u00e1ldozatoknak \u00e9s tiszt\u00e1bb k\u00e9pet adjanak a rendszerv\u00e1lt\u00e1s k\u00f6r\u00fcli esem\u00e9nyekr\u0151l.<\/h3>\n<p>VIA Eztnezd<\/p>\n<p>&#8211;<\/p>\n<p>A Honda e:HEV hibrid rendszere azonban igen \u00f6tletes. Ennek egy v\u00e1ltozata minden jelenlegi bels\u0151 \u00e9g\u00e9s\u0171 motorral hajtott Hond\u00e1ban megtal\u00e1lhat\u00f3 (a Type R kiv\u00e9tel\u00e9vel). A Civicben a motor egy sz\u00edv\u00f3, 2,0 literes benzinmotor, 141 l\u00f3er\u0151vel. Az esetek t\u00f6bbs\u00e9g\u00e9ben csak az ind\u00edt\u00f3gener\u00e1tort forgatja, hogy t\u00f6lt\u00e9st termeljen, amelyet az 1,05 kWh-s akkumul\u00e1tor felt\u00f6lt\u00e9s\u00e9re vagy a 181 l\u00f3er\u0151s villanymotor hajt\u00e1s\u00e1ra lehet felhaszn\u00e1lni.<\/p>\n<p>A motor a meghajt\u00e1s els\u0151dleges forr\u00e1sa, ez\u00e9rt a rendszer teljes\u00edtm\u00e9nye megegyezik a motor teljes\u00edtm\u00e9ny\u00e9vel. A motor haszn\u00e1lata \u00e1ltal\u00e1ban a leghat\u00e9konyabb m\u00f3dja a vezet\u00e9snek. Kiv\u00e9telt k\u00e9pez az aut\u00f3p\u00e1ly\u00e1n val\u00f3 halad\u00e1s, ez\u00e9rt az elektronika k\u00e9pes bekapcsolni a sebess\u00e9gv\u00e1lt\u00f3 kuplungj\u00e1t, amely lehet\u0151v\u00e9 teszi, hogy a motor egyetlen sebess\u00e9gfokozat\u00fa overdrive fokozaton kereszt\u00fcl hajtsa a kerekeket.<\/p>\n<p>Az Mk11 Civic sokkal eleg\u00e1nsabb megjelen\u00e9s\u0171 aut\u00f3, mint sok el\u0151dje, \u00e9s ez egy\u00e1ltal\u00e1n nem v\u00e9letlen. Tengelyt\u00e1vja 35 mm-rel hosszabb, mint az Mk10 Civic\u00e9,  de h\u00e1ts\u00f3 t\u00falny\u00fal\u00e1sa 20 mm-rel r\u00f6videbb, \u00e9s teljes magass\u00e1ga cs\u00f6kkent. Az A-oszlop alapja 50 mm-rel h\u00e1tr\u00e9bb, mint kor\u00e1bban, \u00e9s 25 mm-rel alacsonyabban van, \u00edgy teljesen megsz\u00fcnteti a Civic kor\u00e1bbi enyhe egyter\u0171 megjelen\u00e9s\u00e9t.<\/p>\n<p>A Honda azt \u00e1ll\u00edtja, hogy ez a Civic 19%-kal torzi\u00f3s merevs\u00e9g\u0171bb, mint a r\u00e9gi, \u00e9s olyan megold\u00e1sokat alkalmaz, mint a gyant\u00e1b\u00f3l k\u00e9sz\u00fclt csomagt\u00e9rajt\u00f3 \u00e9s az alum\u00ednium motorh\u00e1ztet\u0151 a s\u00falycs\u00f6kkent\u00e9s \u00e9rdek\u00e9ben. B\u00e1r hosszabb, mint az el\u0151z\u0151 aut\u00f3 (ami a bels\u0151 t\u00e9r jav\u00e1ra v\u00e1lik), nem sz\u00e9lesebb, ami azt jelenti, hogy k\u00f6nnyed\u00e9n elf\u00e9r az Egyes\u00fclt Kir\u00e1lys\u00e1g \u00fatjain.<\/p>\n","protected":false},"excerpt":{"rendered":"<p>A p\u00e1rt 20 ezer \u00faj id\u0151sotthoni f\u00e9r\u0151hely l\u00e9trehoz\u00e1s\u00e1t is tervezi, r\u00e9szben piaci, r\u00e9szben szoci\u00e1lis alapon. Az elk\u00e9pzel\u00e9sek szerint ehhez \u00e1llami&#8230; <span class=\"gridview-grid-post-read-more\"><a href=\"https:\/\/online-filmkatarzis.com\/kucko\/napiinfok\/?p=4302\">read more<span class=\"gridview-sr-only\"> Kisziv\u00e1rgott, Hogy Mi a Terve a Nyugd\u00edjasokkal Magyar P\u00e9ternek!<\/span><\/a><\/span><\/p>\n","protected":false},"author":1,"featured_media":4303,"comment_status":"open","ping_status":"open","sticky":false,"template":"","format":"standard","meta":{"footnotes":""},"categories":[1],"tags":[],"class_list":["post-4302","post","type-post","status-publish","format-standard","has-post-thumbnail","hentry","category-egyeb","wpcat-1-id"],"_links":{"self":[{"href":"https:\/\/online-filmkatarzis.com\/kucko\/napiinfok\/index.php?rest_route=\/wp\/v2\/posts\/4302","targetHints":{"allow":["GET"]}}],"collection":[{"href":"https:\/\/online-filmkatarzis.com\/kucko\/napiinfok\/index.php?rest_route=\/wp\/v2\/posts"}],"about":[{"href":"https:\/\/online-filmkatarzis.com\/kucko\/napiinfok\/index.php?rest_route=\/wp\/v2\/types\/post"}],"author":[{"embeddable":true,"href":"https:\/\/online-filmkatarzis.com\/kucko\/napiinfok\/index.php?rest_route=\/wp\/v2\/users\/1"}],"replies":[{"embeddable":true,"href":"https:\/\/online-filmkatarzis.com\/kucko\/napiinfok\/index.php?rest_route=%2Fwp%2Fv2%2Fcomments&post=4302"}],"version-history":[{"count":1,"href":"https:\/\/online-filmkatarzis.com\/kucko\/napiinfok\/index.php?rest_route=\/wp\/v2\/posts\/4302\/revisions"}],"predecessor-version":[{"id":4304,"href":"https:\/\/online-filmkatarzis.com\/kucko\/napiinfok\/index.php?rest_route=\/wp\/v2\/posts\/4302\/revisions\/4304"}],"wp:featuredmedia":[{"embeddable":true,"href":"https:\/\/online-filmkatarzis.com\/kucko\/napiinfok\/index.php?rest_route=\/wp\/v2\/media\/4303"}],"wp:attachment":[{"href":"https:\/\/online-filmkatarzis.com\/kucko\/napiinfok\/index.php?rest_route=%2Fwp%2Fv2%2Fmedia&parent=4302"}],"wp:term":[{"taxonomy":"category","embeddable":true,"href":"https:\/\/online-filmkatarzis.com\/kucko\/napiinfok\/index.php?rest_route=%2Fwp%2Fv2%2Fcategories&post=4302"},{"taxonomy":"post_tag","embeddable":true,"href":"https:\/\/online-filmkatarzis.com\/kucko\/napiinfok\/index.php?rest_route=%2Fwp%2Fv2%2Ftags&post=4302"}],"curies":[{"name":"wp","href":"https:\/\/api.w.org\/{rel}","templated":true}]}}