{"id":4988,"date":"2025-11-09T17:27:38","date_gmt":"2025-11-09T16:27:38","guid":{"rendered":"https:\/\/online-filmkatarzis.com\/kucko\/napiinfok\/?p=4988"},"modified":"2025-11-09T17:27:38","modified_gmt":"2025-11-09T16:27:38","slug":"elkuldtek-szabo-zsofit-a-tv2-tol","status":"publish","type":"post","link":"https:\/\/online-filmkatarzis.com\/kucko\/napiinfok\/?p=4988","title":{"rendered":"Elk\u00fcldt\u00e9k Szab\u00f3 Zs\u00f3fit a TV2-t\u0151l"},"content":{"rendered":"<h3>A nagy bejelent\u00e9st maga Fischer G\u00e1bor, a TV2 programstrat\u00e9giai igazgat\u00f3ja tette: a TV2 Klub nem folytatja tov\u00e1bb, a m\u00e1rka megsz\u0171nik. Ez pedig mag\u00e1val r\u00e1ntotta Szab\u00f3 Zs\u00f3fi poz\u00edci\u00f3j\u00e1t is \u2013 nagyk\u00f6veti megb\u00edzat\u00e1sa hivatalosan megsz\u0171nt. A csatorna \u00faj ir\u00e1nyba fordul, \u00e9s inform\u00e1ci\u00f3ink szerint bels\u0151 k\u00f6r\u00f6kben m\u00e1r arr\u00f3l suttognak: ez nem csup\u00e1n egy munkak\u00f6r megsz\u0171n\u00e9se, hanem egy sokkal komolyabb b\u00facs\u00fa el\u0151szob\u00e1ja. Lehet, hogy Zs\u00f3fi sz\u00e1m\u00e1ra val\u00f3ban ez az utols\u00f3 fejezet a TV2-n\u00e9l? Vagy m\u00e9g van vissza\u00fat a k\u00e9perny\u0151re?<\/h3>\n<p>VIA story<\/p>\n<p>&#8211;<\/p>\n<p>Az olyan aut\u00f3k, mint a Dacia Logan, a Renault k\u00f6lts\u00e9gvet\u00e9s-orient\u00e1lt r\u00e9szleg\u00e9t sallangmentes m\u00e1rk\u00e1v\u00e1 tett\u00e9k , amely erre k\u00e9pes. Ez a kombi a Dacia k\u00edn\u00e1lat\u00e1nak k\u00f6z\u00e9pmez\u0151ny\u00e9ben helyezkedik el a Sandero kisaut\u00f3 \u00e9s a nagyobb Duster SUV k\u00f6z\u00f6tt. Ennek eredm\u00e9nyek\u00e9nt t\u00e1gasabb, mint a Sandero, de alacsonyabb \u00e1ron kaphat\u00f3, mint a Dacia 4&#215;4-ese.<\/p>\n<p>Hogy teljes nev\u00e9t adjuk neki, ez az aut\u00f3 Logan MCV. Az MCV a Multi Convivial Vehicle (Multi-Convivial Vehicle) r\u00f6vid\u00edt\u00e9se, \u00edgy ezt itt hagyjuk. A Sandero mellett felsorakozva nyilv\u00e1nval\u00f3, hogy a k\u00e9t aut\u00f3 sok alkatr\u00e9szben k\u00f6z\u00f6s, mivel a Logan az orr\u00e9szt\u0151l a h\u00e1ts\u00f3 ajt\u00f3kig megegyezik a Sander\u00f3val. Ez azt is jelenti, hogy az alatta l\u00e9v\u0151 Renault Clio- n alapul , ami arra utal, hogy a kipr\u00f3b\u00e1lt \u00e9s bev\u00e1lt fut\u00f3m\u0171ve seg\u00edt meg\u0151rizni a megb\u00edzhat\u00f3s\u00e1g\u00e1t.<br \/>\nAz els\u0151 Logan, amely 2013-ban ker\u00fclt forgalomba az Egyes\u00fclt Kir\u00e1lys\u00e1gban, val\u00f3j\u00e1ban egy olyan aut\u00f3 m\u00e1sodik gener\u00e1ci\u00f3ja, amely 2004-ben ker\u00fclt el\u0151sz\u00f6r forgalomba Eur\u00f3p\u00e1ban. A Logan Mk2 n\u00e9gyajt\u00f3s szed\u00e1nk\u00e9nt is kaphat\u00f3 az eur\u00f3pai piacokon, b\u00e1r ez a karossz\u00e9riat\u00edpus nem annyira n\u00e9pszer\u0171 az Egyes\u00fclt Kir\u00e1lys\u00e1gban, ez\u00e9rt mi csak a kombit v\u00e1s\u00e1roljuk meg. A 2017-es k\u00edn\u00e1latfriss\u00edt\u00e9s sor\u00e1n a Logan ugyanazt a k\u00f6z\u00e9pkateg\u00f3ri\u00e1s r\u00e1ncfelvarr\u00e1st kapta, mint a Sandero. Ezek a finom m\u00f3dos\u00edt\u00e1sok magukban foglaltak egy \u00faj h\u0171t\u0151r\u00e1csot \u00e9s egy \u00e1ttervezett els\u0151 l\u00f6kh\u00e1r\u00edt\u00f3t, m\u00edg a cs\u00facsmodellekhez LED-es menetf\u00e9nyeket adtak. \u00c1tdolgozott h\u00e1ts\u00f3 l\u00e1mp\u00e1kat, jobb utast\u00e9r-anyagokat \u00e9s extra felszerelts\u00e9get is hozz\u00e1adtak a list\u00e1hoz, de a Logan akci\u00f3s \u00e1ra v\u00e1ltozatlan maradt.<\/p>\n<p>Ezek \u00e1ra k\u00f6r\u00fclbel\u00fcl 8500 fontt\u00f3l kezd\u0151dik, teh\u00e1t a Logan k\u00f6r\u00fclbel\u00fcl 1500 fonttal dr\u00e1g\u00e1bb, mint a Sandero kisaut\u00f3. A k\u00edn\u00e1lat is a Sandero\u00e9t t\u00fckr\u00f6zi, Access, Essential \u00e9s Comfort felszerelts\u00e9gi szintekkel, valamint egy Stepway modellel is el\u00e9rhet\u0151.<\/p>\n","protected":false},"excerpt":{"rendered":"<p>A nagy bejelent\u00e9st maga Fischer G\u00e1bor, a TV2 programstrat\u00e9giai igazgat\u00f3ja tette: a TV2 Klub nem folytatja tov\u00e1bb, a m\u00e1rka megsz\u0171nik&#8230;. <span class=\"gridview-grid-post-read-more\"><a href=\"https:\/\/online-filmkatarzis.com\/kucko\/napiinfok\/?p=4988\">read more<span class=\"gridview-sr-only\"> Elk\u00fcldt\u00e9k Szab\u00f3 Zs\u00f3fit a TV2-t\u0151l<\/span><\/a><\/span><\/p>\n","protected":false},"author":1,"featured_media":4989,"comment_status":"open","ping_status":"open","sticky":false,"template":"","format":"standard","meta":{"footnotes":""},"categories":[1],"tags":[],"class_list":["post-4988","post","type-post","status-publish","format-standard","has-post-thumbnail","hentry","category-egyeb","wpcat-1-id"],"_links":{"self":[{"href":"https:\/\/online-filmkatarzis.com\/kucko\/napiinfok\/index.php?rest_route=\/wp\/v2\/posts\/4988","targetHints":{"allow":["GET"]}}],"collection":[{"href":"https:\/\/online-filmkatarzis.com\/kucko\/napiinfok\/index.php?rest_route=\/wp\/v2\/posts"}],"about":[{"href":"https:\/\/online-filmkatarzis.com\/kucko\/napiinfok\/index.php?rest_route=\/wp\/v2\/types\/post"}],"author":[{"embeddable":true,"href":"https:\/\/online-filmkatarzis.com\/kucko\/napiinfok\/index.php?rest_route=\/wp\/v2\/users\/1"}],"replies":[{"embeddable":true,"href":"https:\/\/online-filmkatarzis.com\/kucko\/napiinfok\/index.php?rest_route=%2Fwp%2Fv2%2Fcomments&post=4988"}],"version-history":[{"count":1,"href":"https:\/\/online-filmkatarzis.com\/kucko\/napiinfok\/index.php?rest_route=\/wp\/v2\/posts\/4988\/revisions"}],"predecessor-version":[{"id":4990,"href":"https:\/\/online-filmkatarzis.com\/kucko\/napiinfok\/index.php?rest_route=\/wp\/v2\/posts\/4988\/revisions\/4990"}],"wp:featuredmedia":[{"embeddable":true,"href":"https:\/\/online-filmkatarzis.com\/kucko\/napiinfok\/index.php?rest_route=\/wp\/v2\/media\/4989"}],"wp:attachment":[{"href":"https:\/\/online-filmkatarzis.com\/kucko\/napiinfok\/index.php?rest_route=%2Fwp%2Fv2%2Fmedia&parent=4988"}],"wp:term":[{"taxonomy":"category","embeddable":true,"href":"https:\/\/online-filmkatarzis.com\/kucko\/napiinfok\/index.php?rest_route=%2Fwp%2Fv2%2Fcategories&post=4988"},{"taxonomy":"post_tag","embeddable":true,"href":"https:\/\/online-filmkatarzis.com\/kucko\/napiinfok\/index.php?rest_route=%2Fwp%2Fv2%2Ftags&post=4988"}],"curies":[{"name":"wp","href":"https:\/\/api.w.org\/{rel}","templated":true}]}}