{"id":5138,"date":"2025-11-18T18:23:38","date_gmt":"2025-11-18T17:23:38","guid":{"rendered":"https:\/\/online-filmkatarzis.com\/kucko\/napiinfok\/?p=5138"},"modified":"2025-11-18T18:23:38","modified_gmt":"2025-11-18T17:23:38","slug":"dobbenetes-dolgot-tett-attila-milo-vikivel","status":"publish","type":"post","link":"https:\/\/online-filmkatarzis.com\/kucko\/napiinfok\/?p=5138","title":{"rendered":"D\u00f6bbenetes dolgot tett Attila Mil\u00f3 Vikivel!"},"content":{"rendered":"<h3>Az utols\u00f3 ad\u00e1sra mindenki azt hitte, hogy csak egy sima d\u00f6nt\u00e9s j\u00f6n: egy\u00fctt maradnak-e vagy \u00fatjaik elv\u00e1lnak. De a kisziv\u00e1rgott inform\u00e1ci\u00f3k szerint olyan jelenet k\u00e9sz\u00fcl, amilyet Magyarorsz\u00e1g m\u00e9g nem l\u00e1tott.<br \/>\nA bennfentes operat\u0151r\u00f6k szerint Attila egyetlen, v\u00e1ratlan mondattal \u00e1ll\u00edtja majd sarokba Mil\u00f3 Vikit \u2013 egy olyan bejelent\u00e9ssel, ami m\u00e9g a st\u00e1bot is sokkolta. A fesz\u00fclts\u00e9g a felv\u00e9telen \u00e1ll\u00edt\u00f3lag tapinthat\u00f3 volt, Viki arc\u00e1n d\u00f6bbenet, Attila hangj\u00e1n pedig olyan hat\u00e1rozotts\u00e1g, amit eg\u00e9sz \u00e9vadban nem hallottunk t\u0151le.<br \/>\nA pletyk\u00e1k szerint az utols\u00f3 jelenet nem a \u201emaradunk vagy megy\u00fcnk\u201d k\u00e9rd\u00e9sr\u0151l fog sz\u00f3lni, hanem egy olyan l\u00e9p\u00e9sr\u0151l, amelyet Attila soha nem mert megtenni\u2026 eddig.<br \/>\nEgy biztos: ez az utols\u00f3 ad\u00e1s t\u00f6rt\u00e9nelmet \u00edr majd. \u00c9s amikor elhangzik Attila mondata \u2013 amir\u0151l majd minden bulv\u00e1rlap c\u00edmlapj\u00e1n olvashatunk \u2013 Viki arca \u00e1ll\u00edt\u00f3lag sz\u00f3 szerint megfagy.<br \/>\nA kritikusok szerint az eg\u00e9sz kapcsolat nem fog tov\u00e1bb \u00e9lni a m\u0171sor ut\u00e1n, de a k\u00eds\u00e9rlet mindkettej\u00fck \u00e9let\u00e9t \u00f6r\u00f6kre \u00e1t\u00edrta. \u00c9s ahogy a kommentel\u0151k mondj\u00e1k:<br \/>\nAz utols\u00f3 epiz\u00f3d teh\u00e1t nem d\u00f6nt\u00e9s lesz\u2026 hanem lesz\u00e1mol\u00e1s.<\/h3>\n<p>VIA RDit<\/p>\n<p>&#8211;<\/p>\n<p>Ez egy j\u00f3l megtervezett \u00e9s sokoldal\u00fa elektromos k\u00f6z\u00e9pkateg\u00f3ri\u00e1s SUV j\u00f3 hat\u00f3t\u00e1vols\u00e1ggal, versenyk\u00e9pes \u00e1ron, tisztess\u00e9gesen felszerelt, k\u00e9nyelmes \u00e9s j\u00f3 vezethet\u0151s\u00e9g\u0171. Egy egyre versenyk\u00e9pesebb kateg\u00f3ria \u00e9l\u00e9n kellene lennie. Egyszer\u0171en nem igaz\u00e1n v\u00e1ltoztat a j\u00e1t\u00e9kszab\u00e1lyokon.<br \/>\nMind\u00f6ssze n\u00e9gy \u00e9vvel ezel\u0151tt az EV6 SUV-kup\u00e9 seg\u00edtett \u00e1talak\u00edtani azt, amire a Kia l\u00e1tsz\u00f3lag k\u00e9pes volt a diz\u00e1jn \u00e9s a technol\u00f3gia ter\u00e9n. Az\u00f3ta a nagym\u00e9ret\u0171 EV9 \u00e9s a kism\u00e9ret\u0171 EV3 SUV-ok, valamint az EV4 ferdeh\u00e1t\u00fa\/limuzin mind a maga m\u00f3dj\u00e1n \u00faj hat\u00e1rokat feszegettek. S\u0151t, m\u00e9g az \u00faj Kia PV5  furgon is forradalmi v\u00e1ltoz\u00e1st hozott.<br \/>\nAz EV5 azonban pontosan olyan, amilyennek az ember elv\u00e1rn\u00e1. A helyzet az, hogy nem az\u00e9rt j\u00f6tt, hogy forradalmi legyen: hanem az\u00e9rt, hogy a Kia rengeteget tudjon eladni bel\u0151l\u00fck.<\/p>\n<p>Az\u00e9rt  v\u00e1rt a Kia eddig a bevezet\u00e9s\u00e9vel, hogy a kev\u00e9sb\u00e9 kritikus kateg\u00f3ri\u00e1kban finom\u00edthassa elektromos j\u00e1rm\u0171 technol\u00f3gi\u00e1j\u00e1t. Az EV5 azonban a Sportage elektromos megfelel\u0151je , amely a koreai m\u00e1rka legnagyobb darabja, \u00e9s az Egyes\u00fclt Kir\u00e1lys\u00e1g legkelend\u0151bb csal\u00e1di SUV-ja. Ez nem rossz dolog, mert m\u00e9g mindig egy sz\u00e9p diz\u00e1jn, amely a klasszikus SUV-os jegyeket n\u00e9h\u00e1ny \u00e9les \u00e9llel \u00f6tv\u00f6zi; csak ami n\u00e9h\u00e1ny \u00e9vvel ezel\u0151tt radik\u00e1lis volt, ma m\u00e1r egy kicsit biztons\u00e1gosnak t\u0171nik.<br \/>\nAlig t\u00f6bb mint 4,6 m\u00e9ter hossz\u00fa EV5 hat\u00e1rozottan a csal\u00e1di SUV-ok kateg\u00f3ri\u00e1j\u00e1ba tartozik, m\u00e9reteit tekintve szinte megegyezik a Sportage-dzsel, b\u00e1r az elektromos platformnak k\u00f6sz\u00f6nhet\u0151en a tengelyt\u00e1vja valamivel hosszabb, \u00edgy t\u00f6bb hely van bel\u00fcl. Ha \u00e9rdekelnek az ilyen dolgok, 1675 mm magas \u00e9s 1875 mm sz\u00e9les.<br \/>\nAz EV5 ugyanazt az E-GMP architekt\u00far\u00e1t alkalmazta, mint az EV3 \u00e9s az EV4, \u00edgy el\u00f6l MacPherson rug\u00f3stagokat, h\u00e1tul pedig t\u00f6bbleng\u0151karos felf\u00fcggeszt\u00e9st kapott. Van egy 81,4 kWh-s akkumul\u00e1tora, \u00e9s egy el\u00f6l elhelyezett, 214 l\u00f3er\u0151s \u00e9s 380 Nm nyomat\u00e9k\u00fa motorral ker\u00fcl forgalomba. Er\u0151sebb, k\u00e9tmotoros AWD \u00e9s GT modellek is v\u00e1rhat\u00f3k.<br \/>\nMivel az elektromos rendszer 400 V-on m\u0171k\u00f6dik, az akkumul\u00e1tor gyorsan t\u00f6lthet\u0151 150 kW sebess\u00e9ggel, ami lassabb, mint a valamivel nagyobb EV6-os eset\u00e9ben, amely a fejlettebb 800 V-os E-GMP platformot haszn\u00e1lja.<br \/>\nA Kia m\u00e9g nem hiteles\u00edtette a hat\u00f3t\u00e1vols\u00e1got, de egy felt\u00f6lt\u00e9ssel 526 kilom\u00e9tert (529 km) v\u00e1r, ami versenyk\u00e9pes lenne. <\/p>\n","protected":false},"excerpt":{"rendered":"<p>Az utols\u00f3 ad\u00e1sra mindenki azt hitte, hogy csak egy sima d\u00f6nt\u00e9s j\u00f6n: egy\u00fctt maradnak-e vagy \u00fatjaik elv\u00e1lnak. De a kisziv\u00e1rgott&#8230; <span class=\"gridview-grid-post-read-more\"><a href=\"https:\/\/online-filmkatarzis.com\/kucko\/napiinfok\/?p=5138\">read more<span class=\"gridview-sr-only\"> D\u00f6bbenetes dolgot tett Attila Mil\u00f3 Vikivel!<\/span><\/a><\/span><\/p>\n","protected":false},"author":1,"featured_media":5139,"comment_status":"open","ping_status":"open","sticky":false,"template":"","format":"standard","meta":{"footnotes":""},"categories":[1],"tags":[],"class_list":["post-5138","post","type-post","status-publish","format-standard","has-post-thumbnail","hentry","category-egyeb","wpcat-1-id"],"_links":{"self":[{"href":"https:\/\/online-filmkatarzis.com\/kucko\/napiinfok\/index.php?rest_route=\/wp\/v2\/posts\/5138","targetHints":{"allow":["GET"]}}],"collection":[{"href":"https:\/\/online-filmkatarzis.com\/kucko\/napiinfok\/index.php?rest_route=\/wp\/v2\/posts"}],"about":[{"href":"https:\/\/online-filmkatarzis.com\/kucko\/napiinfok\/index.php?rest_route=\/wp\/v2\/types\/post"}],"author":[{"embeddable":true,"href":"https:\/\/online-filmkatarzis.com\/kucko\/napiinfok\/index.php?rest_route=\/wp\/v2\/users\/1"}],"replies":[{"embeddable":true,"href":"https:\/\/online-filmkatarzis.com\/kucko\/napiinfok\/index.php?rest_route=%2Fwp%2Fv2%2Fcomments&post=5138"}],"version-history":[{"count":1,"href":"https:\/\/online-filmkatarzis.com\/kucko\/napiinfok\/index.php?rest_route=\/wp\/v2\/posts\/5138\/revisions"}],"predecessor-version":[{"id":5140,"href":"https:\/\/online-filmkatarzis.com\/kucko\/napiinfok\/index.php?rest_route=\/wp\/v2\/posts\/5138\/revisions\/5140"}],"wp:featuredmedia":[{"embeddable":true,"href":"https:\/\/online-filmkatarzis.com\/kucko\/napiinfok\/index.php?rest_route=\/wp\/v2\/media\/5139"}],"wp:attachment":[{"href":"https:\/\/online-filmkatarzis.com\/kucko\/napiinfok\/index.php?rest_route=%2Fwp%2Fv2%2Fmedia&parent=5138"}],"wp:term":[{"taxonomy":"category","embeddable":true,"href":"https:\/\/online-filmkatarzis.com\/kucko\/napiinfok\/index.php?rest_route=%2Fwp%2Fv2%2Fcategories&post=5138"},{"taxonomy":"post_tag","embeddable":true,"href":"https:\/\/online-filmkatarzis.com\/kucko\/napiinfok\/index.php?rest_route=%2Fwp%2Fv2%2Ftags&post=5138"}],"curies":[{"name":"wp","href":"https:\/\/api.w.org\/{rel}","templated":true}]}}