{"id":5151,"date":"2025-11-19T15:33:49","date_gmt":"2025-11-19T14:33:49","guid":{"rendered":"https:\/\/online-filmkatarzis.com\/kucko\/napiinfok\/?p=5151"},"modified":"2025-11-19T15:33:49","modified_gmt":"2025-11-19T14:33:49","slug":"herceg-erika-kirugta-adam-attilat","status":"publish","type":"post","link":"https:\/\/online-filmkatarzis.com\/kucko\/napiinfok\/?p=5151","title":{"rendered":"Herceg Erika kir\u00fagta \u00c1d\u00e1m Attil\u00e1t!"},"content":{"rendered":"<h3>A k\u00e9rd\u00e9s napok \u00f3ta izz\u00edtja az internetet: vajon meddig marad egy\u00fctt a viharos kett\u0151s?<br \/>\nA j\u00e1r\u00f3kel\u0151k szerint Erika olyan kem\u00e9nyen odasz\u00f3lt Attil\u00e1nak, hogy az \u201emintha szak\u00edt\u00e1s lett volna\u201d. M\u00e1sok azt \u00e1ll\u00edtj\u00e1k, a mester el\u00e9g er\u00e9lyesen tette helyre a fi\u00fat ahhoz, hogy b\u00e1rki azt higgye: Erika v\u00e9g\u00fcl elk\u00fcldte \u0151t.<br \/>\nA val\u00f3s\u00e1g viszont enn\u00e9l csavarosabb: b\u00e1r a jelenet val\u00f3ban s0kk0l\u00f3 volt, a \u201ekir\u00fag\u00e1s\u201d m\u00e9g egyenl\u0151re nem v\u00e9gleges!<\/h3>\n<p>VIA ripost<\/p>\n<p>&#8211;<\/p>\n<p>Amit kapunk, az apr\u00f3bb k\u00fcls\u0151 st\u00edlusbeli v\u00e1ltoztat\u00e1sok, az EU-kompatibilis LED-es nappali menetf\u00e9nyek \u00e9s az \u00e1tdolgozott 2,0 literes dCi motor, amely mostant\u00f3l 148 \u00e9s 173 l\u00f3er\u0151s v\u00e1ltozatban is el\u00e9rhet\u0151 , mindkett\u0151 jobb gazdas\u00e1goss\u00e1gi \u00e9s emisszi\u00f3s adatokkal: 170 g\/km \u00e9s 43,5 mpg vegyes fogyaszt\u00e1s a 148 l\u00f3er\u0151s, csak manu\u00e1lis sebess\u00e9gv\u00e1lt\u00f3s v\u00e1ltozatn\u00e1l, valamint 189 g\/km \u00e9s 39,2 mpg a 173 l\u00f3er\u0151s hatfokozat\u00fa automata v\u00e1lt\u00f3val a tesztek sor\u00e1n. A TomTom integr\u00e1lt \u00e9l\u0151 friss\u00edt\u00e9s\u0171 m\u0171holdas navig\u00e1ci\u00f3ja mostant\u00f3l alapfelszerelts\u00e9g a teljes modellcsal\u00e1dban. \u00c1ltal\u00e1noss\u00e1gban elmondhat\u00f3, hogy minden olyan, mint r\u00e9gen volt. Minden, ami eddig a Grand Espace-ben j\u00f3 szolg\u00e1latot tett, megmaradt , \u00edgy k\u00e9nyelmes vezet\u00e9si poz\u00edci\u00f3t, vil\u00e1gos, t\u00e1gas utasteret \u00e9s \u00f6t h\u00e1ts\u00f3 utas sz\u00e1m\u00e1ra elegend\u0151 helyet kap, az egyenk\u00e9nt cs\u00fasztathat\u00f3, d\u00f6nthet\u0151 \u00e9s \u00f6sszecsukhat\u00f3 k\u00f6z\u00e9ps\u0151 \u00e9s h\u00e1ts\u00f3 \u00fcl\u00e9ssorral, amelyek teljesen kivehet\u0151k is a plusz csomagt\u00e9r \u00e9s rakt\u00e9r \u00e9rdek\u00e9ben.<\/p>\n<p>A gyerekek h\u00e1tul k\u00e9nyelmesen elf\u00e9rnek, de ne feledj\u00fck, hogy a viszonylag magas padl\u00f3 miatt a feln\u0151tt utasok, m\u00e9g a k\u00f6z\u00e9ps\u0151 sorban sem, biztosan nem f\u00e9rnek el olyan j\u00f3l.<br \/>\nDe az Espace innovat\u00edv st\u00edlus\u00fa minimalista m\u0171szerfala , a nyugodt, lend\u00fcletes rug\u00f3z\u00e1sa \u00e9s az egyed\u00fcl\u00e1ll\u00f3an kellemes bels\u0151 hangulat az, ami megk\u00fcl\u00f6nb\u00f6zteti az aut\u00f3t. Csak n\u00e9h\u00e1ny tompa csattan\u00e1s hallatszik az utast\u00e9rben, m\u00edg az \u00fatzaj minim\u00e1lis, kiv\u00e9ve a legdurv\u00e1bb \u00fatfel\u00fcleteken. Egy hivatalos aut\u00f3p\u00e1lya-\u00e1thalad\u00e1s felett elkanyarodva n\u00e9mi sz\u00e9lzaj hallatszik az osztott A-oszlopok k\u00f6r\u00fcl, de ezen k\u00edv\u00fcl kifinomult az utaz\u00e1s. A dCi motor is kifinomult. Kavicsos hangja hallhat\u00f3, de nem tolakod\u00f3, m\u00edg 173 l\u00f3er\u0151s form\u00e1j\u00e1ban b\u0151ven el\u00e9g er\u0151s ahhoz, hogy elmozd\u00edtsa az aut\u00f3 jelent\u0151s t\u00f6meg\u00e9t. A fogyaszt\u00e1s azonban nem a legjobb, \u00e9s a hivatalos adatok ellen\u00e9re is nehezen tudtuk el\u00e9rni a 30 mpg \u00e1tlagot.<\/p>\n","protected":false},"excerpt":{"rendered":"<p>A k\u00e9rd\u00e9s napok \u00f3ta izz\u00edtja az internetet: vajon meddig marad egy\u00fctt a viharos kett\u0151s? A j\u00e1r\u00f3kel\u0151k szerint Erika olyan kem\u00e9nyen&#8230; <span class=\"gridview-grid-post-read-more\"><a href=\"https:\/\/online-filmkatarzis.com\/kucko\/napiinfok\/?p=5151\">read more<span class=\"gridview-sr-only\"> Herceg Erika kir\u00fagta \u00c1d\u00e1m Attil\u00e1t!<\/span><\/a><\/span><\/p>\n","protected":false},"author":1,"featured_media":5152,"comment_status":"open","ping_status":"open","sticky":false,"template":"","format":"standard","meta":{"footnotes":""},"categories":[1],"tags":[],"class_list":["post-5151","post","type-post","status-publish","format-standard","has-post-thumbnail","hentry","category-egyeb","wpcat-1-id"],"_links":{"self":[{"href":"https:\/\/online-filmkatarzis.com\/kucko\/napiinfok\/index.php?rest_route=\/wp\/v2\/posts\/5151","targetHints":{"allow":["GET"]}}],"collection":[{"href":"https:\/\/online-filmkatarzis.com\/kucko\/napiinfok\/index.php?rest_route=\/wp\/v2\/posts"}],"about":[{"href":"https:\/\/online-filmkatarzis.com\/kucko\/napiinfok\/index.php?rest_route=\/wp\/v2\/types\/post"}],"author":[{"embeddable":true,"href":"https:\/\/online-filmkatarzis.com\/kucko\/napiinfok\/index.php?rest_route=\/wp\/v2\/users\/1"}],"replies":[{"embeddable":true,"href":"https:\/\/online-filmkatarzis.com\/kucko\/napiinfok\/index.php?rest_route=%2Fwp%2Fv2%2Fcomments&post=5151"}],"version-history":[{"count":1,"href":"https:\/\/online-filmkatarzis.com\/kucko\/napiinfok\/index.php?rest_route=\/wp\/v2\/posts\/5151\/revisions"}],"predecessor-version":[{"id":5153,"href":"https:\/\/online-filmkatarzis.com\/kucko\/napiinfok\/index.php?rest_route=\/wp\/v2\/posts\/5151\/revisions\/5153"}],"wp:featuredmedia":[{"embeddable":true,"href":"https:\/\/online-filmkatarzis.com\/kucko\/napiinfok\/index.php?rest_route=\/wp\/v2\/media\/5152"}],"wp:attachment":[{"href":"https:\/\/online-filmkatarzis.com\/kucko\/napiinfok\/index.php?rest_route=%2Fwp%2Fv2%2Fmedia&parent=5151"}],"wp:term":[{"taxonomy":"category","embeddable":true,"href":"https:\/\/online-filmkatarzis.com\/kucko\/napiinfok\/index.php?rest_route=%2Fwp%2Fv2%2Fcategories&post=5151"},{"taxonomy":"post_tag","embeddable":true,"href":"https:\/\/online-filmkatarzis.com\/kucko\/napiinfok\/index.php?rest_route=%2Fwp%2Fv2%2Ftags&post=5151"}],"curies":[{"name":"wp","href":"https:\/\/api.w.org\/{rel}","templated":true}]}}