{"id":5157,"date":"2025-11-19T16:30:03","date_gmt":"2025-11-19T15:30:03","guid":{"rendered":"https:\/\/online-filmkatarzis.com\/kucko\/napiinfok\/?p=5157"},"modified":"2026-01-24T20:59:35","modified_gmt":"2026-01-24T19:59:35","slug":"miatta-valik-lekai-kiss-ramona","status":"publish","type":"post","link":"https:\/\/online-filmkatarzis.com\/kucko\/napiinfok\/?p=5157","title":{"rendered":"Miatta v\u00e1lik L\u00e9kai Kiss Ram\u00f3na"},"content":{"rendered":"<h3>A robban\u00e1shoz pedig \u00e1ll\u00edt\u00f3lag Farkas Bence k\u00f6ze van. A st\u00e1btag \u00e9rkez\u00e9s\u00e9vel minden megv\u00e1ltozott: Ram\u00f3na t\u00f6bb id\u0151t t\u00f6lt\u00f6tt vele forgat\u00e1sokon, pr\u00f3b\u00e1kon, megbesz\u00e9l\u00e9seken, mint otthon. A pletyk\u00e1k szerint M\u00e1t\u00e9 nem egyszer jelezte: zavarja a helyzet. A m\u0171sorvezet\u0151 azonban azt mondta: \u201eEzt most el kell engedni\u2026 mindent.\u201d A k\u00e9rd\u00e9s m\u00e1r csak az, hogy a kapcsolatuk val\u00f3ban vesz\u00e9lyben van-e Bence miatt, vagy csak a bulv\u00e1r dagasztotta t\u00fal a t\u00f6rt\u00e9netet. Egy biztos: a rajong\u00f3k m\u00e1r k\u00e9sz t\u00e9nyk\u00e9nt kezelik, hogy Ram\u00f3na h\u00e1zass\u00e1g\u00e1nak v\u00e1ls\u00e1g\u00e1ban nem a zoknik, hanem BENCE lehet a val\u00f3di t\u00f6r\u00e9spont. AZ\u00c9RT REM\u00c9LJ\u00dcK, CSAK PLETYKA!<\/h3>\n<p>VIA RDit<\/p>\n<p>&#8211;<\/p>\n<p>Az Alfa Romeo m\u00e1ra meglehet\u0151sen \u00f6reg 159-ese , amelynek v\u00e9grehajt\u00e1s\u00e1t \u00e9ppen most f\u00fcggesztett\u00e9k fel. Ut\u00f3dja, az Alfa Romeo Giulia , 2016-ig halasztott\u00e1k; visszak\u00fcldt\u00e9k a tervez\u0151asztalhoz egy st\u00edlus-\u00fajragondol\u00e1sra, vagy legal\u00e1bbis ezt tartj\u00e1k a pletyk\u00e1knak.<br \/>\n\u00c9s ezzel, a 2011-es modell\u00e9v\u0171 159-essel, az Alfa m\u00e9g egy utols\u00f3 csap\u00e1st m\u00e9rt a brit flottapiacra, miel\u0151tt meg\u00e9rkezik a Giulia . Ez a 159-es az \u00e9vfordul\u00f3 \u00f3ta kaphat\u00f3 168 l\u00f3er\u0151s turb\u00f3d\u00edzel form\u00e1ban, de csak most \u00e9rkeznek meg Nagy-Britanni\u00e1ba az alacsonyabb k\u00e1rosanyag-kibocs\u00e1t\u00e1s\u00fa 134 l\u00f3er\u0151s 2,0 literes olaj\u00fczem\u0171 modellek, amelyek 19%-os term\u00e9szetbeni juttat\u00e1si c\u00e9gaut\u00f3-ad\u00f3t, a VED E s\u00e1vba pedig 115 fontos \u00fatad\u00f3-kedvezm\u00e9nyt tartalmaznak.<br \/>\nB\u00e1r az Alfa ragaszkodik ahhoz, hogy az aut\u00f3 turb\u00f3d\u00edzel motorja a legmodernebb, zajos.<br \/>\nMatt Saunders<br \/>\nK\u00f6z\u00fati teszt szerkeszt\u0151<br \/>\nA Honda Accord , a Mazda6 , a Seat Exeo , a Skoda Superb \u00e9s a Volvo S60 legtiszt\u00e1bb d\u00edzelv\u00e1ltozata nem felel meg az egyik vagy a m\u00e1sik besorol\u00e1snak, n\u00e9melyik pedig mindkett\u0151nek. B\u00e1r \u00e9lettartama sor\u00e1n sz\u00e1mos benzin- \u00e9s d\u00edzelmotor k\u00f6z\u00fcl v\u00e1laszthattak az aut\u00f3sok, bele\u00e9rtve a cs\u00facsmodell 3,2 literes V6-os er\u0151forr\u00e1st is .<\/p>\n<p>A 159-es m\u00e9g most is figyelemre m\u00e9lt\u00f3an frissnek \u00e9s vonz\u00f3nak t\u0171nik . A bels\u0151 t\u00e9r m\u00e1r nem annyira meggy\u0151z\u0151, annak ellen\u00e9re, hogy \u00faj b\u0151rk\u00e1rpitoz\u00e1st \u00e9s \u201efekete alum\u00ednium\u201d m\u0171szerfalbet\u00e9teket adtak hozz\u00e1, amelyek \u00e9ppoly vonz\u00f3ak, mint amennyire szokatlanok.<br \/>\nA 159-es vezet\u0151\u00fcl\u00e9se magasnak \u00e9rz\u0151dik , az \u00fcl\u00e9sek kiss\u00e9 keskenyek \u00e9s nem t\u00fal d\u0151ltek. Az anyagmin\u0151s\u00e9g is kiss\u00e9 gyenge: a tesztaut\u00f3nkban t\u00fal sok volt a durva, v\u00e9kony \u00e9s \u00e9les m\u0171anyag ahhoz, hogy az Alfa min\u0151s\u00e9gi embereinek sok elismer\u00e9st szerezzen.<\/p>\n","protected":false},"excerpt":{"rendered":"<p>A robban\u00e1shoz pedig \u00e1ll\u00edt\u00f3lag Farkas Bence k\u00f6ze van. A st\u00e1btag \u00e9rkez\u00e9s\u00e9vel minden megv\u00e1ltozott: Ram\u00f3na t\u00f6bb id\u0151t t\u00f6lt\u00f6tt vele forgat\u00e1sokon, pr\u00f3b\u00e1kon,&#8230; <span class=\"gridview-grid-post-read-more\"><a href=\"https:\/\/online-filmkatarzis.com\/kucko\/napiinfok\/?p=5157\">read more<span class=\"gridview-sr-only\"> Miatta v\u00e1lik L\u00e9kai Kiss Ram\u00f3na<\/span><\/a><\/span><\/p>\n","protected":false},"author":1,"featured_media":5158,"comment_status":"open","ping_status":"open","sticky":false,"template":"","format":"standard","meta":{"footnotes":""},"categories":[1],"tags":[],"class_list":["post-5157","post","type-post","status-publish","format-standard","has-post-thumbnail","hentry","category-egyeb","wpcat-1-id"],"_links":{"self":[{"href":"https:\/\/online-filmkatarzis.com\/kucko\/napiinfok\/index.php?rest_route=\/wp\/v2\/posts\/5157","targetHints":{"allow":["GET"]}}],"collection":[{"href":"https:\/\/online-filmkatarzis.com\/kucko\/napiinfok\/index.php?rest_route=\/wp\/v2\/posts"}],"about":[{"href":"https:\/\/online-filmkatarzis.com\/kucko\/napiinfok\/index.php?rest_route=\/wp\/v2\/types\/post"}],"author":[{"embeddable":true,"href":"https:\/\/online-filmkatarzis.com\/kucko\/napiinfok\/index.php?rest_route=\/wp\/v2\/users\/1"}],"replies":[{"embeddable":true,"href":"https:\/\/online-filmkatarzis.com\/kucko\/napiinfok\/index.php?rest_route=%2Fwp%2Fv2%2Fcomments&post=5157"}],"version-history":[{"count":3,"href":"https:\/\/online-filmkatarzis.com\/kucko\/napiinfok\/index.php?rest_route=\/wp\/v2\/posts\/5157\/revisions"}],"predecessor-version":[{"id":6193,"href":"https:\/\/online-filmkatarzis.com\/kucko\/napiinfok\/index.php?rest_route=\/wp\/v2\/posts\/5157\/revisions\/6193"}],"wp:featuredmedia":[{"embeddable":true,"href":"https:\/\/online-filmkatarzis.com\/kucko\/napiinfok\/index.php?rest_route=\/wp\/v2\/media\/5158"}],"wp:attachment":[{"href":"https:\/\/online-filmkatarzis.com\/kucko\/napiinfok\/index.php?rest_route=%2Fwp%2Fv2%2Fmedia&parent=5157"}],"wp:term":[{"taxonomy":"category","embeddable":true,"href":"https:\/\/online-filmkatarzis.com\/kucko\/napiinfok\/index.php?rest_route=%2Fwp%2Fv2%2Fcategories&post=5157"},{"taxonomy":"post_tag","embeddable":true,"href":"https:\/\/online-filmkatarzis.com\/kucko\/napiinfok\/index.php?rest_route=%2Fwp%2Fv2%2Ftags&post=5157"}],"curies":[{"name":"wp","href":"https:\/\/api.w.org\/{rel}","templated":true}]}}