{"id":6050,"date":"2026-01-15T16:48:28","date_gmt":"2026-01-15T15:48:28","guid":{"rendered":"https:\/\/online-filmkatarzis.com\/kucko\/napiinfok\/?p=6050"},"modified":"2026-01-15T16:48:28","modified_gmt":"2026-01-15T15:48:28","slug":"elkepeszto-fotok-kerultek-elo-dudas-miki-halalarol","status":"publish","type":"post","link":"https:\/\/online-filmkatarzis.com\/kucko\/napiinfok\/?p=6050","title":{"rendered":"Elk\u00e9peszt\u0151 fot\u00f3k ker\u00fcltek el\u0151 Dud\u00e1s Miki hal\u00e1l\u00e1r\u00f3l!"},"content":{"rendered":"<h3>\u00c9s itt j\u00f6tt az igazi s0kk. Az interneten sorra bukkantak fel az \u00e1ll\u00edt\u00f3lagos \u201eexkluz\u00edv fot\u00f3k\u201d Dud\u00e1s Miki hal\u00e1\/l\/\u00e1r\u00f3l. Felforgatott lak\u00e1s, v\u00e9\/es jelenetek, kikock\u00e1zott fejs\u00e9r\u00fc\/\u00e9sek, s\u0151t, m\u00e9g biztons\u00e1gi kamera felv\u00e9telnek l\u00e1tsz\u00f3 k\u00e9pek is terjednek, amelyek azt sugallj\u00e1k, rekonstru\u00e1lhat\u00f3 a v\u00e9gzetes nap minden pillanata. Csakhogy mindez hazugs\u00e1g. Ezek a fot\u00f3k mesters\u00e9ges intelligenci\u00e1val k\u00e9sz\u00fcltek, semmi k\u00f6z\u00fck a val\u00f3s\u00e1ghoz. Mik\u00f6zben a nyomoz\u00e1s m\u00e9g folyamatban van, \u00e9s a temet\u00e9s id\u0151pontja sem ismert, egyes oldalak m\u00e1r azt is k\u00e9pesek voltak hamisan k\u00f6z\u00f6lni, hogy Dud\u00e1s Mikl\u00f3st eltemett\u00e9k. A szak\u00e9rt\u0151k \u00e9s a csal\u00e1d is mindenkit \u00f3vatoss\u00e1gra int: nem minden fot\u00f3 igaz, amit a k\u00f6z\u00f6ss\u00e9gi m\u00e9di\u00e1ban l\u00e1tunk. Ebben az \u00fcgyben \u2013 \u00e9s b\u00e1rmely m\u00e1s trag\u00e9di\u00e1n\u00e1l \u2013 a szenz\u00e1ci\u00f3\u00e9hs\u00e9g k\u00f6nnyen \u00e1tl\u00e9phet minden hat\u00e1rt.<\/h3>\n<p>VIA FB \/ Borsonline<\/p>\n<p>&#8211;<\/p>\n<p>A Santa\u202fFe vezet\u00e9si \u00e9lm\u00e9nye ink\u00e1bb komfort\u2011 \u00e9s k\u00e9nyelem\u2011orient\u00e1lt, mint sportos. A nagy t\u00f6meg, l\u00e1gyabb rug\u00f3z\u00e1s \u00e9s k\u00f6nny\u0171 korm\u00e1nyz\u00e1s miatt v\u00e1rosi \u00e9s orsz\u00e1g\u00fati utaz\u00e1sn\u00e1l is sima, nyugodt halad\u00e1st ny\u00fajt, de nagyobb temp\u00f3n\u00e1l vagy dinamikusabb kanyarokn\u00e1l k\u00f6nnyen \u00e9rezhet\u0151 a testd\u0151l\u00e9s \u00e9s a \u201elassabb\u201d reakci\u00f3k. Az automatikus parkol\u00e1s, tolat\u00f3\u2011 \u00e9s holtt\u00e9rkamer\u00e1k seg\u00edtik a man\u0151verez\u00e9st, m\u00edg a magas \u00fcl\u00e9spoz\u00edci\u00f3 j\u00f3 kil\u00e1t\u00e1st biztos\u00edt a forgalomban.<br \/>\n\u00daj Santa\u202fFe\u2011ben a belt\u00e9r modern \u00e9s funkcion\u00e1lis, de nem felt\u00e9tlen\u00fcl pr\u00e9mium szinten. Minden modell alapb\u00f3l kap dupla, 12,3\u202finch\u2011es kijelz\u0151t (digit\u00e1lis m\u0171szerfal \u00e9s k\u00f6zponti \u00e9rint\u0151k\u00e9perny\u0151), vezet\u00e9k n\u00e9lk\u00fcli Apple CarPlay \u00e9s Android Auto csatlakoz\u00e1st, vezet\u00e9k n\u00e9lk\u00fcli telefont\u00f6lt\u0151t \u00e9s elektromosan \u00e1ll\u00edthat\u00f3, f\u0171thet\u0151 el\u00fcls\u0151 \u00fcl\u00e9seket. Magasabb felszerelts\u00e9geken Bose hangrendszer, panor\u00e1matet\u0151 \u00e9s fejlesztett b\u0151r\u2011 vagy pr\u00e9mium \u00fcl\u00e9s\u2011anyagok is el\u00e9rhet\u0151k.<\/p>\n<p>A bels\u0151 t\u00e9r rendk\u00edv\u00fcl t\u00e1gas, k\u00fcl\u00f6n\u00f6sen a m\u00e1sodik sorban, ahol a feln\u0151ttek is k\u00e9nyelmesen elf\u00e9rnek. A harmadik sor ink\u00e1bb alkalmi haszn\u00e1latra val\u00f3, de gyermekek vagy r\u00f6videbb t\u00e1vok eset\u00e9n feln\u0151ttek sz\u00e1m\u00e1ra is haszn\u00e1lhat\u00f3. A csomagt\u00e9r m\u00e9rete \u00f6t \u00fcl\u00e9s mellett kb. 628 liter, \u00e9s ak\u00e1r kb. 1\u202f949 literig b\u0151v\u00edthet\u0151 a h\u00e1ts\u00f3 \u00fcl\u00e9sek lehajt\u00e1s\u00e1val (plug\u2011in hibrid eset\u00e9n kb. 621\/1\u202f942 liter).<br \/>\nA Santa\u202fFe alkalmas nagycsal\u00e1dosok sz\u00e1m\u00e1ra: a h\u00e9t\u00fcl\u00e9ses elrendez\u00e9s mellett n\u00e9gy ISOFIX gyermek\u00fcl\u00e9s\u2011r\u00f6gz\u00edt\u0151 pont is el\u00e9rhet\u0151, \u00e9s a h\u00e1ts\u00f3 \u00fcl\u00e9sek egyszer\u0171en d\u00f6nthet\u0151k. A nagy h\u00e1ts\u00f3 ajt\u00f3 elektromosan nyithat\u00f3 \u00e9s alacsony rakod\u00e1si magass\u00e1got biztos\u00edt a k\u00f6nny\u0171 csomagol\u00e1shoz.<br \/>\nA Santa\u202fFe sz\u00e1mos vezet\u00e9st\u00e1mogat\u00f3 rendszert (ADAS) tartalmaz: automatikus v\u00e9szf\u00e9krendszer, s\u00e1vtart\u00f3\u2011asszisztens, adapt\u00edv tempomat \u00e9s \u00fajdons\u00e1gk\u00e9nt Highway Drive Assist, amely kombin\u00e1lja az adapt\u00edv tempomatot a s\u00e1vk\u00f6vet\u0151 asszisztenci\u00e1val. A Euro NCAP biztons\u00e1gi min\u0151s\u00edt\u00e9s alapfelszerelts\u00e9ggel n\u00e9gy csillag, de a SmartSense+ pakettel (ami vakpont\u2011figyel\u0151t tartalmaz) el\u00e9rheti az \u00f6t csillagot \u2013 ez cs\u00facskateg\u00f3ri\u00e1s riv\u00e1lisain\u00e1l gyakoribb.<br \/>\nA Santa\u202fFe nem olcs\u00f3 modell: az Egyes\u00fclt Kir\u00e1lys\u00e1gban az \u00faj p\u00e9ld\u00e1nyok \u00e1ra kb. \u00a347\u202f200 \u00e9s \u00a359\u202f225 k\u00f6z\u00f6tt indul, ami versenyk\u00e9pes a nagy SUV\u2011szegmensben, de nem felt\u00e9tlen\u00fcl a legkedvez\u0151bb. Az \u00fczemanyag\u2011fogyaszt\u00e1s a hibrid v\u00e1ltozatban kb. 41,5\u202fmpg, az \u00f6sszker\u00e9khajt\u00e1s\u00fa modellben kb. 38,7\u202fmpg, m\u00edg a PHEV hivatalos sz\u00e1m\u00edtott megtakar\u00edt\u00e1s ak\u00e1r 166\u202fmpg\u2011nek megfelel\u0151 \u00e9rt\u00e9k is lehet \u2013 ut\u00f3bbi azonban er\u0151sen f\u00fcgg att\u00f3l, hogy mennyit t\u00f6ltik \u00e9s mennyit haszn\u00e1lnak elektromosan.<\/p>\n","protected":false},"excerpt":{"rendered":"<p>\u00c9s itt j\u00f6tt az igazi s0kk. Az interneten sorra bukkantak fel az \u00e1ll\u00edt\u00f3lagos \u201eexkluz\u00edv fot\u00f3k\u201d Dud\u00e1s Miki hal\u00e1\/l\/\u00e1r\u00f3l. Felforgatott lak\u00e1s,&#8230; <span class=\"gridview-grid-post-read-more\"><a href=\"https:\/\/online-filmkatarzis.com\/kucko\/napiinfok\/?p=6050\">read more<span class=\"gridview-sr-only\"> Elk\u00e9peszt\u0151 fot\u00f3k ker\u00fcltek el\u0151 Dud\u00e1s Miki hal\u00e1l\u00e1r\u00f3l!<\/span><\/a><\/span><\/p>\n","protected":false},"author":1,"featured_media":6051,"comment_status":"open","ping_status":"open","sticky":false,"template":"","format":"standard","meta":{"footnotes":""},"categories":[1],"tags":[],"class_list":["post-6050","post","type-post","status-publish","format-standard","has-post-thumbnail","hentry","category-egyeb","wpcat-1-id"],"_links":{"self":[{"href":"https:\/\/online-filmkatarzis.com\/kucko\/napiinfok\/index.php?rest_route=\/wp\/v2\/posts\/6050","targetHints":{"allow":["GET"]}}],"collection":[{"href":"https:\/\/online-filmkatarzis.com\/kucko\/napiinfok\/index.php?rest_route=\/wp\/v2\/posts"}],"about":[{"href":"https:\/\/online-filmkatarzis.com\/kucko\/napiinfok\/index.php?rest_route=\/wp\/v2\/types\/post"}],"author":[{"embeddable":true,"href":"https:\/\/online-filmkatarzis.com\/kucko\/napiinfok\/index.php?rest_route=\/wp\/v2\/users\/1"}],"replies":[{"embeddable":true,"href":"https:\/\/online-filmkatarzis.com\/kucko\/napiinfok\/index.php?rest_route=%2Fwp%2Fv2%2Fcomments&post=6050"}],"version-history":[{"count":1,"href":"https:\/\/online-filmkatarzis.com\/kucko\/napiinfok\/index.php?rest_route=\/wp\/v2\/posts\/6050\/revisions"}],"predecessor-version":[{"id":6052,"href":"https:\/\/online-filmkatarzis.com\/kucko\/napiinfok\/index.php?rest_route=\/wp\/v2\/posts\/6050\/revisions\/6052"}],"wp:featuredmedia":[{"embeddable":true,"href":"https:\/\/online-filmkatarzis.com\/kucko\/napiinfok\/index.php?rest_route=\/wp\/v2\/media\/6051"}],"wp:attachment":[{"href":"https:\/\/online-filmkatarzis.com\/kucko\/napiinfok\/index.php?rest_route=%2Fwp%2Fv2%2Fmedia&parent=6050"}],"wp:term":[{"taxonomy":"category","embeddable":true,"href":"https:\/\/online-filmkatarzis.com\/kucko\/napiinfok\/index.php?rest_route=%2Fwp%2Fv2%2Fcategories&post=6050"},{"taxonomy":"post_tag","embeddable":true,"href":"https:\/\/online-filmkatarzis.com\/kucko\/napiinfok\/index.php?rest_route=%2Fwp%2Fv2%2Ftags&post=6050"}],"curies":[{"name":"wp","href":"https:\/\/api.w.org\/{rel}","templated":true}]}}