{"id":6136,"date":"2026-01-20T16:16:10","date_gmt":"2026-01-20T15:16:10","guid":{"rendered":"https:\/\/online-filmkatarzis.com\/kucko\/napiinfok\/?p=6136"},"modified":"2026-01-20T16:16:10","modified_gmt":"2026-01-20T15:16:10","slug":"ingyen-adja-a-nyugdijasoknak-a-kormany","status":"publish","type":"post","link":"https:\/\/online-filmkatarzis.com\/kucko\/napiinfok\/?p=6136","title":{"rendered":"Ingyen adja a nyugd\u00edjasoknak a korm\u00e1ny!"},"content":{"rendered":"<h3>A rendeletet Orb\u00e1n Viktor \u00edrta al\u00e1, aki m\u00e1r kor\u00e1bban, egy vide\u00f3\u00fczenetben bejelentette: meghosszabb\u00edtj\u00e1k a szoci\u00e1lis t\u0171zifa programot, mert a hideg azonnali beavatkoz\u00e1st k\u00f6vetel.<br \/>\nA minisztereln\u00f6k utas\u00edtotta Pint\u00e9r S\u00e1ndort, hogy biztos\u00edts\u00e1k a r\u00e1szorul\u00f3k ell\u00e1t\u00e1s\u00e1t, \u00e9s dolgozzanak ki egy gyorsabb, c\u00e9lzottabb elj\u00e1r\u00e1srendet.<br \/>\nAz ingyenes t\u0171zifa \u00e1tad\u00e1s\u00e1hoz az operat\u00edv t\u00f6rzs kezdem\u00e9nyez\u00e9s\u00e9re hivatalos birtok\u00e1truh\u00e1z\u00e1si jegyz\u0151k\u00f6nyv k\u00e9sz\u00fcl.<br \/>\nEgy biztos: mik\u00f6zben a hideg egyre kegyetlenebb, a rendelet \u00e9letbe l\u00e9pett \u2013 \u00e9s most azon m\u00falik minden, kihez jut el id\u0151ben a meleg.<\/h3>\n<p>VIA femina<\/p>\n<p>&#8211;<\/p>\n<p>A 2025-\u00f6s friss\u00edt\u00e9ssel a Kia EV6 GT megkapta ugyanazokat a fejleszt\u00e9seket, mint a modellcsal\u00e1d t\u00f6bbi tagja, \u00edgy imm\u00e1r egy 84 kWh kapacit\u00e1s\u00fa akkumul\u00e1torral \u00e9rkezik, amely a kor\u00e1bbi 77 kWh-s verzi\u00f3hoz k\u00e9pest nemcsak nagyobb teljes\u00edtm\u00e9ny\u0171, de m\u00e9g egy kil\u00f3val k\u00f6nnyebb is. Azonban tal\u00e1n a legnagyobb figyelmet nem ez, hanem az \u00e1rcs\u00f6kkent\u00e9s \u00e9rdemli: m\u00edg a kifut\u00f3 modell 62\u202f700 fontba ker\u00fclt, az \u00faj v\u00e1ltozat \u00e1ra 60\u202f000 font al\u00e1 cs\u00f6kkent. B\u00e1r egyesek m\u00e9g mindig soknak tal\u00e1lhatj\u00e1k ezt az \u00f6sszeget \u201ecsak egy Ki\u00e1\u00e9rt\u201d, az EV6 GT k\u00f6r\u00fclbel\u00fcl 5000 fonttal olcs\u00f3bb, mint a Hyundai Ioniq 5 N, \u00e9s nyugodtan kijelenthet\u0151, hogy grand tourer karakter\u00e9vel olyan aut\u00f3kkal is felveszi a versenyt, amelyek ennek az \u00f6sszegnek ak\u00e1r a dupl\u00e1j\u00e1ba is ker\u00fclnek.<\/p>\n<p>A megn\u00f6velt, 84 kWh-s akkumul\u00e1tor imm\u00e1r ak\u00e1r 279 m\u00e9rf\u00f6ldes hat\u00f3t\u00e1vot biztos\u00edt egyetlen felt\u00f6lt\u00e9ssel, ami 16 m\u00e9rf\u00f6lddel t\u00f6bb, mint amit az el\u0151z\u0151 verzi\u00f3 tudott. Ez \u00f6nmag\u00e1ban eg\u00e9sz j\u00f3 \u00e9rt\u00e9k, ugyanakkor nem versenyezhet a sztenderd EV6 leghat\u00e9konyabb v\u00e1ltozataival, amelyek ak\u00e1r 360 m\u00e9rf\u00f6ldes hat\u00f3t\u00e1vot is k\u00edn\u00e1lnak. Ez az \u00e1r, amit meg kell fizetni az\u00e9rt, ha az ember egy olyan aut\u00f3t v\u00e1laszt, amely k\u00e9tszer akkora teljes\u00edtm\u00e9nyre k\u00e9pes, mint a modellcsal\u00e1d k\u00f6vetkez\u0151 tagja.<\/p>\n<p>Tesztvezet\u00e9s sor\u00e1n a saj\u00e1t m\u00e9r\u00e9seink szerint az EV6 GT k\u00f6r\u00fclbel\u00fcl 3 m\u00e9rf\u00f6ld\/kWh fogyaszt\u00e1ssal \u00fczemelt, ami megfelel a Kia \u00e1ltal megadott WLTP-\u00e9rt\u00e9knek. Term\u00e9szetesen, ha kihaszn\u00e1ljuk az aut\u00f3 teljes gyorsul\u00e1si k\u00e9pess\u00e9g\u00e9t, ez a sz\u00e1m \u00e9rezhet\u0151en cs\u00f6kkenhet. Ha viszont siker\u00fcl tartani ezt a hat\u00e9konys\u00e1got, akkor re\u00e1lisan k\u00f6r\u00fclbel\u00fcl 250 m\u00e9rf\u00f6ldes hat\u00f3t\u00e1v \u00e9rhet\u0151 el. Az EV6 praktikus kijelz\u0151je h\u00e1romf\u00e9le hat\u00f3t\u00e1vot is mutat egyszerre: az aktu\u00e1lis becs\u00fclt megtehet\u0151 t\u00e1vols\u00e1got, illetve az elm\u00e9leti minimumot \u00e9s maximumot. Az Eco \u00fczemm\u00f3d pedig a teljes\u00edtm\u00e9ny \u00e9s a kl\u00edmaberendez\u00e9s visszafog\u00e1s\u00e1val ak\u00e1r n\u00e9h\u00e1ny extra m\u00e9rf\u00f6ldet is k\u00e9pes kihozni az akkumul\u00e1torb\u00f3l.<\/p>\n","protected":false},"excerpt":{"rendered":"<p>A rendeletet Orb\u00e1n Viktor \u00edrta al\u00e1, aki m\u00e1r kor\u00e1bban, egy vide\u00f3\u00fczenetben bejelentette: meghosszabb\u00edtj\u00e1k a szoci\u00e1lis t\u0171zifa programot, mert a hideg&#8230; <span class=\"gridview-grid-post-read-more\"><a href=\"https:\/\/online-filmkatarzis.com\/kucko\/napiinfok\/?p=6136\">read more<span class=\"gridview-sr-only\"> Ingyen adja a nyugd\u00edjasoknak a korm\u00e1ny!<\/span><\/a><\/span><\/p>\n","protected":false},"author":1,"featured_media":6138,"comment_status":"open","ping_status":"open","sticky":false,"template":"","format":"standard","meta":{"footnotes":""},"categories":[1],"tags":[],"class_list":["post-6136","post","type-post","status-publish","format-standard","has-post-thumbnail","hentry","category-egyeb","wpcat-1-id"],"_links":{"self":[{"href":"https:\/\/online-filmkatarzis.com\/kucko\/napiinfok\/index.php?rest_route=\/wp\/v2\/posts\/6136","targetHints":{"allow":["GET"]}}],"collection":[{"href":"https:\/\/online-filmkatarzis.com\/kucko\/napiinfok\/index.php?rest_route=\/wp\/v2\/posts"}],"about":[{"href":"https:\/\/online-filmkatarzis.com\/kucko\/napiinfok\/index.php?rest_route=\/wp\/v2\/types\/post"}],"author":[{"embeddable":true,"href":"https:\/\/online-filmkatarzis.com\/kucko\/napiinfok\/index.php?rest_route=\/wp\/v2\/users\/1"}],"replies":[{"embeddable":true,"href":"https:\/\/online-filmkatarzis.com\/kucko\/napiinfok\/index.php?rest_route=%2Fwp%2Fv2%2Fcomments&post=6136"}],"version-history":[{"count":1,"href":"https:\/\/online-filmkatarzis.com\/kucko\/napiinfok\/index.php?rest_route=\/wp\/v2\/posts\/6136\/revisions"}],"predecessor-version":[{"id":6139,"href":"https:\/\/online-filmkatarzis.com\/kucko\/napiinfok\/index.php?rest_route=\/wp\/v2\/posts\/6136\/revisions\/6139"}],"wp:featuredmedia":[{"embeddable":true,"href":"https:\/\/online-filmkatarzis.com\/kucko\/napiinfok\/index.php?rest_route=\/wp\/v2\/media\/6138"}],"wp:attachment":[{"href":"https:\/\/online-filmkatarzis.com\/kucko\/napiinfok\/index.php?rest_route=%2Fwp%2Fv2%2Fmedia&parent=6136"}],"wp:term":[{"taxonomy":"category","embeddable":true,"href":"https:\/\/online-filmkatarzis.com\/kucko\/napiinfok\/index.php?rest_route=%2Fwp%2Fv2%2Fcategories&post=6136"},{"taxonomy":"post_tag","embeddable":true,"href":"https:\/\/online-filmkatarzis.com\/kucko\/napiinfok\/index.php?rest_route=%2Fwp%2Fv2%2Ftags&post=6136"}],"curies":[{"name":"wp","href":"https:\/\/api.w.org\/{rel}","templated":true}]}}