{"id":6224,"date":"2026-01-27T22:36:45","date_gmt":"2026-01-27T21:36:45","guid":{"rendered":"https:\/\/online-filmkatarzis.com\/kucko\/napiinfok\/?p=6224"},"modified":"2026-01-27T22:36:45","modified_gmt":"2026-01-27T21:36:45","slug":"oriasi-balhet-csapott-klara-l0rd-a-nagy-o-ben","status":"publish","type":"post","link":"https:\/\/online-filmkatarzis.com\/kucko\/napiinfok\/?p=6224","title":{"rendered":"\u00d3ri\u00e1si balh\u00e9t csapott Klara L0rd a Nagy \u0150-ben!"},"content":{"rendered":"<h3>A botr\u00e1nyh\u0151s egy\u00e9rtelm\u0171en azt gondolta, hogy \u0151 a legszebb, a leg\u00fct\u0151sebb, \u00e9s ez majd automatikusan r\u00f3zs\u00e1t \u00e9r. Csakhogy Stohl Andr\u00e1s eg\u00e9szen m\u00e1shogy l\u00e1tta a helyzetet.<br \/>\nA cerem\u00f3ni\u00e1n j\u00f6tt a hidegzuhany: Andr\u00e1s nem Kiara kez\u00e9be nyomta a bizalmi r\u00f3zs\u00e1t, hanem k\u00e9t m\u00e1sik l\u00e1nynak szavazott bizalmat. Az \u00fczenet egy\u00e9rtelm\u0171 volt \u2013 a lekezel\u0151 st\u00edlus \u00e9s a nagyk\u00e9p\u0171s\u00e9g nem vonz\u00f3. A kamera pedig nem hazudott: Kiara arc\u00e1n egy pillanat alatt jelent meg a csal\u00f3dotts\u00e1g \u00e9s az irigys\u00e9g kever\u00e9ke. \u00dagy t\u0171nik, hi\u00e1ba tartja mag\u00e1t messze a t\u00f6bbiek f\u00f6l\u00e9, A Nagy \u0150-ben ez most kev\u00e9snek bizonyult. A k\u00e9rd\u00e9s m\u00e1r csak az: vajon visszavesz az arc\u00e1b\u00f3l, vagy a k\u00f6vetkez\u0151 ad\u00e1sokban m\u00e9g nagyobb balh\u00e9val k\u00e9sz\u00fcl? Egy biztos: Stohl Andr\u00e1s nem hagyja sz\u00f3 n\u00e9lk\u00fcl a tiszteletlens\u00e9get.<\/h3>\n<p>VIA femcafe<\/p>\n<p>Ami a Bigstert illeti, tekints\u00fcnk r\u00e1 \u00fagy, mint a Duster nagyobb testv\u00e9r\u00e9re. Ugyanazon Renault Group CMF-B platformra \u00e9p\u00fcl, mint minden Dacia modell, kiv\u00e9ve a pici Spring EV-t.<br \/>\nA k\u00e9t aut\u00f3 k\u00fcls\u0151 diz\u00e1jnja egy\u00e9rtelm\u0171en rokon, \u00e9s a Duster retr\u00f3s vonalai j\u00f3l \u00e1t\u00fcltethet\u0151k a nagyobb modellre, amelynek tengelyt\u00e1vja k\u00f6r\u00fclbel\u00fcl 45 mm-rel hosszabb, \u00edgy a h\u00e1ts\u00f3 l\u00e1bt\u00e9r az, ami k\u00f6zvetlen\u00fcl profit\u00e1l bel\u0151le.<br \/>\nA Bigster h\u00e1tulja is jelent\u0151sen hosszabb lett, ami lehet\u0151v\u00e9 tette a 677 literes csomagt\u00e9r kialak\u00edt\u00e1s\u00e1t (teljes hibrid eset\u00e9n 612 liter), az A-oszlopok pedig 5 cm-rel hosszabbak lettek a magasabb sz\u00e9lv\u00e9d\u0151 \u00e9rdek\u00e9ben (amely vastagabb \u00fcveget is haszn\u00e1l a jobb akusztikai szigetel\u00e9s \u00e9rdek\u00e9ben). Ugyanakkor a Bigster nem sz\u00e9lesebb, mint a Duster, \u00edgy nem kell azt v\u00e1rni, hogy sokkal nehezebben kezelhet\u0151 lesz B-\u00faton vagy k\u00fclv\u00e1rosi sz\u0171k utc\u00e1kon.<\/p>\n<p>A motorv\u00e1laszt\u00e9k is ismer\u0151s \u00e9rz\u00e9st kelt. Az itt bemutatott Bigster a fronthajt\u00e1s\u00fa Hybrid 155, amely a Duster Hybrid 140-hez hasonl\u00f3an egy 1,6 literes atmoszf\u00e9rikus n\u00e9gyhengeres motort \u00e9s k\u00e9t villanymotort haszn\u00e1l, de itt egy 1,8 literes n\u00e9gyhengeres motor dolgozik, \u00f6sszesen 153 l\u00f3er\u0151t biztos\u00edtva. Ez teszi a Bigstert a Dacia 59 \u00e9ves t\u00f6rt\u00e9net\u00e9nek legnagyobb teljes\u00edtm\u00e9ny\u0171 k\u00f6z\u00fati aut\u00f3j\u00e1v\u00e1.<br \/>\nVan m\u00e9g egy mild-hybrid v\u00e1ltozat is, amely egy 1,2 literes h\u00e1romhengeres turb\u00f3s benzinmotort p\u00e1ros\u00edt egy 48V-os elektromos rendszerrel \u00e9s egy hatfokozat\u00fa manu\u00e1lis v\u00e1lt\u00f3val. Ez 138 l\u00f3er\u0151t ad le \u2013 vagy v\u00e1laszthat\u00f3 ugyanez a motor, de 10 l\u00f3er\u0151vel kevesebbet ad cser\u00e9be, viszont n\u00e9gyker\u00e9k-hajt\u00e1st \u00e9s f\u00fcggetlen h\u00e1ts\u00f3 felf\u00fcggeszt\u00e9st kapunk a hagyom\u00e1nyos torzi\u00f3s tengely helyett.<\/p>\n","protected":false},"excerpt":{"rendered":"<p>A botr\u00e1nyh\u0151s egy\u00e9rtelm\u0171en azt gondolta, hogy \u0151 a legszebb, a leg\u00fct\u0151sebb, \u00e9s ez majd automatikusan r\u00f3zs\u00e1t \u00e9r. Csakhogy Stohl Andr\u00e1s&#8230; <span class=\"gridview-grid-post-read-more\"><a href=\"https:\/\/online-filmkatarzis.com\/kucko\/napiinfok\/?p=6224\">read more<span class=\"gridview-sr-only\"> \u00d3ri\u00e1si balh\u00e9t csapott Klara L0rd a Nagy \u0150-ben!<\/span><\/a><\/span><\/p>\n","protected":false},"author":1,"featured_media":6225,"comment_status":"open","ping_status":"open","sticky":false,"template":"","format":"standard","meta":{"footnotes":""},"categories":[1],"tags":[],"class_list":["post-6224","post","type-post","status-publish","format-standard","has-post-thumbnail","hentry","category-egyeb","wpcat-1-id"],"_links":{"self":[{"href":"https:\/\/online-filmkatarzis.com\/kucko\/napiinfok\/index.php?rest_route=\/wp\/v2\/posts\/6224","targetHints":{"allow":["GET"]}}],"collection":[{"href":"https:\/\/online-filmkatarzis.com\/kucko\/napiinfok\/index.php?rest_route=\/wp\/v2\/posts"}],"about":[{"href":"https:\/\/online-filmkatarzis.com\/kucko\/napiinfok\/index.php?rest_route=\/wp\/v2\/types\/post"}],"author":[{"embeddable":true,"href":"https:\/\/online-filmkatarzis.com\/kucko\/napiinfok\/index.php?rest_route=\/wp\/v2\/users\/1"}],"replies":[{"embeddable":true,"href":"https:\/\/online-filmkatarzis.com\/kucko\/napiinfok\/index.php?rest_route=%2Fwp%2Fv2%2Fcomments&post=6224"}],"version-history":[{"count":1,"href":"https:\/\/online-filmkatarzis.com\/kucko\/napiinfok\/index.php?rest_route=\/wp\/v2\/posts\/6224\/revisions"}],"predecessor-version":[{"id":6226,"href":"https:\/\/online-filmkatarzis.com\/kucko\/napiinfok\/index.php?rest_route=\/wp\/v2\/posts\/6224\/revisions\/6226"}],"wp:featuredmedia":[{"embeddable":true,"href":"https:\/\/online-filmkatarzis.com\/kucko\/napiinfok\/index.php?rest_route=\/wp\/v2\/media\/6225"}],"wp:attachment":[{"href":"https:\/\/online-filmkatarzis.com\/kucko\/napiinfok\/index.php?rest_route=%2Fwp%2Fv2%2Fmedia&parent=6224"}],"wp:term":[{"taxonomy":"category","embeddable":true,"href":"https:\/\/online-filmkatarzis.com\/kucko\/napiinfok\/index.php?rest_route=%2Fwp%2Fv2%2Fcategories&post=6224"},{"taxonomy":"post_tag","embeddable":true,"href":"https:\/\/online-filmkatarzis.com\/kucko\/napiinfok\/index.php?rest_route=%2Fwp%2Fv2%2Ftags&post=6224"}],"curies":[{"name":"wp","href":"https:\/\/api.w.org\/{rel}","templated":true}]}}