{"id":10015,"date":"2026-02-09T12:56:08","date_gmt":"2026-02-09T11:56:08","guid":{"rendered":"https:\/\/online-filmkatarzis.com\/kucko\/?p=10015"},"modified":"2026-02-09T12:56:08","modified_gmt":"2026-02-09T11:56:08","slug":"hatalmas-nyugdijas-rendorsegi-ellenorzes-jon","status":"publish","type":"post","link":"https:\/\/online-filmkatarzis.com\/kucko\/hatalmas-nyugdijas-rendorsegi-ellenorzes-jon\/","title":{"rendered":"Hatalmas nyugd\u00edjas rend\u0151rs\u00e9gi ellen\u0151rz\u00e9s j\u00f6n"},"content":{"rendered":"<h3>F\u0151utakon \u00e9s mell\u00e9kutakon is jelen lesznek a rend\u0151r\u00f6k.\u00a0 Orsz\u00e1gos k\u00f6z\u00fati ellen\u0151rz\u00e9st tart a rend\u0151rs\u00e9g 2026. febru\u00e1r 9. \u00e9s 15. k\u00f6z\u00f6tt, amelynek sor\u00e1n Magyarorsz\u00e1g teljes ter\u00fclet\u00e9n fokozott rend\u0151ri jelenl\u00e9tre lehet sz\u00e1m\u00edtani. Az egy h\u00e9ten \u00e1t tart\u00f3 akci\u00f3 sor\u00e1n a hat\u00f3s\u00e1gok els\u0151sorban a nyugd\u00edjasokat, id\u0151seket \u00e9s a\u00a0 it\/as vagy b\u00f3\/ult \u00e1llapotban vezet\u0151 j\u00e1rm\u0171vezet\u0151ket igyekeznek kisz\u0171rni a forgalomb\u00f3l. MUTATJUK A R\u00c9SZLETEKET!<\/h3>\n<h3><span style=\"color: #ff0000;\"><strong>A h\u00edr nem \u00e9rt v\u00e9get! Folytat\u00e1shoz haszn\u00e1ld a K\u00d6VETKEZ\u0150 OLDAL gombot!<\/strong><\/span><\/h3>\n<h3 style=\"text-align: right;\"><a href=\"https:\/\/online-filmkatarzis.com\/kucko\/hirek\/hatalmas-nyugdijas-rendorsegi-ellenorzes-jon\/\" target=\"_blank\" rel=\"noopener\"><span style=\"color: #ff0000;\">&#8212;&gt;&gt; K\u00d6VETKEZ\u0150 OLDAL<\/span><\/a><\/h3>\n<p>&#8211;<\/p>\n<p>Minden Berlingo modell viszonylag j\u00f3 alapfelszerelts\u00e9ggel \u00e9rkezik, ami hozz\u00e1j\u00e1rul ahhoz, hogy a j\u00e1rm\u0171 m\u00e1r a bel\u00e9p\u0151 szinteken is j\u00f3l haszn\u00e1lhat\u00f3 legyen a mindennapi munk\u00e1ban. A Teletrac Smartnav navig\u00e1ci\u00f3s rendszer \u00e9s a Trackstar j\u00e1rm\u0171k\u00f6vet\u0151 szolg\u00e1ltat\u00e1s a teljes k\u00edn\u00e1latban el\u00e9rhet\u0151, ami k\u00fcl\u00f6n\u00f6sen flott\u00e1k eset\u00e9n jelent nagy el\u0151nyt. Ezek a rendszerek seg\u00edtenek az \u00fatvonalak optimaliz\u00e1l\u00e1s\u00e1ban, a j\u00e1rm\u0171vek nyomon k\u00f6vet\u00e9s\u00e9ben \u00e9s az \u00fczemeltet\u00e9s hat\u00e9konyabb megszervez\u00e9s\u00e9ben. A fels\u0151bb felszerelts\u00e9gi szinteken megjelenik egy letisztult, 7 colos \u00e9rint\u0151k\u00e9perny\u0151 is, amely a DAB digit\u00e1lis r\u00e1di\u00f3 kezel\u00e9s\u00e9re szolg\u00e1l, valamint \u2013 ha az adott modellhez rendelt\u00e9k \u2013 a tolat\u00f3kamera k\u00e9p\u00e9t is megjelen\u00edti. \u00c9rdekess\u00e9g, hogy a navig\u00e1ci\u00f3s funkci\u00f3k tov\u00e1bbra is egy k\u00fcl\u00f6n, m\u00e1sodlagos kijelz\u0151n futnak, ami els\u0151re szokatlan lehet, de a gyakorlatban j\u00f3l elk\u00fcl\u00f6n\u00edti a k\u00fcl\u00f6nb\u00f6z\u0151 inform\u00e1ci\u00f3kat.<\/p>\n<p>Az Enterprise felszerelts\u00e9g ezen fel\u00fcl l\u00e9gkondicion\u00e1l\u00f3t \u00e9s tolat\u00f3radarokat is k\u00edn\u00e1l, amelyek jelent\u0151sen n\u00f6velik a komfortot \u00e9s a haszn\u00e1lhat\u00f3s\u00e1got, k\u00fcl\u00f6n\u00f6sen zs\u00fafolt v\u00e1rosi k\u00f6rnyezetben vagy gyakori parkol\u00e1s sor\u00e1n. A Berlingo egy rendk\u00edv\u00fcl praktikus, sokoldal\u00fa \u00e9s gazdas\u00e1gos haszonj\u00e1rm\u0171 benyom\u00e1s\u00e1t kelti, amely sz\u00e9les motor- \u00e9s felszerelts\u00e9gv\u00e1laszt\u00e9k\u00e1val k\u00e9pes alkalmazkodni a legk\u00fcl\u00f6nf\u00e9l\u00e9bb felhaszn\u00e1l\u00e1si ig\u00e9nyekhez. Legyen sz\u00f3 egy\u00e9ni v\u00e1llalkoz\u00f3r\u00f3l, nagyobb flott\u00e1t \u00fczemeltet\u0151 c\u00e9gr\u0151l vagy ak\u00e1r csal\u00e1di c\u00e9l\u00fa haszn\u00e1latr\u00f3l a Multispace v\u00e1ltozat r\u00e9v\u00e9n, a Berlingo olyan megold\u00e1sokat k\u00edn\u00e1l, amelyek hossz\u00fa t\u00e1von is versenyk\u00e9pess\u00e9 \u00e9s megb\u00edzhat\u00f3 t\u00e1rss\u00e1 teszik a mindennapokban.<\/p>\n","protected":false},"excerpt":{"rendered":"<p>F\u0151utakon \u00e9s mell\u00e9kutakon is jelen lesznek a rend\u0151r\u00f6k.\u00a0 Orsz\u00e1gos k\u00f6z\u00fati ellen\u0151rz\u00e9st tart a rend\u0151rs\u00e9g 2026. febru\u00e1r 9. \u00e9s 15. k\u00f6z\u00f6tt, amelynek sor\u00e1n Magyarorsz\u00e1g teljes ter\u00fclet\u00e9n fokozott rend\u0151ri jelenl\u00e9tre lehet sz\u00e1m\u00edtani. Az egy&#8230;<\/p>\n","protected":false},"author":1,"featured_media":10016,"comment_status":"open","ping_status":"open","sticky":false,"template":"","format":"standard","meta":{"footnotes":""},"categories":[2],"tags":[],"class_list":["post-10015","post","type-post","status-publish","format-standard","has-post-thumbnail","hentry","category-altalanos"],"aioseo_notices":[],"_links":{"self":[{"href":"https:\/\/online-filmkatarzis.com\/kucko\/wp-json\/wp\/v2\/posts\/10015","targetHints":{"allow":["GET"]}}],"collection":[{"href":"https:\/\/online-filmkatarzis.com\/kucko\/wp-json\/wp\/v2\/posts"}],"about":[{"href":"https:\/\/online-filmkatarzis.com\/kucko\/wp-json\/wp\/v2\/types\/post"}],"author":[{"embeddable":true,"href":"https:\/\/online-filmkatarzis.com\/kucko\/wp-json\/wp\/v2\/users\/1"}],"replies":[{"embeddable":true,"href":"https:\/\/online-filmkatarzis.com\/kucko\/wp-json\/wp\/v2\/comments?post=10015"}],"version-history":[{"count":1,"href":"https:\/\/online-filmkatarzis.com\/kucko\/wp-json\/wp\/v2\/posts\/10015\/revisions"}],"predecessor-version":[{"id":10017,"href":"https:\/\/online-filmkatarzis.com\/kucko\/wp-json\/wp\/v2\/posts\/10015\/revisions\/10017"}],"wp:featuredmedia":[{"embeddable":true,"href":"https:\/\/online-filmkatarzis.com\/kucko\/wp-json\/wp\/v2\/media\/10016"}],"wp:attachment":[{"href":"https:\/\/online-filmkatarzis.com\/kucko\/wp-json\/wp\/v2\/media?parent=10015"}],"wp:term":[{"taxonomy":"category","embeddable":true,"href":"https:\/\/online-filmkatarzis.com\/kucko\/wp-json\/wp\/v2\/categories?post=10015"},{"taxonomy":"post_tag","embeddable":true,"href":"https:\/\/online-filmkatarzis.com\/kucko\/wp-json\/wp\/v2\/tags?post=10015"}],"curies":[{"name":"wp","href":"https:\/\/api.w.org\/{rel}","templated":true}]}}