{"id":10033,"date":"2026-02-09T21:34:42","date_gmt":"2026-02-09T20:34:42","guid":{"rendered":"https:\/\/online-filmkatarzis.com\/kucko\/?p=10033"},"modified":"2026-02-09T21:34:42","modified_gmt":"2026-02-09T20:34:42","slug":"stohl-andras-nekiment-kiaranak","status":"publish","type":"post","link":"https:\/\/online-filmkatarzis.com\/kucko\/stohl-andras-nekiment-kiaranak\/","title":{"rendered":"Stohl Andr\u00e1s nekiment Kiar\u00e1nak"},"content":{"rendered":"<h3>A Nagy \u0150 legut\u00f3bbi epiz\u00f3djai nemcsak romantik\u00e1t, hanem komoly \u00e9r\/elmi fesz\u00fclts\u00e9get is hoztak a k\u00e9perny\u0151kre. A n\u00e9z\u0151k egyre t\u00f6bbsz\u00f6r \u00e9rezhett\u00e9k \u00fagy: amit Andr\u00e1s \u00e9s Ki\/ra k\u00f6z\u00f6tt l\u00e1tunk, az m\u00e1r messze nem a klasszikus udvarl\u00e1s t\u00f6rt\u00e9nete. Ki\/ra l\u00e1that\u00f3an gyorsan \u00e9s m\u00e9lyen k\u00f6t\u0151d\u00f6tt Andr\u00e1shoz. \u0150szinte volt, ny\u00edlt, \u00e9s egy\u00e9rtelm\u0171v\u00e9 tette: sz\u00e1m\u00e1ra ez a kapcsolat t\u00f6bb mint j\u00e1t\u00e9k. Andr\u00e1s viszont b\u00e1r szavaival gyakran meger\u0151s\u00edtette Ki\/r\u00e1t \u2013 tetteivel eg\u00e9szen m\u00e1st \u00fczent. \u00c9rze\/mileg t\u00f6bb ir\u00e1nyba is nyitva hagyta az ajt\u00f3t, mik\u00f6zben Ki\/r\u00e1t abban a hitben tartotta, hogy k\u00fcl\u00f6nleges helyet foglal el az \u00e9let\u00e9ben. MUTATJUK A R\u00c9SZLETEKET!<\/h3>\n<h3><span style=\"color: #ff0000;\"><strong>A h\u00edr nem \u00e9rt v\u00e9get! Folytat\u00e1shoz haszn\u00e1ld a K\u00d6VETKEZ\u0150 OLDAL gombot!<\/strong><\/span><\/h3>\n<h3 style=\"text-align: right;\"><a href=\"https:\/\/online-filmkatarzis.com\/kucko\/hirek\/stohl-andras-nekiment-kiaranak\/\" target=\"_blank\" rel=\"noopener\"><span style=\"color: #ff0000;\">&#8212;&gt;&gt; K\u00d6VETKEZ\u0150 OLDAL<\/span><\/a><\/h3>\n<p>&#8211;<\/p>\n<p>Gyors\u00edt\u00e1skor az\u00e9rt megmutatja az el\u0151nyeit: m\u00e9g ha van is egy kis gondolkod\u00e1si id\u0151, a h\u00e9tfokozat\u00fa egys\u00e9g finoman v\u00e1lt vissza, \u00e9s nem t\u00f6ri meg az aut\u00f3 lend\u00fclet\u00e9t. A motor sz\u00e9pen p\u00f6r\u00f6g fel, \u00e9s d\u00edzel l\u00e9t\u00e9re meglep\u0151en csendes marad. Ebben nagy szerepe van annak, hogy a Kia a r\u00e1ncfelvarr\u00e1s sor\u00e1n komoly hangs\u00falyt fektetett a zajszigetel\u00e9s jav\u00edt\u00e1s\u00e1ra, t\u00f6bb hangelnyel\u0151 anyagot \u00e9p\u00edtve be a karossz\u00e9ri\u00e1ba \u00e9s az utast\u00e9r k\u00f6rny\u00e9k\u00e9re. Ennek eredm\u00e9nyek\u00e9nt az aut\u00f3 \u00f6sszess\u00e9g\u00e9ben kifinomultabb benyom\u00e1st kelt, k\u00fcl\u00f6n\u00f6sen hosszabb utakon, ahol a motor- \u00e9s g\u00f6rd\u00fcl\u00e9si zaj sokkal kev\u00e9sb\u00e9 v\u00e1lik zavar\u00f3v\u00e1.<\/p>\n<p>Van azonban egy ter\u00fclet, ahol a Cee\u2019d nem igaz\u00e1n l\u00e9pett el\u0151re, ez pedig a korm\u00e1nyz\u00e1s. A korm\u00e1nyker\u00e9k szinte teljesen mentes mindenf\u00e9le visszajelz\u00e9st\u0151l, \u00edgy a vezet\u0151 kev\u00e9s inform\u00e1ci\u00f3t kap arr\u00f3l, mi t\u00f6rt\u00e9nik az els\u0151 kerekek alatt. B\u00e1r a k\u00f6nny\u0171 korm\u00e1nyz\u00e1s v\u00e1rosi k\u00f6rnyezetben el\u0151ny, hiszen megk\u00f6nny\u00edti a parkol\u00e1st \u00e9s a sz\u0171k helyeken val\u00f3 man\u0151verez\u00e9st, ny\u00edltabb utakon \u00e9s nagyobb temp\u00f3n\u00e1l m\u00e1r ink\u00e1bb h\u00e1tr\u00e1nyk\u00e9nt jelentkezik. Ilyenkor az aut\u00f3 kiss\u00e9 \u00e9lettelennek, lomh\u00e1nak \u00e9rz\u0151dik, \u00e9s nem \u00f6szt\u00f6n\u00f6z hat\u00e1rozottabb vezet\u00e9sre.<\/p>\n<p>A Kia a Cee\u2019d k\u00edn\u00e1lat\u00e1ban egy divatos, 1,0 literes, h\u00e1romhengeres turb\u00f3motort is k\u00edn\u00e1l, m\u00e9ghozz\u00e1 k\u00e9tf\u00e9le teljes\u00edtm\u00e9nyszinttel. A nagyobb teljes\u00edtm\u00e9ny\u0171 v\u00e1ltozatn\u00e1l a sz\u00e9n-dioxid-kibocs\u00e1t\u00e1s m\u00e1r 115 g\/km-re cs\u00f6kkent, ami ebben a kateg\u00f3ri\u00e1ban kifejezetten j\u00f3 \u00e9rt\u00e9knek sz\u00e1m\u00edt.<\/p>\n","protected":false},"excerpt":{"rendered":"<p>A Nagy \u0150 legut\u00f3bbi epiz\u00f3djai nemcsak romantik\u00e1t, hanem komoly \u00e9r\/elmi fesz\u00fclts\u00e9get is hoztak a k\u00e9perny\u0151kre. A n\u00e9z\u0151k egyre t\u00f6bbsz\u00f6r \u00e9rezhett\u00e9k \u00fagy: amit Andr\u00e1s \u00e9s Ki\/ra k\u00f6z\u00f6tt l\u00e1tunk, az m\u00e1r messze nem a&#8230;<\/p>\n","protected":false},"author":1,"featured_media":10034,"comment_status":"open","ping_status":"open","sticky":false,"template":"","format":"standard","meta":{"footnotes":""},"categories":[2],"tags":[],"class_list":["post-10033","post","type-post","status-publish","format-standard","has-post-thumbnail","hentry","category-altalanos"],"aioseo_notices":[],"_links":{"self":[{"href":"https:\/\/online-filmkatarzis.com\/kucko\/wp-json\/wp\/v2\/posts\/10033","targetHints":{"allow":["GET"]}}],"collection":[{"href":"https:\/\/online-filmkatarzis.com\/kucko\/wp-json\/wp\/v2\/posts"}],"about":[{"href":"https:\/\/online-filmkatarzis.com\/kucko\/wp-json\/wp\/v2\/types\/post"}],"author":[{"embeddable":true,"href":"https:\/\/online-filmkatarzis.com\/kucko\/wp-json\/wp\/v2\/users\/1"}],"replies":[{"embeddable":true,"href":"https:\/\/online-filmkatarzis.com\/kucko\/wp-json\/wp\/v2\/comments?post=10033"}],"version-history":[{"count":1,"href":"https:\/\/online-filmkatarzis.com\/kucko\/wp-json\/wp\/v2\/posts\/10033\/revisions"}],"predecessor-version":[{"id":10035,"href":"https:\/\/online-filmkatarzis.com\/kucko\/wp-json\/wp\/v2\/posts\/10033\/revisions\/10035"}],"wp:featuredmedia":[{"embeddable":true,"href":"https:\/\/online-filmkatarzis.com\/kucko\/wp-json\/wp\/v2\/media\/10034"}],"wp:attachment":[{"href":"https:\/\/online-filmkatarzis.com\/kucko\/wp-json\/wp\/v2\/media?parent=10033"}],"wp:term":[{"taxonomy":"category","embeddable":true,"href":"https:\/\/online-filmkatarzis.com\/kucko\/wp-json\/wp\/v2\/categories?post=10033"},{"taxonomy":"post_tag","embeddable":true,"href":"https:\/\/online-filmkatarzis.com\/kucko\/wp-json\/wp\/v2\/tags?post=10033"}],"curies":[{"name":"wp","href":"https:\/\/api.w.org\/{rel}","templated":true}]}}