{"id":10038,"date":"2026-02-10T18:42:55","date_gmt":"2026-02-10T17:42:55","guid":{"rendered":"https:\/\/online-filmkatarzis.com\/kucko\/?p=10038"},"modified":"2026-02-15T12:54:32","modified_gmt":"2026-02-15T11:54:32","slug":"elkaptak-egressy-matyas-elkovetojet","status":"publish","type":"post","link":"https:\/\/online-filmkatarzis.com\/kucko\/elkaptak-egressy-matyas-elkovetojet\/","title":{"rendered":"Elkapt\u00e1k Egressy M\u00e1ty\u00e1s elk\u00f6vet\u0151j\u00e9t!"},"content":{"rendered":"<h3>Eg\u00e9sz Magyarorsz\u00e1g d\u00f6bbenten figyelte az elm\u00falt hetekben Egressy M\u00e1ty\u00e1s elt\u0171n\u00e9s\u00e9nek minden \u00fajabb fejlem\u00e9ny\u00e9t. A mind\u00f6ssze 18 \u00e9ves, tehets\u00e9ges teniszez\u0151 janu\u00e1r 17-\u00e9n veszett nyoma, miut\u00e1n bar\u00e1taival a belv\u00e1rosi \u00d6tkertben bulizott.<br \/>\nAz \u00e9jszaka sor\u00e1n M\u00e1ty\u00e1s elszakadt a t\u00e1rsas\u00e1g\u00e1t\u00f3l, majd egyed\u00fcl indult \u00fatnak. Egyetlen dolog j\u00e1rt a fej\u00e9ben: elt\u0171nt a mobiltelefonja. A k\u00e9sz\u00fcl\u00e9k nem csup\u00e1n egy t\u00e1rgy volt sz\u00e1m\u00e1ra \u2013 azon volt minden kapcsolata, minden kapaszkod\u00f3ja.<br \/>\n\u00d3ri\u00e1si fordulat lett az \u00fcgyben! MUTATJUK MI T\u00d6RT\u00c9NT!<\/h3>\n<h3><span style=\"color: #ff0000;\"><strong>A h\u00edr nem \u00e9rt v\u00e9get! Folytat\u00e1shoz haszn\u00e1ld a K\u00d6VETKEZ\u0150 OLDAL gombot!<\/strong><\/span><\/h3>\n<h3 style=\"text-align: right;\"><a href=\"https:\/\/online-filmkatarzis.com\/kucko\/hirek\/elkaptak-egressy-matyas-elkovetojet\/\" target=\"_blank\" rel=\"noopener\"><span style=\"color: #ff0000;\">&#8212;&gt;&gt; K\u00d6VETKEZ\u0150 OLDAL<\/span><\/a><\/h3>\n<p>A Clio felf\u00fcggeszt\u00e9s\u00e9nek hangol\u00e1sa Renault-t\u00f3l megszokott m\u00f3don ink\u00e1bb a k\u00e9nyelmet c\u00e9lozza meg, mint a feszes sportoss\u00e1got: a rug\u00f3z\u00e1s el\u00e9g j\u00f3l elnyeli az \u00fathib\u00e1kat, \u00edgy a v\u00e1rosi j\u00e1rd\u00e1kon vagy rossz min\u0151s\u00e9g\u0171 burkolaton is sima, komfortos utaz\u00e1st biztos\u00edt. Ez viszont azt is jelenti, hogy kanyarokban \u00e9s gyors ir\u00e1nyv\u00e1lt\u00e1sokn\u00e1l n\u00e9mi \u201etestd\u0151l\u00e9st\u201d tapasztalhatunk \u2013 nem annyira prec\u00edz vagy \u00e9l\u00e9nk aut\u00f3\u00e9rzetet, mint amit egy Ford Fiesta vagy SEAT Ibiza k\u00edn\u00e1l, amelyeket gyakran referenciak\u00e9nt haszn\u00e1lnak a szuperminik dinamikai tulajdons\u00e1gainak \u00f6sszehasonl\u00edt\u00e1sakor. Azonban a Clio kiegyens\u00falyozott fut\u00f3m\u0171-be\u00e1ll\u00edt\u00e1sa sokak sz\u00e1m\u00e1ra pont azt a nyugodt, kisz\u00e1m\u00edthat\u00f3 menettulajdons\u00e1got adja, amelyet a mindennapi haszn\u00e1lat sor\u00e1n \u00e9rt\u00e9kelnek.<\/p>\n<p>A bels\u0151 t\u00e9r funkcionalit\u00e1sa \u00e9s min\u0151s\u00e9ge a kateg\u00f3ri\u00e1ban versenyk\u00e9pes: b\u00e1r vannak m\u0171anyag fel\u00fcletek, mint sok m\u00e1s kisaut\u00f3ban is, a Clio haszn\u00e1lhat\u00f3s\u00e1ga \u00e9s ergon\u00f3mi\u00e1ja egyar\u00e1nt j\u00f3. A vezet\u0151 \u00e9s utasai sz\u00e1m\u00e1ra megfelel\u0151 hely \u00e1ll rendelkez\u00e9sre; a h\u00e1ts\u00f3 \u00fcl\u00e9s ter\u00fclete meglep\u0151en t\u00e1gasnak mondhat\u00f3 egy ilyen r\u00f6vid, alig t\u00f6bb mint n\u00e9gy m\u00e9teres karossz\u00e9ri\u00e1ban, \u00edgy feln\u0151ttek sz\u00e1m\u00e1ra is k\u00e9nyelmes marad m\u00e9g hosszabb utakon is. Emellett a 391 literes csomagt\u00e9r kiemelked\u0151en nagy a szupermini mez\u0151nyben, t\u00f6bbek k\u00f6z\u00f6tt az\u00e9rt is, mert nagyobb, mint p\u00e9ld\u00e1ul egy VW Golf csomagtere, \u00edgy a Clio k\u00f6nnyen haszn\u00e1lhat\u00f3 kisebb csal\u00e1di utakra vagy h\u00e9tv\u00e9gi kiruccan\u00e1sokhoz is.<\/p>\n<p>A technol\u00f3giai felszerelts\u00e9g tekintet\u00e9ben a bel\u00e9p\u0151 Iconic Edition v\u00e1ltozat is m\u00e1r b\u0151s\u00e9ges alapfelszerelts\u00e9get k\u00edn\u00e1l. A j\u00e1rm\u0171ben megtal\u00e1lhat\u00f3 a 7-colos \u00e9rint\u0151k\u00e9perny\u0151s infotainment rendszer, amely t\u00e1mogatja az Apple CarPlay-t \u00e9s Android Auto-t, valamint be\u00e9p\u00edtett navig\u00e1ci\u00f3t is k\u00edn\u00e1l. A biztons\u00e1g \u00e9s vezet\u00e9st\u00e1mogat\u00e1s ter\u00e9n m\u00e1r ebben a szintben is j\u00e1r parkol\u00f3szenzor, teljes kulcsn\u00e9lk\u00fcli m\u0171k\u00f6dtet\u00e9s, tempomat \u00e9s s\u00e1velhagy\u00e1s-figyelmeztet\u00e9s, amelyek a modern k\u00f6zleked\u00e9s sor\u00e1n sokat sz\u00e1m\u00edtanak mind a vezet\u0151, mind az utasok biztons\u00e1ga \u00e9s k\u00e9nyelme szempontj\u00e1b\u00f3l. A min\u0151s\u00e9gi \u00e9rzetet tov\u00e1bb fokozz\u00e1k a finoman kidolgozott kapcsol\u00f3k \u00e9s az olyan r\u00e9szletek, mint a m\u0171szerfal f\u00f6l\u00f6tti puha tapint\u00e1s\u00fa fel\u00fclet, b\u00e1r a teljes bels\u0151 t\u00e9r nem \u00e9ri el a pr\u00e9mium kateg\u00f3ri\u00e1s aut\u00f3k min\u0151s\u00e9gi szintj\u00e9t.<\/p>\n<p>A Renault Clio tov\u00e1bbra is az egyik legpraktikusabb kisaut\u00f3nak sz\u00e1m\u00edt a szegmensben, k\u00fcl\u00f6n\u00f6sen azzal, hogy a Clio modellsorozatot az Auto Express 2022-ben \u201eSupermini of the Year 2022\u201d c\u00edmmel is elismerte, ami azt bizony\u00edtja, hogy a szakmai kritikusok szerint a modell kiv\u00e1l\u00f3 kompromisszumot ny\u00fajt a st\u00edlus, t\u00e9r, felszerelts\u00e9g \u00e9s vezethet\u0151s\u00e9g k\u00f6z\u00f6tt.<\/p>\n<p>Mindezek ellen\u00e9re nem minden t\u00f6k\u00e9letes: egyes v\u00e1s\u00e1rl\u00f3k hi\u00e1nyolj\u00e1k, hogy az anal\u00f3g m\u0171szerek vagy a kisebb digit\u00e1lis kijelz\u0151 mellett nem \u00e9rhet\u0151 el a teljesen digit\u00e1lis m\u0171szeregys\u00e9g \u00e9s a nagyobb, modernabb infotainment rendszer, amelyet p\u00e9ld\u00e1ul n\u00e9h\u00e1ny riv\u00e1lis modell m\u00e1r k\u00edn\u00e1l. Ez a hi\u00e1nyoss\u00e1g nem felt\u00e9tlen\u00fcl rontja a haszn\u00e1lhat\u00f3s\u00e1got, de n\u00e9mileg visszafogja az aut\u00f3 modern technol\u00f3giai \u00e9rzet\u00e9t a bels\u0151 t\u00e9rben.<\/p>\n","protected":false},"excerpt":{"rendered":"<p>Eg\u00e9sz Magyarorsz\u00e1g d\u00f6bbenten figyelte az elm\u00falt hetekben Egressy M\u00e1ty\u00e1s elt\u0171n\u00e9s\u00e9nek minden \u00fajabb fejlem\u00e9ny\u00e9t. A mind\u00f6ssze 18 \u00e9ves, tehets\u00e9ges teniszez\u0151 janu\u00e1r 17-\u00e9n veszett nyoma, miut\u00e1n bar\u00e1taival a belv\u00e1rosi \u00d6tkertben bulizott. Az \u00e9jszaka sor\u00e1n&#8230;<\/p>\n","protected":false},"author":1,"featured_media":10039,"comment_status":"open","ping_status":"open","sticky":false,"template":"","format":"standard","meta":{"footnotes":""},"categories":[2],"tags":[],"class_list":["post-10038","post","type-post","status-publish","format-standard","has-post-thumbnail","hentry","category-altalanos"],"aioseo_notices":[],"_links":{"self":[{"href":"https:\/\/online-filmkatarzis.com\/kucko\/wp-json\/wp\/v2\/posts\/10038","targetHints":{"allow":["GET"]}}],"collection":[{"href":"https:\/\/online-filmkatarzis.com\/kucko\/wp-json\/wp\/v2\/posts"}],"about":[{"href":"https:\/\/online-filmkatarzis.com\/kucko\/wp-json\/wp\/v2\/types\/post"}],"author":[{"embeddable":true,"href":"https:\/\/online-filmkatarzis.com\/kucko\/wp-json\/wp\/v2\/users\/1"}],"replies":[{"embeddable":true,"href":"https:\/\/online-filmkatarzis.com\/kucko\/wp-json\/wp\/v2\/comments?post=10038"}],"version-history":[{"count":6,"href":"https:\/\/online-filmkatarzis.com\/kucko\/wp-json\/wp\/v2\/posts\/10038\/revisions"}],"predecessor-version":[{"id":10140,"href":"https:\/\/online-filmkatarzis.com\/kucko\/wp-json\/wp\/v2\/posts\/10038\/revisions\/10140"}],"wp:featuredmedia":[{"embeddable":true,"href":"https:\/\/online-filmkatarzis.com\/kucko\/wp-json\/wp\/v2\/media\/10039"}],"wp:attachment":[{"href":"https:\/\/online-filmkatarzis.com\/kucko\/wp-json\/wp\/v2\/media?parent=10038"}],"wp:term":[{"taxonomy":"category","embeddable":true,"href":"https:\/\/online-filmkatarzis.com\/kucko\/wp-json\/wp\/v2\/categories?post=10038"},{"taxonomy":"post_tag","embeddable":true,"href":"https:\/\/online-filmkatarzis.com\/kucko\/wp-json\/wp\/v2\/tags?post=10038"}],"curies":[{"name":"wp","href":"https:\/\/api.w.org\/{rel}","templated":true}]}}