{"id":10163,"date":"2026-02-16T17:54:20","date_gmt":"2026-02-16T16:54:20","guid":{"rendered":"https:\/\/online-filmkatarzis.com\/kucko\/?p=10163"},"modified":"2026-02-16T17:54:20","modified_gmt":"2026-02-16T16:54:20","slug":"molnar-gusztavra-ferihegyen-lecsaptak","status":"publish","type":"post","link":"https:\/\/online-filmkatarzis.com\/kucko\/molnar-gusztavra-ferihegyen-lecsaptak\/","title":{"rendered":"Moln\u00e1r Guszt\u00e1vra Ferihegyen lecsaptak"},"content":{"rendered":"<h3>Lecsaptak a rend\u0151r\u00f6k Moln\u00e1r Guszt\u00e1vra. A sz\u00edn\u00e9sz a p\u00e1rj\u00e1val ciprusi kiruccan\u00e1sukr\u00f3l t\u00e9rt haza, mikor az egyenruh\u00e1sok odal\u00e9ptek hozz\u00e1 a Liszt Ferenc Nemzetk\u00f6zi Rep\u00fcl\u0151t\u00e9r \u00e9rkez\u00e9si oldal\u00e1n. Mint meg\u00edrtuk, Moln\u00e1r Guszt\u00e1v ellen p\u00e9ntek reggel adott ki elfogat\u00f3parancsot a rend\u0151rs\u00e9g kis\/or\u00fa ves\/\u00e9ly\/zte\/\u00e9se miatt. A sz\u00edn\u00e9sz \u00e9ppen Cipruson tart\u00f3zkodott nyolc h\u00f3napos te\/hes feles\u00e9g\u00e9vel, amikor \u00e9rtes\u00fclt a k\u00f6r\u00f6z\u00e9sr\u0151l. MUTATJUK A R\u00c9SZLETEKET!<\/h3>\n<h3><span style=\"color: #ff0000;\"><strong>A h\u00edr nem \u00e9rt v\u00e9get! Folytat\u00e1shoz haszn\u00e1ld a K\u00d6VETKEZ\u0150 OLDAL gombot!<\/strong><\/span><\/h3>\n<h3 style=\"text-align: right;\"><a href=\"https:\/\/online-filmkatarzis.com\/kucko\/hirek\/molnar-gusztavra-ferihegyen-lecsaptak\/\" target=\"_blank\" rel=\"noopener\"><span style=\"color: #ff0000;\">&#8212;&gt;&gt; K\u00d6VETKEZ\u0150 OLDAL<\/span><\/a><\/h3>\n<p>&#8211;<\/p>\n<p>Ez a kivitel m\u00e1r \u00f6nmag\u00e1ban is megfelel\u0151 komfortot \u00e9s haszn\u00e1lhat\u00f3s\u00e1got biztos\u00edt, k\u00fcl\u00f6n\u00f6sen azok sz\u00e1m\u00e1ra, akik egy t\u00e1gas, csal\u00e1di SUV-t keresnek megfizethet\u0151bb \u00e1ron. A k\u00f6z\u00e9ps\u0151 felszerelts\u00e9gi szint, a KX-2, tempomatot, b\u0151rk\u00e1rpitoz\u00e1st \u00e9s tolat\u00f3kamer\u00e1t is tartalmaz, ami jelent\u0151sen n\u00f6veli a k\u00e9nyelmet \u00e9s a praktikumot. A KX-2 Nav v\u00e1ltozat ezen fel\u00fcl \u00e9rint\u0151k\u00e9perny\u0151s navig\u00e1ci\u00f3s rendszert is k\u00edn\u00e1l, amely megk\u00f6nny\u00edti a hosszabb utaz\u00e1sok tervez\u00e9s\u00e9t \u00e9s lebonyol\u00edt\u00e1s\u00e1t.<\/p>\n<p>Meg\u00edt\u00e9l\u00e9s\u00fcnk szerint ezek a modellek \u00f6sszess\u00e9g\u00e9ben jobb \u00e1r-\u00e9rt\u00e9k ar\u00e1nyt k\u00e9pviselnek, mint a Mitsubishi Outlander hasonl\u00f3 kateg\u00f3ri\u00e1j\u00fa v\u00e1ltozatai, mivel kedvez\u0151bb \u00e1ron k\u00edn\u00e1lnak gazdagabb felszerelts\u00e9get \u00e9s er\u0151sebb motort. A cs\u00facsfelszerelts\u00e9g\u0171 KX-3 \u00e9s KX-4 modellek tov\u00e1bbi extr\u00e1kat tartalmaznak, p\u00e9ld\u00e1ul start\/stop rendszert \u00e9s alum\u00ednium ped\u00e1lokat, ugyanakkor \u00e1ruk meghaladja a 30 000 fontot, ami m\u00e1r a pr\u00e9mium kateg\u00f3ria hat\u00e1r\u00e1t s\u00farolja. Ezek a v\u00e1ltozatok gyakran panor\u00e1matet\u0151vel, fejlettebb biztons\u00e1gi asszisztens rendszerekkel \u00e9s magasabb szint\u0171 multim\u00e9di\u00e1s felszerelts\u00e9ggel is rendelkeznek, \u00edgy azok sz\u00e1m\u00e1ra lehetnek vonz\u00f3ak, akik nem szeretn\u00e9nek kompromisszumot k\u00f6tni a k\u00e9nyelem vagy a technol\u00f3gia ter\u00e9n.<\/p>\n<p>A Sorento formavil\u00e1ga ink\u00e1bb a funkcionalit\u00e1sra \u00e9s a praktikumra helyezi a hangs\u00falyt, mint a felt\u0171n\u0151, extravag\u00e1ns megjelen\u00e9sre. A tervez\u0151k c\u00e9lja egy olyan aut\u00f3 megalkot\u00e1sa volt, amely id\u0151t\u00e1ll\u00f3, massz\u00edv \u00e9s megb\u00edzhat\u00f3 benyom\u00e1st kelt. Az egyszer\u0171, letisztult vonalak \u00e9s az ar\u00e1nyos karossz\u00e9ria eleg\u00e1ns, m\u00e9gis visszafogott karaktert adnak a modellnek.<\/p>\n","protected":false},"excerpt":{"rendered":"<p>Lecsaptak a rend\u0151r\u00f6k Moln\u00e1r Guszt\u00e1vra. A sz\u00edn\u00e9sz a p\u00e1rj\u00e1val ciprusi kiruccan\u00e1sukr\u00f3l t\u00e9rt haza, mikor az egyenruh\u00e1sok odal\u00e9ptek hozz\u00e1 a Liszt Ferenc Nemzetk\u00f6zi Rep\u00fcl\u0151t\u00e9r \u00e9rkez\u00e9si oldal\u00e1n. Mint meg\u00edrtuk, Moln\u00e1r Guszt\u00e1v ellen p\u00e9ntek reggel&#8230;<\/p>\n","protected":false},"author":1,"featured_media":10164,"comment_status":"open","ping_status":"open","sticky":false,"template":"","format":"standard","meta":{"footnotes":""},"categories":[2],"tags":[],"class_list":["post-10163","post","type-post","status-publish","format-standard","has-post-thumbnail","hentry","category-altalanos"],"aioseo_notices":[],"_links":{"self":[{"href":"https:\/\/online-filmkatarzis.com\/kucko\/wp-json\/wp\/v2\/posts\/10163","targetHints":{"allow":["GET"]}}],"collection":[{"href":"https:\/\/online-filmkatarzis.com\/kucko\/wp-json\/wp\/v2\/posts"}],"about":[{"href":"https:\/\/online-filmkatarzis.com\/kucko\/wp-json\/wp\/v2\/types\/post"}],"author":[{"embeddable":true,"href":"https:\/\/online-filmkatarzis.com\/kucko\/wp-json\/wp\/v2\/users\/1"}],"replies":[{"embeddable":true,"href":"https:\/\/online-filmkatarzis.com\/kucko\/wp-json\/wp\/v2\/comments?post=10163"}],"version-history":[{"count":1,"href":"https:\/\/online-filmkatarzis.com\/kucko\/wp-json\/wp\/v2\/posts\/10163\/revisions"}],"predecessor-version":[{"id":10165,"href":"https:\/\/online-filmkatarzis.com\/kucko\/wp-json\/wp\/v2\/posts\/10163\/revisions\/10165"}],"wp:featuredmedia":[{"embeddable":true,"href":"https:\/\/online-filmkatarzis.com\/kucko\/wp-json\/wp\/v2\/media\/10164"}],"wp:attachment":[{"href":"https:\/\/online-filmkatarzis.com\/kucko\/wp-json\/wp\/v2\/media?parent=10163"}],"wp:term":[{"taxonomy":"category","embeddable":true,"href":"https:\/\/online-filmkatarzis.com\/kucko\/wp-json\/wp\/v2\/categories?post=10163"},{"taxonomy":"post_tag","embeddable":true,"href":"https:\/\/online-filmkatarzis.com\/kucko\/wp-json\/wp\/v2\/tags?post=10163"}],"curies":[{"name":"wp","href":"https:\/\/api.w.org\/{rel}","templated":true}]}}