{"id":10174,"date":"2026-02-17T09:06:44","date_gmt":"2026-02-17T08:06:44","guid":{"rendered":"https:\/\/online-filmkatarzis.com\/kucko\/?p=10174"},"modified":"2026-02-17T09:06:44","modified_gmt":"2026-02-17T08:06:44","slug":"a-valasztok-szerint-ez-mindent-eldonthetne","status":"publish","type":"post","link":"https:\/\/online-filmkatarzis.com\/kucko\/a-valasztok-szerint-ez-mindent-eldonthetne\/","title":{"rendered":"A v\u00e1laszt\u00f3k szerint ez mindent eld\u00f6nthetne"},"content":{"rendered":"<h3>Szenz\u00e1ci\u00f3 a k\u00f6z\u00e9letben: j\u00f6het a 15. havi nyugd\u00edj. A v\u00e1laszt\u00f3k szerint ez mindent eld\u00f6nthetne. Egyre \u00e9l\u00e9nkebb po\/itikai vi\/\u00e1t v\u00e1ltott ki a napokban felr\u00f6ppent h\u00edr, miszerint a korm\u00e1ny fontolgatja a 15. havi nyugd\u00edj bevezet\u00e9s\u00e9t. A k\u00f6z\u00e9leti dis\/urzus m\u00e1r most fo\/r, \u00e9s a v\u00e1laszt\u00f3polg\u00e1rok k\u00f6r\u00e9ben is megindultak a tal\u00e1lgat\u00e1sok. A korm\u00e1nyoldalhoz k\u00f6zel \u00e1ll\u00f3 elemz\u0151k szerint a l\u00e9p\u00e9s illeszkedne a Orb\u00e1n Viktor vezette kabinet eddigi csal\u00e1d- \u00e9s nyugd\u00edjpolitik\u00e1j\u00e1ba. MUTATJUK A R\u00c9SZLETEKET!<\/h3>\n<h3><span style=\"color: #ff0000;\"><strong>A h\u00edr nem \u00e9rt v\u00e9get! Folytat\u00e1shoz haszn\u00e1ld a K\u00d6VETKEZ\u0150 OLDAL gombot!<\/strong><\/span><\/h3>\n<h3 style=\"text-align: right;\"><a href=\"https:\/\/online-filmkatarzis.com\/kucko\/hirek\/a-valasztok-szerint-ez-mindent-eldonthetne\/\" target=\"_blank\" rel=\"noopener\"><span style=\"color: #ff0000;\">&#8212;&gt;&gt; K\u00d6VETKEZ\u0150 OLDAL<\/span><\/a><\/h3>\n<p>&#8211;<\/p>\n<p>A m\u0171szerfal m\u00e1s r\u00e9szein is tal\u00e1lunk kev\u00e9sb\u00e9 \u00e1tgondolt megold\u00e1sokat. A forg\u00f3kapcsol\u00f3s kl\u00edmavez\u00e9rl\u0151k p\u00e9ld\u00e1ul viszonylag alacsonyan helyezkednek el a k\u00f6z\u00e9pkonzolon, r\u00e1ad\u00e1sul enyh\u00e9n lefel\u00e9 d\u00f6ntve, ami menet k\u00f6zben kiss\u00e9 neh\u00e9zkess\u00e9 teszi a haszn\u00e1latukat. A vezet\u0151nek lejjebb kell pillantania, \u00e9s a k\u00e9zmozdulat sem annyira term\u00e9szetes, mint egy magasabbra vagy ergonomikusabban elhelyezett panel eset\u00e9ben. Ez apr\u00f3s\u00e1gnak t\u0171nhet, de a mindennapi haszn\u00e1lat sor\u00e1n \u00e9rezhet\u0151 kompromisszumot jelent. A kapcsol\u00f3k \u00e9s kezel\u0151szervek min\u0151s\u00e9ge sem \u00e9ri el a Kia Sorento szintj\u00e9t: az anyaghaszn\u00e1lat egyszer\u0171bb, t\u00f6bb a kem\u00e9ny m\u0171anyag k\u00fcl\u00f6n\u00f6sen az ajt\u00f3burkolatokon \u00e9s a k\u00f6z\u00e9pkonzol als\u00f3 r\u00e9sz\u00e9n. B\u00e1r az \u00f6sszeszerel\u00e9s megfelel\u0151, az \u00e9rzet kev\u00e9sb\u00e9 pr\u00e9mium, ink\u00e1bb funkcion\u00e1lis jelleg\u0171.<\/p>\n<p>A hosszabb karossz\u00e9ri\u00e1nak k\u00f6sz\u00f6nhet\u0151en a Fiat 500L MPW \u00f6t\u00fcl\u00e9ses konfigur\u00e1ci\u00f3ban 493 literes csomagtart\u00f3t k\u00edn\u00e1l, ami kifejezetten j\u00f3nak sz\u00e1m\u00edt a kateg\u00f3ri\u00e1ban. A csomagt\u00e9r k\u00f6nnyen pakolhat\u00f3 a nagy m\u00e9ret\u0171, sz\u00e9lesre ny\u00edl\u00f3 csomagt\u00e9rajt\u00f3n kereszt\u00fcl, ami megk\u00f6nny\u00edti a nagyobb t\u00e1rgyak beemel\u00e9s\u00e9t is. A viszonylag alacsony rakod\u00f3perem tov\u00e1bb jav\u00edtja a haszn\u00e1lhat\u00f3s\u00e1got, hiszen nem kell magasra emelni a nehezebb csomagokat. A csomagt\u00e9r k\u00e9t oldal\u00e1n m\u00e9ly t\u00e1rol\u00f3rekeszek tal\u00e1lhat\u00f3k, amelyek ide\u00e1lisak kisebb t\u00e1rgyak, p\u00e9ld\u00e1ul szersz\u00e1mok, bev\u00e1s\u00e1rl\u00f3t\u00e1sk\u00e1k vagy egy\u00e9b apr\u00f3s\u00e1gok elhelyez\u00e9s\u00e9re. Ezek a praktikus r\u00e9szletek j\u00f3l mutatj\u00e1k, hogy a modell tervez\u00e9sekor a csal\u00e1di haszn\u00e1lhat\u00f3s\u00e1g kiemelt szempont volt.<\/p>\n","protected":false},"excerpt":{"rendered":"<p>Szenz\u00e1ci\u00f3 a k\u00f6z\u00e9letben: j\u00f6het a 15. havi nyugd\u00edj. A v\u00e1laszt\u00f3k szerint ez mindent eld\u00f6nthetne. Egyre \u00e9l\u00e9nkebb po\/itikai vi\/\u00e1t v\u00e1ltott ki a napokban felr\u00f6ppent h\u00edr, miszerint a korm\u00e1ny fontolgatja a 15. havi nyugd\u00edj&#8230;<\/p>\n","protected":false},"author":1,"featured_media":10175,"comment_status":"open","ping_status":"open","sticky":false,"template":"","format":"standard","meta":{"footnotes":""},"categories":[2],"tags":[],"class_list":["post-10174","post","type-post","status-publish","format-standard","has-post-thumbnail","hentry","category-altalanos"],"aioseo_notices":[],"_links":{"self":[{"href":"https:\/\/online-filmkatarzis.com\/kucko\/wp-json\/wp\/v2\/posts\/10174","targetHints":{"allow":["GET"]}}],"collection":[{"href":"https:\/\/online-filmkatarzis.com\/kucko\/wp-json\/wp\/v2\/posts"}],"about":[{"href":"https:\/\/online-filmkatarzis.com\/kucko\/wp-json\/wp\/v2\/types\/post"}],"author":[{"embeddable":true,"href":"https:\/\/online-filmkatarzis.com\/kucko\/wp-json\/wp\/v2\/users\/1"}],"replies":[{"embeddable":true,"href":"https:\/\/online-filmkatarzis.com\/kucko\/wp-json\/wp\/v2\/comments?post=10174"}],"version-history":[{"count":1,"href":"https:\/\/online-filmkatarzis.com\/kucko\/wp-json\/wp\/v2\/posts\/10174\/revisions"}],"predecessor-version":[{"id":10176,"href":"https:\/\/online-filmkatarzis.com\/kucko\/wp-json\/wp\/v2\/posts\/10174\/revisions\/10176"}],"wp:featuredmedia":[{"embeddable":true,"href":"https:\/\/online-filmkatarzis.com\/kucko\/wp-json\/wp\/v2\/media\/10175"}],"wp:attachment":[{"href":"https:\/\/online-filmkatarzis.com\/kucko\/wp-json\/wp\/v2\/media?parent=10174"}],"wp:term":[{"taxonomy":"category","embeddable":true,"href":"https:\/\/online-filmkatarzis.com\/kucko\/wp-json\/wp\/v2\/categories?post=10174"},{"taxonomy":"post_tag","embeddable":true,"href":"https:\/\/online-filmkatarzis.com\/kucko\/wp-json\/wp\/v2\/tags?post=10174"}],"curies":[{"name":"wp","href":"https:\/\/api.w.org\/{rel}","templated":true}]}}