{"id":10180,"date":"2026-02-17T16:39:27","date_gmt":"2026-02-17T15:39:27","guid":{"rendered":"https:\/\/online-filmkatarzis.com\/kucko\/?p=10180"},"modified":"2026-02-17T16:41:35","modified_gmt":"2026-02-17T15:41:35","slug":"sokkal-korabban-lesz-iden-az-oraatallitas","status":"publish","type":"post","link":"https:\/\/online-filmkatarzis.com\/kucko\/sokkal-korabban-lesz-iden-az-oraatallitas\/","title":{"rendered":"Sokkal kor\u00e1bban lesz id\u00e9n az \u00f3ra\u00e1t\u00e1ll\u00edt\u00e1s!"},"content":{"rendered":"<h3>Sokan m\u00e1r most a napt\u00e1rra kapt\u00e1k a fej\u00fcket: t\u00e9nyleg el\u0151r\u00e9bb hozt\u00e1k az \u00f3ra\u00e1t\u00e1ll\u00edt\u00e1st? Az Eur\u00f3pai Uni\u00f3 ter\u00fclet\u00e9n tov\u00e1bbra is \u00e9vente k\u00e9tszer tekerj\u00fck az \u00f3r\u00e1kat, de 2026-ban valami szokatlan t\u00f6rt\u00e9nik. A tavaszi \u00e1t\u00e1ll\u00e1s sokkal kor\u00e1bban \u00e9rkezik, mint 2025-ben! MUTATJUK A R\u00c9SZLETEKET!<\/h3>\n<h3><span style=\"color: #ff0000;\"><strong>A h\u00edr nem \u00e9rt v\u00e9get! Folytat\u00e1shoz haszn\u00e1ld a K\u00d6VETKEZ\u0150 OLDAL gombot!<\/strong><\/span><\/h3>\n<h3><strong><!--nextpage--><\/strong><\/h3>\n<h3>Tavaly m\u00e9g m\u00e1rcius 30-\u00e1n, vas\u00e1rnap kellett \u00e1t\u00e1ll\u00edtani az id\u0151t. Ez\u00e9vben m\u00e1r sokkal kor\u00e1bban. Mi \u00e1ll a h\u00e1tt\u00e9rben? Titkos d\u00f6nt\u00e9s? \u00daj szab\u00e1ly? Vagy valami eg\u00e9szen m\u00e1s?<br \/>\nA magyar\u00e1zat egyszer\u0171bb, mint hinn\u00e9nk \u2013 de ett\u0151l m\u00e9g nem kev\u00e9sb\u00e9 meglep\u0151. Az EU-ban a ny\u00e1ri id\u0151sz\u00e1m\u00edt\u00e1s kezdete minden \u00e9vben m\u00e1rcius utols\u00f3 vas\u00e1rnapj\u00e1ra esik. Csakhogy a napt\u00e1r nem ugyan\u00fagy alakul minden esztend\u0151ben: a h\u00f3nap napjai v\u00e1ndorolnak a h\u00e9t k\u00fcl\u00f6nb\u00f6z\u0151 napjaira.<br \/>\nEZ\u00c9RT M\u00c1R EKKOR \u00c1T KELL \u00c1LL\u00cdTANI AZ \u00d3R\u00c1T! MUTATJUK!<\/h3>\n<h3><span style=\"color: #ff0000;\"><strong>A h\u00edr nem \u00e9rt v\u00e9get! Folytat\u00e1shoz haszn\u00e1ld a K\u00d6VETKEZ\u0150 OLDAL gombot!<\/strong><\/span><\/h3>\n<h3><strong><!--nextpage--><\/strong><\/h3>\n<h3>2026-ban m\u00e1rcius 29. az utols\u00f3 vas\u00e1rnap, m\u00edg 2025-ben ez 30-\u00e1ra esett. Nincs teh\u00e1t rendk\u00edv\u00fcli d\u00f6nt\u00e9s, csup\u00e1n a j\u00f3l ismert szab\u00e1ly \u00e9rv\u00e9nyes\u00fcl. Az \u00e1t\u00e1ll\u00edt\u00e1s a m\u00e1rcius 28-r\u00f3l 29-re virrad\u00f3 \u00e9jszak\u00e1n t\u00f6rt\u00e9nik: hajnali 2 \u00f3rakor 3 \u00f3r\u00e1ra kell el\u0151re\u00e1ll\u00edtani az \u00f3r\u00e1kat \u2013 \u00e9s ezzel egy teljes \u00f3r\u00e1t vesz\u00edt\u00fcnk az \u00e9let\u00fcnkb\u0151l.<br \/>\n\u00c9s itt j\u00f6n a val\u00f3di fesz\u00fclts\u00e9g: az \u00f3ra\u00e1t\u00e1ll\u00edt\u00e1s \u00e9vek \u00f3ta heves vit\u00e1k keresztt\u00fcz\u00e9ben \u00e1ll. A rendszert m\u00e9g 1980-ban vezett\u00e9k be egys\u00e9gesen az akkori Eur\u00f3pai K\u00f6z\u00f6ss\u00e9gben, energiatakar\u00e9koss\u00e1gi \u00e9s gazdas\u00e1gi okokb\u00f3l, de az\u00f3ta sok minden megv\u00e1ltozott. Szak\u00e9rt\u0151k szerint a biol\u00f3giai ritmus felborul, n\u0151 az alv\u00e1szavarok \u00e9s a koncentr\u00e1ci\u00f3s probl\u00e9m\u00e1k sz\u00e1ma. 2018-ban az Eur\u00f3pai Bizotts\u00e1g konzult\u00e1ci\u00f3t is ind\u00edtott a megsz\u00fcntet\u00e9sr\u0151l, ahol a t\u00f6bbs\u00e9g az elt\u00f6rl\u00e9sre szavazott. A tag\u00e1llamok azonban az\u00f3ta sem tudtak d\u0171l\u0151re jutni: maradjon a ny\u00e1ri vagy a t\u00e9li id\u0151sz\u00e1m\u00edt\u00e1s? Am\u00edg nincs megegyez\u00e9s, addig marad az \u00e9venk\u00e9nti k\u00e9tszeri \u00f3ra\u00e1t\u00e1ll\u00edt\u00e1s \u2013 \u00e9s vele egy\u00fctt a k\u00e9rd\u00e9s: meddig m\u00e9g?<br \/>\n\u00d6N MIT GONDOL? VAN \u00c9RTELME AZ \u00d3RA\u00c1T\u00c1LL\u00cdT\u00c1SNAK?<\/h3>\n<p>VIA propeller<\/p>\n","protected":false},"excerpt":{"rendered":"<p>Sokan m\u00e1r most a napt\u00e1rra kapt\u00e1k a fej\u00fcket: t\u00e9nyleg el\u0151r\u00e9bb hozt\u00e1k az \u00f3ra\u00e1t\u00e1ll\u00edt\u00e1st? Az Eur\u00f3pai Uni\u00f3 ter\u00fclet\u00e9n tov\u00e1bbra is \u00e9vente k\u00e9tszer tekerj\u00fck az \u00f3r\u00e1kat, de 2026-ban valami szokatlan t\u00f6rt\u00e9nik. A tavaszi \u00e1t\u00e1ll\u00e1s&#8230;<\/p>\n","protected":false},"author":1,"featured_media":10181,"comment_status":"open","ping_status":"open","sticky":false,"template":"","format":"standard","meta":{"footnotes":""},"categories":[2],"tags":[],"class_list":["post-10180","post","type-post","status-publish","format-standard","has-post-thumbnail","hentry","category-altalanos"],"aioseo_notices":[],"_links":{"self":[{"href":"https:\/\/online-filmkatarzis.com\/kucko\/wp-json\/wp\/v2\/posts\/10180","targetHints":{"allow":["GET"]}}],"collection":[{"href":"https:\/\/online-filmkatarzis.com\/kucko\/wp-json\/wp\/v2\/posts"}],"about":[{"href":"https:\/\/online-filmkatarzis.com\/kucko\/wp-json\/wp\/v2\/types\/post"}],"author":[{"embeddable":true,"href":"https:\/\/online-filmkatarzis.com\/kucko\/wp-json\/wp\/v2\/users\/1"}],"replies":[{"embeddable":true,"href":"https:\/\/online-filmkatarzis.com\/kucko\/wp-json\/wp\/v2\/comments?post=10180"}],"version-history":[{"count":2,"href":"https:\/\/online-filmkatarzis.com\/kucko\/wp-json\/wp\/v2\/posts\/10180\/revisions"}],"predecessor-version":[{"id":10183,"href":"https:\/\/online-filmkatarzis.com\/kucko\/wp-json\/wp\/v2\/posts\/10180\/revisions\/10183"}],"wp:featuredmedia":[{"embeddable":true,"href":"https:\/\/online-filmkatarzis.com\/kucko\/wp-json\/wp\/v2\/media\/10181"}],"wp:attachment":[{"href":"https:\/\/online-filmkatarzis.com\/kucko\/wp-json\/wp\/v2\/media?parent=10180"}],"wp:term":[{"taxonomy":"category","embeddable":true,"href":"https:\/\/online-filmkatarzis.com\/kucko\/wp-json\/wp\/v2\/categories?post=10180"},{"taxonomy":"post_tag","embeddable":true,"href":"https:\/\/online-filmkatarzis.com\/kucko\/wp-json\/wp\/v2\/tags?post=10180"}],"curies":[{"name":"wp","href":"https:\/\/api.w.org\/{rel}","templated":true}]}}