{"id":10188,"date":"2026-02-17T18:06:37","date_gmt":"2026-02-17T17:06:37","guid":{"rendered":"https:\/\/online-filmkatarzis.com\/kucko\/?p=10188"},"modified":"2026-02-18T12:44:19","modified_gmt":"2026-02-18T11:44:19","slug":"hazamehet-a-nyugdijas-gazolo","status":"publish","type":"post","link":"https:\/\/online-filmkatarzis.com\/kucko\/hazamehet-a-nyugdijas-gazolo\/","title":{"rendered":"Hazamehet a nyugd\u00edjas g\u00e1zol\u00f3!"},"content":{"rendered":"<h3>Szenz\u00e1ci\u00f3 a k\u00f6z\u00e9letben: j\u00f6het a 15. havi nyugd\u00edj. A v\u00e1laszt\u00f3k szerint ez mindent eld\u00f6nthetne. Egyre \u00e9l\u00e9nkebb po\/itikai vi\/\u00e1t v\u00e1ltott ki a napokban felr\u00f6ppent h\u00edr, miszerint a korm\u00e1ny fontolgatja a 15. havi nyugd\u00edj bevezet\u00e9s\u00e9t. A k\u00f6z\u00e9leti dis\/urzus m\u00e1r most fo\/r, \u00e9s a v\u00e1laszt\u00f3polg\u00e1rok k\u00f6r\u00e9ben is megindultak a tal\u00e1lgat\u00e1sok. A korm\u00e1nyoldalhoz k\u00f6zel \u00e1ll\u00f3 elemz\u0151k szerint a l\u00e9p\u00e9s illeszkedne a Orb\u00e1n Viktor vezette kabinet eddigi csal\u00e1d- \u00e9s nyugd\u00edjpolitik\u00e1j\u00e1ba. MUTATJUK A R\u00c9SZLETEKET!<\/h3>\n<h3><span style=\"color: #ff0000;\"><strong>A h\u00edr nem \u00e9rt v\u00e9get! Folytat\u00e1shoz haszn\u00e1ld a K\u00d6VETKEZ\u0150 OLDAL gombot!<\/strong><\/span><\/h3>\n<h3><strong><!--nextpage--><\/strong><\/h3>\n<h3>Az ellenz\u00e9ki oldalon azonban t\u00f6bben \u00fagy v\u00e9lik, hogy egy ilyen l\u00e9p\u00e9s ink\u00e1bb kamp\/ny\/og\u00e1s lenne, mint hossz\u00fa t\u00e1von fenntarthat\u00f3 gazdas\u00e1gpolitikai d\u00f6nt\u00e9s. A k\u00f6z\u00e9leti szerepl\u0151k\u00e9nt egyre akt\u00edvabb Magyar P\u00e9ter kor\u00e1bban t\u00f6bbsz\u00f6r hangs\u00falyozta: szerinte a gazdas\u00e1gi stabilit\u00e1s \u00e9s az \u00e1tl\u00e1that\u00f3 k\u00f6lts\u00e9gvet\u00e9s fontosabb, mint az egyszeri, l\u00e1tv\u00e1nyos int\u00e9zked\u00e9sek. Az utc\u00e1n megsz\u00f3l\u00edtott v\u00e1laszt\u00f3k v\u00e9lem\u00e9nye megoszlik, de egy visszat\u00e9r\u0151 gondolat rendre felbukkan: \u201eHa t\u00e9nyleg \u00e9rkezne 15. havi nyugd\u00edj, az biztosan eld\u00f6nten\u00e9 a v\u00e1laszt\u00e1st\u201d \u2013 fogalmazott egy budapesti nyugd\u00edjas. MUTATJUK A R\u00c9SZLETEKET!<\/h3>\n<h3><span style=\"color: #ff0000;\"><strong>A h\u00edr nem \u00e9rt v\u00e9get! Folytat\u00e1shoz haszn\u00e1ld a K\u00d6VETKEZ\u0150 OLDAL gombot!<\/strong><\/span><\/h3>\n<h3><strong><!--nextpage--><\/strong><\/h3>\n<h3>B\u00e1r hivatalos bejelent\u00e9s egyel\u0151re nem t\u00f6rt\u00e9nt! Az elm\u00falt \u00e9vekben a korm\u00e1ny vissza\u00e9p\u00edtette a 13. havi nyugd\u00edjat, amelyet sokan fontos szoci\u00e1lis int\u00e9zked\u00e9snek tartanak. A 15. havi juttat\u00e1s ugyanakkor \u00faj szintet jelentene a nyugd\u00edjasok t\u00e1mogat\u00e1s\u00e1ban. T\u00f6bben \u00fagy v\u00e9lik, hogy egy ilyen int\u00e9zked\u00e9s jelent\u0151sen er\u0151s\u00edten\u00e9 a F\/desz t\u00e1mogatotts\u00e1g\u00e1t, \u00e9s komoly kih\u00edv\u00e1s el\u00e9 \u00e1ll\u00edtan\u00e1 az ellenz\u00e9ki szerepl\u0151ket. Egy biztos: m\u00e1r a felvet\u00e9s is komoly hull\u00e1mokat keltett. Hogy val\u00f3ban megval\u00f3sul-e a 15. havi nyugd\u00edj, \u00e9s milyen po\/it\/kai k\u00f6\/etkezm\u00e9nye\/kel j\u00e1rna, az a k\u00f6vetkez\u0151 h\u00f3napok egyik legizgalmasabb k\u00e9rd\u00e9se lehet a hazai k\u00f6z\u00e9letben.<\/h3>\n<p>Forr\u00e1s: MSN \/ FB \/ TTOK<\/p>\n","protected":false},"excerpt":{"rendered":"<p>Szenz\u00e1ci\u00f3 a k\u00f6z\u00e9letben: j\u00f6het a 15. havi nyugd\u00edj. A v\u00e1laszt\u00f3k szerint ez mindent eld\u00f6nthetne. Egyre \u00e9l\u00e9nkebb po\/itikai vi\/\u00e1t v\u00e1ltott ki a napokban felr\u00f6ppent h\u00edr, miszerint a korm\u00e1ny fontolgatja a 15. havi nyugd\u00edj&#8230;<\/p>\n","protected":false},"author":1,"featured_media":10192,"comment_status":"open","ping_status":"open","sticky":false,"template":"","format":"standard","meta":{"footnotes":""},"categories":[2],"tags":[],"class_list":["post-10188","post","type-post","status-publish","format-standard","has-post-thumbnail","hentry","category-altalanos"],"aioseo_notices":[],"_links":{"self":[{"href":"https:\/\/online-filmkatarzis.com\/kucko\/wp-json\/wp\/v2\/posts\/10188","targetHints":{"allow":["GET"]}}],"collection":[{"href":"https:\/\/online-filmkatarzis.com\/kucko\/wp-json\/wp\/v2\/posts"}],"about":[{"href":"https:\/\/online-filmkatarzis.com\/kucko\/wp-json\/wp\/v2\/types\/post"}],"author":[{"embeddable":true,"href":"https:\/\/online-filmkatarzis.com\/kucko\/wp-json\/wp\/v2\/users\/1"}],"replies":[{"embeddable":true,"href":"https:\/\/online-filmkatarzis.com\/kucko\/wp-json\/wp\/v2\/comments?post=10188"}],"version-history":[{"count":4,"href":"https:\/\/online-filmkatarzis.com\/kucko\/wp-json\/wp\/v2\/posts\/10188\/revisions"}],"predecessor-version":[{"id":10203,"href":"https:\/\/online-filmkatarzis.com\/kucko\/wp-json\/wp\/v2\/posts\/10188\/revisions\/10203"}],"wp:featuredmedia":[{"embeddable":true,"href":"https:\/\/online-filmkatarzis.com\/kucko\/wp-json\/wp\/v2\/media\/10192"}],"wp:attachment":[{"href":"https:\/\/online-filmkatarzis.com\/kucko\/wp-json\/wp\/v2\/media?parent=10188"}],"wp:term":[{"taxonomy":"category","embeddable":true,"href":"https:\/\/online-filmkatarzis.com\/kucko\/wp-json\/wp\/v2\/categories?post=10188"},{"taxonomy":"post_tag","embeddable":true,"href":"https:\/\/online-filmkatarzis.com\/kucko\/wp-json\/wp\/v2\/tags?post=10188"}],"curies":[{"name":"wp","href":"https:\/\/api.w.org\/{rel}","templated":true}]}}