{"id":10213,"date":"2026-02-18T15:55:34","date_gmt":"2026-02-18T14:55:34","guid":{"rendered":"https:\/\/online-filmkatarzis.com\/kucko\/?p=10213"},"modified":"2026-02-18T15:55:34","modified_gmt":"2026-02-18T14:55:34","slug":"ekkora-osszeggel-erkezik-a-15-havi-nyugdij","status":"publish","type":"post","link":"https:\/\/online-filmkatarzis.com\/kucko\/ekkora-osszeggel-erkezik-a-15-havi-nyugdij\/","title":{"rendered":"Ekkora \u00f6sszeggel \u00e9rkezik a 15.havi nyugd\u00edj!"},"content":{"rendered":"<h3>Szenz\u00e1ci\u00f3 a k\u00f6z\u00e9letben: j\u00f6het a 15. havi nyugd\u00edj. A v\u00e1laszt\u00f3k szerint ez mindent eld\u00f6nthetne. Egyre \u00e9l\u00e9nkebb po\/itikai vi\/\u00e1t v\u00e1ltott ki a napokban felr\u00f6ppent h\u00edr, miszerint a korm\u00e1ny fontolgatja a 15. havi nyugd\u00edj bevezet\u00e9s\u00e9t. A k\u00f6z\u00e9leti dis\/urzus m\u00e1r most fo\/r, \u00e9s a v\u00e1laszt\u00f3polg\u00e1rok k\u00f6r\u00e9ben is megindultak a tal\u00e1lgat\u00e1sok. A korm\u00e1nyoldalhoz k\u00f6zel \u00e1ll\u00f3 elemz\u0151k szerint a l\u00e9p\u00e9s illeszkedne a Orb\u00e1n Viktor vezette kabinet eddigi csal\u00e1d- \u00e9s nyugd\u00edjpolitik\u00e1j\u00e1ba. MUTATJUK A R\u00c9SZLETEKET!<\/h3>\n<h3><span style=\"color: #ff0000;\"><strong>A h\u00edr nem \u00e9rt v\u00e9get! Folytat\u00e1shoz haszn\u00e1ld a K\u00d6VETKEZ\u0150 OLDAL gombot!<\/strong><\/span><\/h3>\n<h3 style=\"text-align: right;\"><a href=\"https:\/\/online-filmkatarzis.com\/kucko\/hirek\/a-valasztok-szerint-ez-mindent-eldonthetne\/\" target=\"_blank\" rel=\"noopener\"><span style=\"color: #ff0000;\">&#8212;&gt;&gt; K\u00d6VETKEZ\u0150 OLDAL<\/span><\/a><\/h3>\n<p>&#8211;<\/p>\n<p>A motork\u00edn\u00e1lat kiz\u00e1r\u00f3lag d\u00edzelekb\u0151l \u00e1ll, amelyek b\u0151s\u00e9ges nyomat\u00e9kot k\u00edn\u00e1lnak. A cs\u00facsot jelent\u0151 V6-os d\u00edzel kifejezetten gyors, er\u0151teljes gyorsul\u00e1st biztos\u00edt, \u00e9s k\u00f6nnyed\u00e9n mozgatja a m\u00e9retes karossz\u00e9ri\u00e1t. Ugyanakkor a leg\u00e9sszer\u0171bb v\u00e1laszt\u00e1s a 2.0 HDi motor, amely kiegyens\u00falyozott teljes\u00edtm\u00e9nyt ny\u00fajt an\u00e9lk\u00fcl, hogy t\u00falzottan meg kellene dolgoztatni. A kisebb, 1.6 HDi v\u00e1ltozat is takar\u00e9kos, de a nagyobb testhez jobban illik a k\u00e9tliteres er\u0151forr\u00e1s nyugodtabb, rugalmasabb karaktere. Ez a motor harmonikusan passzol a C5 Tourer komfortorient\u00e1lt term\u00e9szet\u00e9hez.<\/p>\n<p>Formailag a C5 Tourer az els\u0151 ajt\u00f3kig megegyezik a szed\u00e1n v\u00e1ltozattal, a k\u00fcl\u00f6nbs\u00e9g h\u00e1tul v\u00e1lik nyilv\u00e1nval\u00f3v\u00e1. M\u00edg a n\u00e9gyajt\u00f3s modell k\u00fcl\u00f6nleges, homor\u00fa h\u00e1ts\u00f3 sz\u00e9lv\u00e9d\u0151vel rendelkezik, a Tourer tet\u0151vonala eg\u00e9szen a j\u00e1rm\u0171 v\u00e9g\u00e9ig h\u00faz\u00f3dik, majd f\u00fcgg\u0151legesen z\u00e1rul, klasszikus kombiform\u00e1t eredm\u00e9nyezve. A Tourer 50 millim\u00e9terrel hosszabb a szed\u00e1nn\u00e1l, \u00e9s ez a t\u00f6bblet teljes eg\u00e9sz\u00e9ben a h\u00e1ts\u00f3 tengely m\u00f6g\u00f6tt jelenik meg, n\u00f6velve a csomagt\u00e9r m\u00e9ret\u00e9t \u00e9s a praktikumot. Megjelen\u00e9se eleg\u00e1ns \u00e9s karakteres, egy\u00e9rtelm\u0171en felismerhet\u0151en Citro\u00ebn, saj\u00e1tos ar\u00e1nyokkal \u00e9s francia st\u00edlusjegyekkel.<\/p>\n<p>Az utast\u00e9r min\u0151s\u00e9gi benyom\u00e1st kelt, k\u00fcl\u00f6n\u00f6sen az Exclusive kivitelek eset\u00e9ben. A felhaszn\u00e1lt anyagok ig\u00e9nyesek, az \u00fcl\u00e9sek k\u00e9nyelmesek, hossz\u00fa t\u00e1von sem f\u00e1raszt\u00f3ak. A zajszigetel\u00e9s hat\u00e9kony, \u00edgy az utast\u00e9r csendes \u00e9s nyugodt marad m\u00e9g nagyobb sebess\u00e9gn\u00e9l is. A m\u0171szerfal kialak\u00edt\u00e1sa azonban nem hib\u00e1tlan: a sok apr\u00f3, s\u0171r\u0171n elhelyezett gomb kiss\u00e9 zs\u00fafoltt\u00e1 \u00e9s nehezen \u00e1ttekinthet\u0151v\u00e9 teszi a kezel\u0151fel\u00fcletet. B\u00e1r a funkci\u00f3k logikusak, a kezelhet\u0151s\u00e9g els\u0151re n\u00e9mi megszok\u00e1st ig\u00e9nyel.<\/p>\n","protected":false},"excerpt":{"rendered":"<p>Szenz\u00e1ci\u00f3 a k\u00f6z\u00e9letben: j\u00f6het a 15. havi nyugd\u00edj. A v\u00e1laszt\u00f3k szerint ez mindent eld\u00f6nthetne. Egyre \u00e9l\u00e9nkebb po\/itikai vi\/\u00e1t v\u00e1ltott ki a napokban felr\u00f6ppent h\u00edr, miszerint a korm\u00e1ny fontolgatja a 15. havi nyugd\u00edj&#8230;<\/p>\n","protected":false},"author":1,"featured_media":10214,"comment_status":"open","ping_status":"open","sticky":false,"template":"","format":"standard","meta":{"footnotes":""},"categories":[2],"tags":[],"class_list":["post-10213","post","type-post","status-publish","format-standard","has-post-thumbnail","hentry","category-altalanos"],"aioseo_notices":[],"_links":{"self":[{"href":"https:\/\/online-filmkatarzis.com\/kucko\/wp-json\/wp\/v2\/posts\/10213","targetHints":{"allow":["GET"]}}],"collection":[{"href":"https:\/\/online-filmkatarzis.com\/kucko\/wp-json\/wp\/v2\/posts"}],"about":[{"href":"https:\/\/online-filmkatarzis.com\/kucko\/wp-json\/wp\/v2\/types\/post"}],"author":[{"embeddable":true,"href":"https:\/\/online-filmkatarzis.com\/kucko\/wp-json\/wp\/v2\/users\/1"}],"replies":[{"embeddable":true,"href":"https:\/\/online-filmkatarzis.com\/kucko\/wp-json\/wp\/v2\/comments?post=10213"}],"version-history":[{"count":1,"href":"https:\/\/online-filmkatarzis.com\/kucko\/wp-json\/wp\/v2\/posts\/10213\/revisions"}],"predecessor-version":[{"id":10215,"href":"https:\/\/online-filmkatarzis.com\/kucko\/wp-json\/wp\/v2\/posts\/10213\/revisions\/10215"}],"wp:featuredmedia":[{"embeddable":true,"href":"https:\/\/online-filmkatarzis.com\/kucko\/wp-json\/wp\/v2\/media\/10214"}],"wp:attachment":[{"href":"https:\/\/online-filmkatarzis.com\/kucko\/wp-json\/wp\/v2\/media?parent=10213"}],"wp:term":[{"taxonomy":"category","embeddable":true,"href":"https:\/\/online-filmkatarzis.com\/kucko\/wp-json\/wp\/v2\/categories?post=10213"},{"taxonomy":"post_tag","embeddable":true,"href":"https:\/\/online-filmkatarzis.com\/kucko\/wp-json\/wp\/v2\/tags?post=10213"}],"curies":[{"name":"wp","href":"https:\/\/api.w.org\/{rel}","templated":true}]}}