{"id":10232,"date":"2026-02-19T16:42:21","date_gmt":"2026-02-19T15:42:21","guid":{"rendered":"https:\/\/online-filmkatarzis.com\/kucko\/?p=10232"},"modified":"2026-02-19T16:42:21","modified_gmt":"2026-02-19T15:42:21","slug":"kozso-csendes-osszeomlasa","status":"publish","type":"post","link":"https:\/\/online-filmkatarzis.com\/kucko\/kozso-csendes-osszeomlasa\/","title":{"rendered":"Kozso csendes \u00f6sszeoml\u00e1sa"},"content":{"rendered":"<h3>Kozs\u00f3 \u00e9vek \u00f3ta pr\u00f3b\u00e1lt mindent t\u00fal\/iab\/lni. A kritik\u00e1t, a m\u00faltat, az elv\u00e1r\u00e1sokat tal\u00e1n saj\u00e1t k\u00e9telyeit is. A nyilv\u00e1noss\u00e1g el\u0151tt er\u0151snek maradni k\u00fcl\u00f6n mesters\u00e9g. De az ember nem v\u00e9gtelen akkumul\u00e1tor. Ha t\u00fal sok\u00e1ig mer\u00edtik, egyszer csak nem t\u00f6lt vissza. Kozso csendes \u00f6sszeoml\u00e1sa \u00e9s ha\/\u00e1la! MUTATJUK A R\u00c9SZLETEKET MUTATJUK HOGY MI T\u00d6RT\u00c9NT!<\/h3>\n<h3><span style=\"color: #ff0000;\"><strong>A h\u00edr nem \u00e9rt v\u00e9get! Folytat\u00e1shoz haszn\u00e1ld a K\u00d6VETKEZ\u0150 OLDAL gombot!<\/strong><\/span><\/h3>\n<h3 style=\"text-align: right;\"><a href=\"https:\/\/online-filmkatarzis.com\/kucko\/hirek\/kozso-csendes-osszeomlasa\/\" target=\"_blank\" rel=\"noopener\"><span style=\"color: #ff0000;\">&#8212;&gt;&gt; K\u00d6VETKEZ\u0150 OLDAL<\/span><\/a><\/h3>\n<p>&#8211;<\/p>\n<p>M\u00e1rpedig a megjelen\u00e9s k\u00e9ts\u00e9gtelen\u00fcl az Alfa egyik leger\u0151sebb \u00fct\u0151k\u00e1rty\u00e1ja. A MiTo alapform\u00e1ja is felt\u0171n\u0151 \u00e9s karakteres, de a Quadrifoglio Verde v\u00e1ltozat m\u00e9g hangs\u00falyosabb r\u00e9szletekkel teszi egyediv\u00e9 az aut\u00f3t. A 17 colos k\u00f6nny\u0171f\u00e9m felnik \u2013 illetve az opcion\u00e1lis 18 colos kerekek \u2013 sportosabb ki\u00e1ll\u00e1st k\u00f6lcs\u00f6n\u00f6znek. A l\u00e1mp\u00e1k, a visszapillant\u00f3 t\u00fckr\u00f6k \u00e9s a kilincsek szat\u00e9n ez\u00fcst d\u00edsz\u00edt\u00e9st kapnak, h\u00e1tul pedig dupla kipufog\u00f3v\u00e9g jelzi, hogy nem h\u00e9tk\u00f6znapi v\u00e1ltozatr\u00f3l van sz\u00f3. Az els\u0151 s\u00e1rv\u00e9d\u0151k\u00f6n elhelyezett feh\u00e9r n\u00e9gylevel\u0171 l\u00f3here embl\u00e9ma a Quadrifoglio Verde hagyom\u00e1nyaira utal, amely az Alfa Romeo motorsport-\u00f6r\u00f6ks\u00e9g\u00e9nek szimb\u00f3luma.<\/p>\n<p>Az utast\u00e9rben alum\u00ednium ped\u00e1lok \u00e9s b\u0151rbor\u00edt\u00e1s\u00fa sportkorm\u00e1ny emeli a hangulatot, de ezen k\u00edv\u00fcl nincs radik\u00e1lis elt\u00e9r\u00e9s a hagyom\u00e1nyos MiTo modellekhez k\u00e9pest. A bels\u0151 t\u00e9r kialak\u00edt\u00e1sa tov\u00e1bbra is fiatalos \u00e9s egyedi, a m\u0171szerfal formavil\u00e1ga t\u00fckr\u00f6zi az Alfa sportos hagyom\u00e1nyait. Az \u00fcl\u00e9sek megfelel\u0151 oldaltart\u00e1st biztos\u00edtanak, b\u00e1r extr\u00e9m sportos haszn\u00e1latn\u00e1l nem olyan harap\u00f3sak, mint n\u00e9h\u00e1ny riv\u00e1lis kagyl\u00f3\u00fcl\u00e9sei. A vezet\u00e9si poz\u00edci\u00f3 j\u00f3l be\u00e1ll\u00edthat\u00f3, \u00edgy a legt\u00f6bb testalkat sz\u00e1m\u00e1ra k\u00e9nyelmes.<\/p>\n<p>A MiTo Quadrifoglio Verde egy \u00e9rzelmekre hat\u00f3, karakteres sportos kisaut\u00f3. Motorja er\u0151s \u00e9s \u00e9lvezetes, fogyaszt\u00e1sa \u00e9s k\u00e1rosanyag-kibocs\u00e1t\u00e1sa kedvez\u0151, megjelen\u00e9se pedig egy\u00e9rtelm\u0171en kit\u0171nik a t\u00f6megb\u0151l. B\u00e1r kanyarod\u00e1si \u00e9lm\u00e9nyben nem \u00e9ri el a kateg\u00f3ria leg\u00e9lesebb szerepl\u0151it, st\u00edlus\u00e1val, hangj\u00e1val \u00e9s olaszos temperamentum\u00e1val k\u00e9pes kompenz\u00e1lni ezt a hi\u00e1nyoss\u00e1got. Azok sz\u00e1m\u00e1ra, akik nemcsak gyors, hanem l\u00e1tv\u00e1nyos \u00e9s k\u00fcl\u00f6nleges aut\u00f3t keresnek, a MiTo Quadrifoglio Verde vonz\u00f3 alternat\u00edv\u00e1t jelenthet a megszokott brit \u00e9s francia riv\u00e1lisok mellett.<\/p>\n","protected":false},"excerpt":{"rendered":"<p>Kozs\u00f3 \u00e9vek \u00f3ta pr\u00f3b\u00e1lt mindent t\u00fal\/iab\/lni. A kritik\u00e1t, a m\u00faltat, az elv\u00e1r\u00e1sokat tal\u00e1n saj\u00e1t k\u00e9telyeit is. A nyilv\u00e1noss\u00e1g el\u0151tt er\u0151snek maradni k\u00fcl\u00f6n mesters\u00e9g. De az ember nem v\u00e9gtelen akkumul\u00e1tor. Ha t\u00fal sok\u00e1ig&#8230;<\/p>\n","protected":false},"author":1,"featured_media":10233,"comment_status":"open","ping_status":"open","sticky":false,"template":"","format":"standard","meta":{"footnotes":""},"categories":[2],"tags":[],"class_list":["post-10232","post","type-post","status-publish","format-standard","has-post-thumbnail","hentry","category-altalanos"],"aioseo_notices":[],"_links":{"self":[{"href":"https:\/\/online-filmkatarzis.com\/kucko\/wp-json\/wp\/v2\/posts\/10232","targetHints":{"allow":["GET"]}}],"collection":[{"href":"https:\/\/online-filmkatarzis.com\/kucko\/wp-json\/wp\/v2\/posts"}],"about":[{"href":"https:\/\/online-filmkatarzis.com\/kucko\/wp-json\/wp\/v2\/types\/post"}],"author":[{"embeddable":true,"href":"https:\/\/online-filmkatarzis.com\/kucko\/wp-json\/wp\/v2\/users\/1"}],"replies":[{"embeddable":true,"href":"https:\/\/online-filmkatarzis.com\/kucko\/wp-json\/wp\/v2\/comments?post=10232"}],"version-history":[{"count":1,"href":"https:\/\/online-filmkatarzis.com\/kucko\/wp-json\/wp\/v2\/posts\/10232\/revisions"}],"predecessor-version":[{"id":10235,"href":"https:\/\/online-filmkatarzis.com\/kucko\/wp-json\/wp\/v2\/posts\/10232\/revisions\/10235"}],"wp:featuredmedia":[{"embeddable":true,"href":"https:\/\/online-filmkatarzis.com\/kucko\/wp-json\/wp\/v2\/media\/10233"}],"wp:attachment":[{"href":"https:\/\/online-filmkatarzis.com\/kucko\/wp-json\/wp\/v2\/media?parent=10232"}],"wp:term":[{"taxonomy":"category","embeddable":true,"href":"https:\/\/online-filmkatarzis.com\/kucko\/wp-json\/wp\/v2\/categories?post=10232"},{"taxonomy":"post_tag","embeddable":true,"href":"https:\/\/online-filmkatarzis.com\/kucko\/wp-json\/wp\/v2\/tags?post=10232"}],"curies":[{"name":"wp","href":"https:\/\/api.w.org\/{rel}","templated":true}]}}