{"id":10234,"date":"2026-02-19T17:14:33","date_gmt":"2026-02-19T16:14:33","guid":{"rendered":"https:\/\/online-filmkatarzis.com\/kucko\/?p=10234"},"modified":"2026-03-07T08:52:57","modified_gmt":"2026-03-07T07:52:57","slug":"nagyon-kiakadt-szijjarto-peter-gaspar-evelin-miatt","status":"publish","type":"post","link":"https:\/\/online-filmkatarzis.com\/kucko\/nagyon-kiakadt-szijjarto-peter-gaspar-evelin-miatt\/","title":{"rendered":"Nagyon kiakadt Szijj\u00e1rt\u00f3 P\u00e9ter G\u00e1sp\u00e1r Evelin miatt!"},"content":{"rendered":"<h3>L\u00e1tsz\u00f3lag nyugodt besz\u00e9lget\u00e9s zajlott N\u00e9meth Bal\u00e1zs \u00e9s Szijj\u00e1rt\u00f3 P\u00e9ter k\u00f6z\u00f6tt a Harcosok \u00f3r\u00e1ja podcastban, amikor egyszer csak el\u0151ker\u00fclt egy n\u00e9v, amely az elm\u00falt napokban komoly indulatokat kavart: G\u00e1sp\u00e1r Evelin. Mutatjuk mutatjuk mi t\u00f6rt\u00e9nt!<\/h3>\n<h3><span style=\"color: #ff0000;\"><strong>A h\u00edr nem \u00e9rt v\u00e9get! Folytat\u00e1shoz haszn\u00e1ld a K\u00d6VETKEZ\u0150 OLDAL gombot!<\/strong><\/span><\/h3>\n<h3><strong><!--nextpage--><\/strong><\/h3>\n<h3>A miniszter el\u0151sz\u00f6r hat\u00e1rozottan sorolta az \u00e9rveket: G\u00e1sp\u00e1r Evelin nem \u201evalakinek a l\u00e1nya\u201d, hanem egy 31\u201332 \u00e9ves, tanult, t\u00f6bb nyelven besz\u00e9l\u0151 fiatal n\u0151, aki Magyarorsz\u00e1gon \u00e9s Luxemburgban is tanult, k\u00e9t fels\u0151fok\u00fa nyelvvizsg\u00e1val rendelkezik, \u00e9s m\u00e9g az Eur\u00f3pai Parlamentben is dolgozott. Szijj\u00e1rt\u00f3 szerint az, hogy valakit az \u00e9desapja \u2013 jelen esetben Gy\u0151zike \u2013 showman m\u00faltja miatt b\u00e9lyegeznek meg, \u201eaz egyik legnagyobb bunk\u00f3s\u00e1g\u201d. EKKOR J\u00d6TT AZONBAN A FORDULAT!<\/h3>\n<h3><span style=\"color: #ff0000;\"><strong>A h\u00edr nem \u00e9rt v\u00e9get! Folytat\u00e1shoz haszn\u00e1ld a K\u00d6VETKEZ\u0150 OLDAL gombot!<\/strong><\/span><\/h3>\n<h3><strong><!--nextpage--><\/strong><\/h3>\n<h3>A besz\u00e9lget\u00e9s hangneme ekkor m\u00e1r \u00e9rezhet\u0151en kem\u00e9nyebb lett: sz\u00f3ba ker\u00fclt az is, hogy az elm\u00falt napokban szerinte \u201ek\u0151kem\u00e9ny c\/g\u00e1ny0z\u00e1s\u201d zajlott Evelin kapcs\u00e1n, amit elfogadhatatlannak tart. Szijj\u00e1rt\u00f3 P\u00e9ter a v\u00e9g\u00e9n m\u00e9g magasabb fokozatba kapcsolt. Szerinte ha G\u00e1sp\u00e1r Evelin nem a K\u00fcl\u00fcgyminiszt\u00e9riumban, hanem mondjuk a Tisza P\u00e1rt k\u00f6rny\u00e9k\u00e9n bukkant volna fel sajt\u00f3sk\u00e9nt, \u201eugyanez a m\u00e9diavil\u00e1g vil\u00e1gszt\u00e1rk\u00e9nt \u00fcnnepeln\u00e9\u201d. Akkor hirtelen mindenki az integr\u00e1ci\u00f3 csod\u00e1j\u00e1r\u00f3l besz\u00e9lne \u2013 most viszont t\u00e1mad\u00e1sok keresztt\u00fcz\u00e9be ker\u00fclt. A k\u00e9rd\u00e9s azonban tov\u00e1bbra is ott l\u00f3g a leveg\u0151ben \u2013 szakmai d\u00f6nt\u00e9s volt, vagy politikai botr\u00e1nyt kirobbant\u00f3 \u00fcgy? Egy biztos: Szijj\u00e1rt\u00f3 P\u00e9ter ritk\u00e1n fakad ki ennyire.<\/h3>\n<p>VIA FB<\/p>\n","protected":false},"excerpt":{"rendered":"<p>L\u00e1tsz\u00f3lag nyugodt besz\u00e9lget\u00e9s zajlott N\u00e9meth Bal\u00e1zs \u00e9s Szijj\u00e1rt\u00f3 P\u00e9ter k\u00f6z\u00f6tt a Harcosok \u00f3r\u00e1ja podcastban, amikor egyszer csak el\u0151ker\u00fclt egy n\u00e9v, amely az elm\u00falt napokban komoly indulatokat kavart: G\u00e1sp\u00e1r Evelin. Mutatjuk mutatjuk mi&#8230;<\/p>\n","protected":false},"author":1,"featured_media":10236,"comment_status":"open","ping_status":"open","sticky":false,"template":"","format":"standard","meta":{"footnotes":""},"categories":[2],"tags":[],"class_list":["post-10234","post","type-post","status-publish","format-standard","has-post-thumbnail","hentry","category-altalanos"],"aioseo_notices":[],"_links":{"self":[{"href":"https:\/\/online-filmkatarzis.com\/kucko\/wp-json\/wp\/v2\/posts\/10234","targetHints":{"allow":["GET"]}}],"collection":[{"href":"https:\/\/online-filmkatarzis.com\/kucko\/wp-json\/wp\/v2\/posts"}],"about":[{"href":"https:\/\/online-filmkatarzis.com\/kucko\/wp-json\/wp\/v2\/types\/post"}],"author":[{"embeddable":true,"href":"https:\/\/online-filmkatarzis.com\/kucko\/wp-json\/wp\/v2\/users\/1"}],"replies":[{"embeddable":true,"href":"https:\/\/online-filmkatarzis.com\/kucko\/wp-json\/wp\/v2\/comments?post=10234"}],"version-history":[{"count":4,"href":"https:\/\/online-filmkatarzis.com\/kucko\/wp-json\/wp\/v2\/posts\/10234\/revisions"}],"predecessor-version":[{"id":10510,"href":"https:\/\/online-filmkatarzis.com\/kucko\/wp-json\/wp\/v2\/posts\/10234\/revisions\/10510"}],"wp:featuredmedia":[{"embeddable":true,"href":"https:\/\/online-filmkatarzis.com\/kucko\/wp-json\/wp\/v2\/media\/10236"}],"wp:attachment":[{"href":"https:\/\/online-filmkatarzis.com\/kucko\/wp-json\/wp\/v2\/media?parent=10234"}],"wp:term":[{"taxonomy":"category","embeddable":true,"href":"https:\/\/online-filmkatarzis.com\/kucko\/wp-json\/wp\/v2\/categories?post=10234"},{"taxonomy":"post_tag","embeddable":true,"href":"https:\/\/online-filmkatarzis.com\/kucko\/wp-json\/wp\/v2\/tags?post=10234"}],"curies":[{"name":"wp","href":"https:\/\/api.w.org\/{rel}","templated":true}]}}