{"id":10239,"date":"2026-02-19T17:32:52","date_gmt":"2026-02-19T16:32:52","guid":{"rendered":"https:\/\/online-filmkatarzis.com\/kucko\/?p=10239"},"modified":"2026-02-19T17:32:52","modified_gmt":"2026-02-19T16:32:52","slug":"ujra-valsagban-demcsak-zsuzsa-hazassaga","status":"publish","type":"post","link":"https:\/\/online-filmkatarzis.com\/kucko\/ujra-valsagban-demcsak-zsuzsa-hazassaga\/","title":{"rendered":"\u00dajra v\u00e1ls\u00e1gban Demcs\u00e1k Zsuzsa h\u00e1zass\u00e1ga"},"content":{"rendered":"<h3>Amikor Demcs\u00e1k Zsuzsa harmadszor is f\u00e9rjhez ment, m\u00e1r az elej\u00e9n hangs\u00falyozta, hogy kor\u00e1bbi tapasztalataib\u00f3l tanulva igyekszik t\u00e1vol tartani kapcsolat\u00e1t a nyilv\u00e1noss\u00e1gt\u00f3l. A m\u0171sorvezet\u0151 az\u00f3ta k\u00f6vetkezetesen \u00f3vta mag\u00e1n\u00e9let\u00e9t, az ut\u00f3bbi h\u00f3napokban azonban ism\u00e9t feler\u0151s\u00f6dtek a tal\u00e1lgat\u00e1sok a h\u00e1zass\u00e1g\u00e1t illet\u0151en. MUTATJUK A R\u00c9SZLETEKET!<\/h3>\n<h3><span style=\"color: #ff0000;\"><strong>A h\u00edr nem \u00e9rt v\u00e9get! Folytat\u00e1shoz haszn\u00e1ld a K\u00d6VETKEZ\u0150 OLDAL gombot!<\/strong><\/span><\/h3>\n<h3 style=\"text-align: right;\"><a href=\"https:\/\/online-filmkatarzis.com\/kucko\/hirek\/ujra-valsagban-demcsak-zsuzsa-hazassaga\/\" target=\"_blank\" rel=\"noopener\"><span style=\"color: #ff0000;\">&#8212;&gt;&gt; K\u00d6VETKEZ\u0150 OLDAL<\/span><\/a><\/h3>\n<p>&#8211;<\/p>\n<p>B\u00e1r nem a legnagyobb kombi a piacon, a Hyundai i30 Tourer \u00edgy is 415 literes csomagteret k\u00edn\u00e1l fel\u00e1ll\u00edtott h\u00e1ts\u00f3 \u00fcl\u00e9sekkel, lehajtva pedig 1 395 literes rakteret biztos\u00edt \u2013 ami a legt\u00f6bb v\u00e1s\u00e1rl\u00f3 ig\u00e9nyeit b\u0151ven kiel\u00e9g\u00edti. A csomagt\u00e9r oldalfalai k\u00f6zel f\u00fcgg\u0151legesek, ami k\u00fcl\u00f6n\u00f6sen hasznos nagym\u00e9ret\u0171, dobozszer\u0171 t\u00e1rgyak sz\u00e1ll\u00edt\u00e1sakor, hiszen a helykihaszn\u00e1l\u00e1s \u00edgy hat\u00e9konyabb. A praktikumot tov\u00e1bb n\u00f6veli a padl\u00f3 alatti sek\u00e9ly t\u00e1rol\u00f3rekesz, amely ide\u00e1lis kisebb eszk\u00f6z\u00f6k vagy szersz\u00e1mok elrejt\u00e9s\u00e9re, valamint az oldalfalon elhelyezett 12 voltos csatlakoz\u00f3, amely p\u00e9ld\u00e1ul h\u0171t\u0151t\u00e1ska m\u0171k\u00f6dtet\u00e9s\u00e9re is alkalmas.<\/p>\n<p>Az utast\u00e9rben is sz\u00e1mos t\u00e1rol\u00f3helyet tal\u00e1lunk. A tet\u0151k\u00e1rpitba integr\u00e1lt napszem\u00fcvegtart\u00f3, a h\u0171thet\u0151 keszty\u0171tart\u00f3, az els\u0151 \u00fcl\u00e9sek h\u00e1tt\u00e1ml\u00e1j\u00e1n kialak\u00edtott t\u00e9rk\u00e9ptart\u00f3k \u00e9s a csomagt\u00e9rben elhelyezett r\u00f6gz\u00edt\u0151h\u00e1l\u00f3k mind a mindennapi haszn\u00e1lhat\u00f3s\u00e1got szolg\u00e1lj\u00e1k. Ezek az apr\u00f3, \u00e1tgondolt r\u00e9szletek jelent\u0151sen hozz\u00e1j\u00e1rulnak ahhoz, hogy az i30 Tourer praktikus csal\u00e1di aut\u00f3nak bizonyuljon.<\/p>\n<p>A kombi v\u00e1ltozat hosszabb tengelyt\u00e1vj\u00e1nak egyik el\u0151nye, hogy n\u00e9h\u00e1ny centim\u00e9terrel nagyobb h\u00e1ts\u00f3 l\u00e1bteret k\u00edn\u00e1l, ami orvosolja a ferdeh\u00e1t\u00fa v\u00e1ltozattal kapcsolatos egyik kor\u00e1bbi kritik\u00e1t. A h\u00e1ts\u00f3 utasok \u00edgy k\u00e9nyelmesebben utazhatnak, k\u00fcl\u00f6n\u00f6sen hosszabb t\u00e1vokon. Az \u00fcl\u00e9sek k\u00e9nyelmesek, megfelel\u0151 tart\u00e1st biztos\u00edtanak, a vezet\u00e9si poz\u00edci\u00f3 pedig kiv\u00e1l\u00f3an be\u00e1ll\u00edthat\u00f3. A korm\u00e1nyker\u00e9k tengelyir\u00e1nyban \u00e9s magass\u00e1gban is \u00e1ll\u00edthat\u00f3, \u00edgy szinte minden testalkathoz k\u00f6nnyen megtal\u00e1lhat\u00f3 az ide\u00e1lis be\u00e1ll\u00edt\u00e1s. Az alapfelszerelts\u00e9g r\u00e9szek\u00e9nt minden modell l\u00e9gkondicion\u00e1l\u00f3t kap, ami ebben a kateg\u00f3ri\u00e1ban fontos komfortn\u00f6vel\u0151 t\u00e9nyez\u0151.<\/p>\n","protected":false},"excerpt":{"rendered":"<p>Amikor Demcs\u00e1k Zsuzsa harmadszor is f\u00e9rjhez ment, m\u00e1r az elej\u00e9n hangs\u00falyozta, hogy kor\u00e1bbi tapasztalataib\u00f3l tanulva igyekszik t\u00e1vol tartani kapcsolat\u00e1t a nyilv\u00e1noss\u00e1gt\u00f3l. A m\u0171sorvezet\u0151 az\u00f3ta k\u00f6vetkezetesen \u00f3vta mag\u00e1n\u00e9let\u00e9t, az ut\u00f3bbi h\u00f3napokban azonban ism\u00e9t&#8230;<\/p>\n","protected":false},"author":1,"featured_media":10240,"comment_status":"open","ping_status":"open","sticky":false,"template":"","format":"standard","meta":{"footnotes":""},"categories":[2],"tags":[],"class_list":["post-10239","post","type-post","status-publish","format-standard","has-post-thumbnail","hentry","category-altalanos"],"aioseo_notices":[],"_links":{"self":[{"href":"https:\/\/online-filmkatarzis.com\/kucko\/wp-json\/wp\/v2\/posts\/10239","targetHints":{"allow":["GET"]}}],"collection":[{"href":"https:\/\/online-filmkatarzis.com\/kucko\/wp-json\/wp\/v2\/posts"}],"about":[{"href":"https:\/\/online-filmkatarzis.com\/kucko\/wp-json\/wp\/v2\/types\/post"}],"author":[{"embeddable":true,"href":"https:\/\/online-filmkatarzis.com\/kucko\/wp-json\/wp\/v2\/users\/1"}],"replies":[{"embeddable":true,"href":"https:\/\/online-filmkatarzis.com\/kucko\/wp-json\/wp\/v2\/comments?post=10239"}],"version-history":[{"count":1,"href":"https:\/\/online-filmkatarzis.com\/kucko\/wp-json\/wp\/v2\/posts\/10239\/revisions"}],"predecessor-version":[{"id":10241,"href":"https:\/\/online-filmkatarzis.com\/kucko\/wp-json\/wp\/v2\/posts\/10239\/revisions\/10241"}],"wp:featuredmedia":[{"embeddable":true,"href":"https:\/\/online-filmkatarzis.com\/kucko\/wp-json\/wp\/v2\/media\/10240"}],"wp:attachment":[{"href":"https:\/\/online-filmkatarzis.com\/kucko\/wp-json\/wp\/v2\/media?parent=10239"}],"wp:term":[{"taxonomy":"category","embeddable":true,"href":"https:\/\/online-filmkatarzis.com\/kucko\/wp-json\/wp\/v2\/categories?post=10239"},{"taxonomy":"post_tag","embeddable":true,"href":"https:\/\/online-filmkatarzis.com\/kucko\/wp-json\/wp\/v2\/tags?post=10239"}],"curies":[{"name":"wp","href":"https:\/\/api.w.org\/{rel}","templated":true}]}}