{"id":10266,"date":"2026-02-22T13:13:05","date_gmt":"2026-02-22T12:13:05","guid":{"rendered":"https:\/\/online-filmkatarzis.com\/kucko\/?p=10266"},"modified":"2026-02-22T13:13:05","modified_gmt":"2026-02-22T12:13:05","slug":"a-kincsvadaszok-sztarja-is-kiallt-orban-mellett","status":"publish","type":"post","link":"https:\/\/online-filmkatarzis.com\/kucko\/a-kincsvadaszok-sztarja-is-kiallt-orban-mellett\/","title":{"rendered":"A Kincsvad\u00e1szok szt\u00e1rja is ki\u00e1llt Orb\u00e1n mellett!"},"content":{"rendered":"<h3>Az orsz\u00e1g egyik ismert telev\u00edzi\u00f3s arca, Megyesi Bal\u00e1zs, ny\u00edltan ki\u00e1llt Orb\u00e1n Viktor \u00e9s a Fi\/esz mellett. A Kincsvad\u00e1szok m\u0171sor\u00e1nak szak\u00e9rt\u0151je a b\u00e9k\u00e9scsabai H\u00e1\/or\/el\/enes Gy\u0171l\u00e9s kapcs\u00e1n sz\u00f3lalt meg. Az esem\u00e9nyen t\u00f6bb felsz\u00f3lal\u00f3 is hangs\u00falyozta a h\u00e1\/or\u00fa megf\u00e9kez\u00e9s\u00e9nek fontoss\u00e1g\u00e1t. Megyesi Bal\u00e1zs egy\u00e9rtelm\u0171en kijelentette, hogy sz\u00e1m\u00e1ra nem k\u00e9rd\u00e9s, melyik politikai oldallal \u00e9rez k\u00f6z\u00f6ss\u00e9get, \u00e9s r\u00e9g\u00f3ta a jobboldal szimpatiz\u00e1nsa. MUTATJUK A R\u00c9SZLETEKET!<\/h3>\n<h3><span style=\"color: #ff0000;\"><strong>A h\u00edr nem \u00e9rt v\u00e9get! Folytat\u00e1shoz haszn\u00e1ld a K\u00d6VETKEZ\u0150 OLDAL gombot!<\/strong><\/span><\/h3>\n<h3 style=\"text-align: right;\"><a href=\"https:\/\/online-filmkatarzis.com\/kucko\/hirek\/a-kincsvadaszok-sztarja-is-kiallt-orban-mellett\/\" target=\"_blank\" rel=\"noopener\"><span style=\"color: #ff0000;\">&#8212;&gt;&gt; K\u00d6VETKEZ\u0150 OLDAL<\/span><\/a><\/h3>\n<p>&#8211;<\/p>\n<p>A Suzuki SX4 alapvet\u0151en n\u00e9gy\u00fcl\u00e9ses kialak\u00edt\u00e1s\u00fa modell, azonban az utast\u00e9r helyk\u00edn\u00e1lata ennek ellen\u00e9re meglep\u0151en j\u00f3nak mondhat\u00f3. A tervez\u0151k \u00fcgyeltek arra, hogy az utasok ne \u00e9rezz\u00e9k magukat sz\u0171k\u00f6s k\u00f6rnyezetben, \u00edgy az els\u0151 \u00e9s h\u00e1ts\u00f3 \u00fcl\u00e9ssorban \u00fcl\u0151k sz\u00e1m\u00e1ra is megfelel\u0151 fej- \u00e9s l\u00e1bt\u00e9r \u00e1ll rendelkez\u00e9sre. A csomagtart\u00f3 alaphelyzetben 270 literes, ami els\u0151 pillant\u00e1sra nem t\u0171nik kiemelked\u0151 \u00e9rt\u00e9knek, k\u00fcl\u00f6n\u00f6sen a kateg\u00f3ria n\u00e9h\u00e1ny versenyt\u00e1rs\u00e1hoz k\u00e9pest. Ugyanakkor a h\u00e1ts\u00f3 \u00fcl\u00e9sek led\u00f6nt\u00e9s\u00e9vel a rakt\u00e9r 625 literre b\u0151v\u00edthet\u0151, ami m\u00e1r kifejezetten praktikus megold\u00e1st jelent a mindennapi haszn\u00e1lat sor\u00e1n. Ez a vari\u00e1lhat\u00f3s\u00e1g k\u00fcl\u00f6n\u00f6sen hasznos lehet nagyobb bev\u00e1s\u00e1rl\u00e1sok, utaz\u00e1sok vagy ak\u00e1r sportfelszerel\u00e9sek sz\u00e1ll\u00edt\u00e1sa eset\u00e9n.<\/p>\n<p>A csomagtart\u00f3 kialak\u00edt\u00e1sa \u00e9rdekes kompromisszumot t\u00fckr\u00f6z. B\u00e1r nem kifejezetten m\u00e9ly, viszont magas, ami a gyakorlatban azt jelenti, hogy p\u00e9ld\u00e1ul egy babakocsi vagy magasabb t\u00e1rgyak is k\u00f6nnyed\u00e9n elhelyezhet\u0151k benne. A magas kialak\u00edt\u00e1s lehet\u0151v\u00e9 teszi a t\u00e9r hat\u00e9kony kihaszn\u00e1l\u00e1s\u00e1t, m\u00e9g akkor is, ha az alapter\u00fclet nem sz\u00e1m\u00edt kimagasl\u00f3nak. A perem magass\u00e1ga is elfogadhat\u00f3, \u00edgy a be- \u00e9s kipakol\u00e1s nem okoz k\u00fcl\u00f6n\u00f6sebb neh\u00e9zs\u00e9get. A mindennapi \u00e9letben ez a fajta praktikum gyakran fontosabb, mint a puszta literben m\u00e9rt kapacit\u00e1s.<\/p>\n","protected":false},"excerpt":{"rendered":"<p>Az orsz\u00e1g egyik ismert telev\u00edzi\u00f3s arca, Megyesi Bal\u00e1zs, ny\u00edltan ki\u00e1llt Orb\u00e1n Viktor \u00e9s a Fi\/esz mellett. A Kincsvad\u00e1szok m\u0171sor\u00e1nak szak\u00e9rt\u0151je a b\u00e9k\u00e9scsabai H\u00e1\/or\/el\/enes Gy\u0171l\u00e9s kapcs\u00e1n sz\u00f3lalt meg. Az esem\u00e9nyen t\u00f6bb felsz\u00f3lal\u00f3 is&#8230;<\/p>\n","protected":false},"author":1,"featured_media":10267,"comment_status":"open","ping_status":"open","sticky":false,"template":"","format":"standard","meta":{"footnotes":""},"categories":[2],"tags":[],"class_list":["post-10266","post","type-post","status-publish","format-standard","has-post-thumbnail","hentry","category-altalanos"],"aioseo_notices":[],"_links":{"self":[{"href":"https:\/\/online-filmkatarzis.com\/kucko\/wp-json\/wp\/v2\/posts\/10266","targetHints":{"allow":["GET"]}}],"collection":[{"href":"https:\/\/online-filmkatarzis.com\/kucko\/wp-json\/wp\/v2\/posts"}],"about":[{"href":"https:\/\/online-filmkatarzis.com\/kucko\/wp-json\/wp\/v2\/types\/post"}],"author":[{"embeddable":true,"href":"https:\/\/online-filmkatarzis.com\/kucko\/wp-json\/wp\/v2\/users\/1"}],"replies":[{"embeddable":true,"href":"https:\/\/online-filmkatarzis.com\/kucko\/wp-json\/wp\/v2\/comments?post=10266"}],"version-history":[{"count":1,"href":"https:\/\/online-filmkatarzis.com\/kucko\/wp-json\/wp\/v2\/posts\/10266\/revisions"}],"predecessor-version":[{"id":10268,"href":"https:\/\/online-filmkatarzis.com\/kucko\/wp-json\/wp\/v2\/posts\/10266\/revisions\/10268"}],"wp:featuredmedia":[{"embeddable":true,"href":"https:\/\/online-filmkatarzis.com\/kucko\/wp-json\/wp\/v2\/media\/10267"}],"wp:attachment":[{"href":"https:\/\/online-filmkatarzis.com\/kucko\/wp-json\/wp\/v2\/media?parent=10266"}],"wp:term":[{"taxonomy":"category","embeddable":true,"href":"https:\/\/online-filmkatarzis.com\/kucko\/wp-json\/wp\/v2\/categories?post=10266"},{"taxonomy":"post_tag","embeddable":true,"href":"https:\/\/online-filmkatarzis.com\/kucko\/wp-json\/wp\/v2\/tags?post=10266"}],"curies":[{"name":"wp","href":"https:\/\/api.w.org\/{rel}","templated":true}]}}