{"id":10269,"date":"2026-02-22T17:14:28","date_gmt":"2026-02-22T16:14:28","guid":{"rendered":"https:\/\/online-filmkatarzis.com\/kucko\/?p=10269"},"modified":"2026-02-23T06:32:38","modified_gmt":"2026-02-23T05:32:38","slug":"atvertek-a-nezoket-a-nagy-duett-ben","status":"publish","type":"post","link":"https:\/\/online-filmkatarzis.com\/kucko\/atvertek-a-nezoket-a-nagy-duett-ben\/","title":{"rendered":"\u00c1tvert\u00e9k a n\u00e9z\u0151ket a Nagy Duett-ben!"},"content":{"rendered":"<h3>A vas\u00e1rnap esti show alatt felr0bbant a st\u00fadi\u00f3: a A Nagy Duett sz\u00ednpad\u00e1n ez\u00fattal P\u00e9ter Sr\u00e1mek \u00e9s G\u00e1sp\u00e1r Bea ragadott mikrofont, m\u00e9ghozz\u00e1 a legend\u00e1s Korda Gy\u00f6rgy \u00e9s Bal\u00e1zs Kl\u00e1ri egyik ikonikus dal\u00e1val. A n\u00e9z\u0151k el\u0151sz\u00f6r csak \u00e1multak \u2013 majd j\u00f6tt a d\u00f6bbenet. Bea olyan magabiztosan \u00e9s tiszt\u00e1n \u00e9nekelt, hogy sokakban azonnal felmer\u00fclt a k\u00e9rd\u00e9s: ez t\u00e9nyleg \u00e9l\u0151 volt? A produkci\u00f3 v\u00e9g\u00e9n m\u00e1r nemcsak tapsvihar, hanem a gyan\u00fa is v\u00e9gigs\u00f6p\u00f6rt a k\u00f6z\u00f6ss\u00e9gi m\u00e9di\u00e1n.<br \/>\nMUTATJUK MI T\u00d6RT\u00c9NT VAL\u00d3J\u00c1BAN!<\/h3>\n<h3><span style=\"color: #ff0000;\"><strong>A h\u00edr nem \u00e9rt v\u00e9get! Folytat\u00e1shoz haszn\u00e1ld a K\u00d6VETKEZ\u0150 OLDAL gombot!<\/strong><\/span><\/h3>\n<h3 style=\"text-align: right;\"><a href=\"https:\/\/online-filmkatarzis.com\/kucko\/hirek\/atvertek-a-nezoket-a-nagy-duett-ben\/\" target=\"_blank\" rel=\"noopener\"><span style=\"color: #ff0000;\">&#8212;&gt;&gt; K\u00d6VETKEZ\u0150 OLDAL<\/span><\/a><\/h3>\n<p>A Hyundai Veloster N eg\u00e9szen k\u00fcl\u00f6nleges helyet foglal el az aut\u00f3iparban, m\u00e9gpedig az\u00e9rt, mert egyszerre er\u0151teljes, karakteres \u00e9s egyedi kompromisszumokat v\u00e1llal\u00f3 kompakt sportaut\u00f3 \u2013 vagy ahogy sokan nevezik, hot hatch \u2013, amely nem felt\u00e9tlen\u00fcl a legpraktikusabb megold\u00e1sokat hozza, de a vezet\u00e9si \u00e9lm\u00e9ny mindenek f\u00f6l\u00e9 helyezi. Az Autocar \u00e1ltal tesztelt leg\u00fajabb Performance v\u00e1ltozat \u2013 amelyet 271 bhp teljes\u00edtm\u00e9ny\u0171, er\u0151s\u00edtett verzi\u00f3j\u00e1val szereltek fel \u2013 fenntartja ezt az alapfiloz\u00f3fi\u00e1t: ez a Veloster N nem egy finom, kifinomult aut\u00f3, hanem egy vad, \u0151szinte sportkocsi, amely teljes eg\u00e9sz\u00e9ben a vezet\u0151 sz\u00f3rakoztat\u00e1s\u00e1t helyezi el\u0151t\u00e9rbe.<\/p>\n<p>Amikor el\u0151sz\u00f6r r\u00e1n\u00e9z az ember a Veloster N-re, azonnal felt\u0171nik a form\u00e1ja. Ez a modell hagyom\u00e1nyosan aszimmetrikus h\u00e1rom-ajt\u00f3s kialak\u00edt\u00e1ssal rendelkezik: az egyik oldalon egy nagym\u00e9ret\u0171 ajt\u00f3, m\u00edg a m\u00e1sikon k\u00e9t kisebb ajt\u00f3 ny\u00edlik, ami egyr\u00e9szt egyedi, m\u00e1sr\u00e9szt pedig praktikus kompromisszumot jelent a hozz\u00e1f\u00e9rhet\u0151s\u00e9g \u00e9s a sportos karakter k\u00f6z\u00f6tt. Ez a megold\u00e1s nem mindenkinek tetszik, mert els\u0151re nem t\u0171nik logikusnak, de a gyakorlatban m\u00e9gis m\u0171k\u00f6dik, \u00e9s egyben a Veloster karakter\u00e9nek meghat\u00e1roz\u00f3 vizu\u00e1lis jegye is.<\/p>\n<p>A hajt\u00e1sl\u00e1nc ter\u00e9n a Veloster N lelke egy turb\u00f3felt\u00f6lt\u00e9ses, 2,0 literes n\u00e9gyhengeres motor, amely a Performance csomagban 271 l\u00f3er\u0151 k\u00f6r\u00fcl teljes\u00edt, \u00e9s rendk\u00edv\u00fcl \u00e9l\u00e9nk gyorsul\u00e1st biztos\u00edt. Mik\u00f6zben nem a legkifinomultabb er\u0151forr\u00e1s-\u00e1tmenetet ny\u00fajtja a g\u00e1zad\u00e1s \u00e9s a teljes\u00edtm\u00e9ny k\u00f6z\u00f6tt \u2013 n\u00e9mi \u201eturbo lag\u201d, vagyis k\u00e9sleked\u00e9s \u00e9rz\u00e9kelhet\u0151 g\u00e1zad\u00e1skor \u2013, de amint fel\u00e9p\u00fcl a turb\u00f3nyom\u00e1s, a Veloster N lend\u00fcletes, szinte agressz\u00edv m\u00f3don h\u00faz el\u0151re az \u00faton. Az Autocar tesztj\u00e9ben k\u00fcl\u00f6n kiemelik, hogy a kipufog\u00f3 hangja nem puszt\u00e1n hangos, hanem val\u00f3ban \u201e\u00e9des\u201d hangz\u00e1s\u00fa, amely driverek sz\u00e1m\u00e1ra igazi \u00e9lm\u00e9nyt ad.<\/p>\n","protected":false},"excerpt":{"rendered":"<p>A vas\u00e1rnap esti show alatt felr0bbant a st\u00fadi\u00f3: a A Nagy Duett sz\u00ednpad\u00e1n ez\u00fattal P\u00e9ter Sr\u00e1mek \u00e9s G\u00e1sp\u00e1r Bea ragadott mikrofont, m\u00e9ghozz\u00e1 a legend\u00e1s Korda Gy\u00f6rgy \u00e9s Bal\u00e1zs Kl\u00e1ri egyik ikonikus dal\u00e1val&#8230;.<\/p>\n","protected":false},"author":1,"featured_media":10272,"comment_status":"open","ping_status":"open","sticky":false,"template":"","format":"standard","meta":{"footnotes":""},"categories":[2],"tags":[],"class_list":["post-10269","post","type-post","status-publish","format-standard","has-post-thumbnail","hentry","category-altalanos"],"aioseo_notices":[],"_links":{"self":[{"href":"https:\/\/online-filmkatarzis.com\/kucko\/wp-json\/wp\/v2\/posts\/10269","targetHints":{"allow":["GET"]}}],"collection":[{"href":"https:\/\/online-filmkatarzis.com\/kucko\/wp-json\/wp\/v2\/posts"}],"about":[{"href":"https:\/\/online-filmkatarzis.com\/kucko\/wp-json\/wp\/v2\/types\/post"}],"author":[{"embeddable":true,"href":"https:\/\/online-filmkatarzis.com\/kucko\/wp-json\/wp\/v2\/users\/1"}],"replies":[{"embeddable":true,"href":"https:\/\/online-filmkatarzis.com\/kucko\/wp-json\/wp\/v2\/comments?post=10269"}],"version-history":[{"count":3,"href":"https:\/\/online-filmkatarzis.com\/kucko\/wp-json\/wp\/v2\/posts\/10269\/revisions"}],"predecessor-version":[{"id":10291,"href":"https:\/\/online-filmkatarzis.com\/kucko\/wp-json\/wp\/v2\/posts\/10269\/revisions\/10291"}],"wp:featuredmedia":[{"embeddable":true,"href":"https:\/\/online-filmkatarzis.com\/kucko\/wp-json\/wp\/v2\/media\/10272"}],"wp:attachment":[{"href":"https:\/\/online-filmkatarzis.com\/kucko\/wp-json\/wp\/v2\/media?parent=10269"}],"wp:term":[{"taxonomy":"category","embeddable":true,"href":"https:\/\/online-filmkatarzis.com\/kucko\/wp-json\/wp\/v2\/categories?post=10269"},{"taxonomy":"post_tag","embeddable":true,"href":"https:\/\/online-filmkatarzis.com\/kucko\/wp-json\/wp\/v2\/tags?post=10269"}],"curies":[{"name":"wp","href":"https:\/\/api.w.org\/{rel}","templated":true}]}}