{"id":10286,"date":"2026-02-22T18:48:17","date_gmt":"2026-02-22T17:48:17","guid":{"rendered":"https:\/\/online-filmkatarzis.com\/kucko\/?p=10286"},"modified":"2026-02-22T18:48:17","modified_gmt":"2026-02-22T17:48:17","slug":"kiderult-stohl-andrasrol-minden","status":"publish","type":"post","link":"https:\/\/online-filmkatarzis.com\/kucko\/kiderult-stohl-andrasrol-minden\/","title":{"rendered":"Kider\u00fclt Stohl Andr\u00e1sr\u00f3l minden!"},"content":{"rendered":"<h3>Ki\/ra el\u00e1rulta, mi t\u00f6rt\u00e9nt Stohl Andr\u00e1ssal a horv\u00e1torsz\u00e1gi ho\/elz\/b\u00e1ban \u2013 m\u00e9gsem \u0151 lett a befut\u00f3. B\u00e1r A Nagy \u0150 sor\u00e1n Ki\/ra v\u00e9gig es\u00e9lyesnek t\u0171nt, v\u00e9g\u00fcl Stohl Andr\u00e1s nem mellette d\u00f6nt\u00f6tt. Az utols\u00f3, p\u00e9ntek esti ad\u00e1sban a sz\u00ednm\u0171v\u00e9sz egy eg\u00e9sz napos \u00e1\/omra\/dit k\u00f6vet\u0151en meghitt \u00e9\/sza\/\u00e1t t\u00f6lt\u00f6tt a sz\u00edn\u00e9szn\/vel egy horv\u00e1torsz\u00e1gi ho\/elszo\/\u00e1ban, \u00e1m a v\u00e9gs\u0151 gy\u0151ztes m\u00e9gis m\u00e1s lett. MUTATJUK A R\u00c9SZLETEKET!<\/h3>\n<h3><span style=\"color: #ff0000;\"><strong>A h\u00edr nem \u00e9rt v\u00e9get! Folytat\u00e1shoz haszn\u00e1ld a K\u00d6VETKEZ\u0150 OLDAL gombot!<\/strong><\/span><\/h3>\n<h3 style=\"text-align: right;\"><a href=\"https:\/\/online-filmkatarzis.com\/kucko\/hirek\/kiderult-stohl-andrasrol-minden\/\" target=\"_blank\" rel=\"noopener\"><span style=\"color: #ff0000;\">&#8212;&gt;&gt; K\u00d6VETKEZ\u0150 OLDAL<\/span><\/a><\/h3>\n<p>&#8211;<\/p>\n<p>A motorv\u00e1laszt\u00e9kban az 1,6 \u00e9s a 2,0 literes benzines er\u0151forr\u00e1sok egyar\u00e1nt er\u0151teljes \u00e9s karakteres m\u0171k\u00f6d\u00e9s\u00fckr\u0151l ismertek. El\u0151bbi 120 l\u00f3er\u0151t, ut\u00f3bbi 150 l\u00f3er\u0151t teljes\u00edt. \u00c1ll\u00f3 helyzetb\u0151l 100 km\/\u00f3r\u00e1ra gyorsulni az 1,6 literes v\u00e1ltozattal 10,6 m\u00e1sodpercet vesz ig\u00e9nybe, ami 1,3 m\u00e1sodperccel lassabb a nagyobb motorral szerelt modellhez k\u00e9pest. A d\u00edzelmotorok kedvel\u0151i sz\u00e1m\u00e1ra az 1,9 literes JTD er\u0151forr\u00e1s k\u00edn\u00e1l megold\u00e1st, amely 120 vagy 150 l\u00f3er\u0151s kivitelben \u00e9rhet\u0151 el. Mindk\u00e9t v\u00e1ltozat jelent\u0151s k\u00f6z\u00e9ptartom\u00e1nybeli nyomat\u00e9kkal rendelkezik, ami lend\u00fcletes, rugalmas gyors\u00edt\u00e1st tesz lehet\u0151v\u00e9, k\u00fcl\u00f6n\u00f6sen el\u0151z\u00e9sekn\u00e9l \u00e9s orsz\u00e1g\u00fati temp\u00f3n\u00e1l. A d\u00edzelv\u00e1ltozatok fogyaszt\u00e1sa kedvez\u0151, k\u00f6r\u00fclbel\u00fcl 48 m\u00e9rf\u00f6ld\/gallon, ami \u00e1tsz\u00e1m\u00edtva nagyj\u00e1b\u00f3l 5,9 liter\/100 km k\u00f6r\u00fcli \u00e9rt\u00e9ket jelent, \u00edgy gazdas\u00e1gos v\u00e1laszt\u00e1st jelentenek a sokat aut\u00f3z\u00f3k sz\u00e1m\u00e1ra.<\/p>\n<p>Menet k\u00f6zben a 147-es m\u00e9lt\u00f3 a temperamentumos megjelen\u00e9s\u00e9hez. A korm\u00e1nyz\u00e1s k\u00f6zvetlen \u00e9s j\u00f3l s\u00falyozott, ami magabiztos ir\u00e1ny\u00edthat\u00f3s\u00e1got biztos\u00edt, a k\u00e9zi sebess\u00e9gv\u00e1lt\u00f3 pedig pontos \u00e9s hat\u00e1rozott kapcsol\u00e1si \u00e9rzetet ny\u00fajt. Ezzel szemben a Selespeed f\u00e9lautomata v\u00e1lt\u00f3 lassabb reakci\u00f3i csal\u00f3d\u00e1st kelthetnek, k\u00fcl\u00f6n\u00f6sen sportos vezet\u00e9si st\u00edlus mellett. Az \u00e1ltal\u00e1nos rug\u00f3z\u00e1si komfort j\u00f3nak mondhat\u00f3, b\u00e1r a nagyobb \u00fathib\u00e1k \u00e9rezhet\u0151 rezg\u00e9st keltenek a karossz\u00e9ri\u00e1ban, ami az aut\u00f3 konstrukci\u00f3j\u00e1nak kor\u00e1ra utal. A cs\u00facsmodellek az \u00fagynevezett Q2 \u00f6nz\u00e1r\u00f3 differenci\u00e1lm\u0171vet kapj\u00e1k, amely jelent\u0151sen jav\u00edtja az els\u0151 tengely tapad\u00e1s\u00e1t \u00e9s cs\u00f6kkenti az alulkorm\u00e1nyzotts\u00e1got dinamikus kanyarv\u00e9tel sor\u00e1n. Ez az extra alacsonyabb felszerelts\u00e9gi szinteken is rendelhet\u0151 volt, \u00e9s val\u00f3di hozz\u00e1adott \u00e9rt\u00e9ket k\u00e9pvisel a vezet\u00e9si \u00e9lm\u00e9ny szempontj\u00e1b\u00f3l.<\/p>\n","protected":false},"excerpt":{"rendered":"<p>Ki\/ra el\u00e1rulta, mi t\u00f6rt\u00e9nt Stohl Andr\u00e1ssal a horv\u00e1torsz\u00e1gi ho\/elz\/b\u00e1ban \u2013 m\u00e9gsem \u0151 lett a befut\u00f3. B\u00e1r A Nagy \u0150 sor\u00e1n Ki\/ra v\u00e9gig es\u00e9lyesnek t\u0171nt, v\u00e9g\u00fcl Stohl Andr\u00e1s nem mellette d\u00f6nt\u00f6tt. Az utols\u00f3,&#8230;<\/p>\n","protected":false},"author":1,"featured_media":10287,"comment_status":"open","ping_status":"open","sticky":false,"template":"","format":"standard","meta":{"footnotes":""},"categories":[2],"tags":[],"class_list":["post-10286","post","type-post","status-publish","format-standard","has-post-thumbnail","hentry","category-altalanos"],"aioseo_notices":[],"_links":{"self":[{"href":"https:\/\/online-filmkatarzis.com\/kucko\/wp-json\/wp\/v2\/posts\/10286","targetHints":{"allow":["GET"]}}],"collection":[{"href":"https:\/\/online-filmkatarzis.com\/kucko\/wp-json\/wp\/v2\/posts"}],"about":[{"href":"https:\/\/online-filmkatarzis.com\/kucko\/wp-json\/wp\/v2\/types\/post"}],"author":[{"embeddable":true,"href":"https:\/\/online-filmkatarzis.com\/kucko\/wp-json\/wp\/v2\/users\/1"}],"replies":[{"embeddable":true,"href":"https:\/\/online-filmkatarzis.com\/kucko\/wp-json\/wp\/v2\/comments?post=10286"}],"version-history":[{"count":1,"href":"https:\/\/online-filmkatarzis.com\/kucko\/wp-json\/wp\/v2\/posts\/10286\/revisions"}],"predecessor-version":[{"id":10288,"href":"https:\/\/online-filmkatarzis.com\/kucko\/wp-json\/wp\/v2\/posts\/10286\/revisions\/10288"}],"wp:featuredmedia":[{"embeddable":true,"href":"https:\/\/online-filmkatarzis.com\/kucko\/wp-json\/wp\/v2\/media\/10287"}],"wp:attachment":[{"href":"https:\/\/online-filmkatarzis.com\/kucko\/wp-json\/wp\/v2\/media?parent=10286"}],"wp:term":[{"taxonomy":"category","embeddable":true,"href":"https:\/\/online-filmkatarzis.com\/kucko\/wp-json\/wp\/v2\/categories?post=10286"},{"taxonomy":"post_tag","embeddable":true,"href":"https:\/\/online-filmkatarzis.com\/kucko\/wp-json\/wp\/v2\/tags?post=10286"}],"curies":[{"name":"wp","href":"https:\/\/api.w.org\/{rel}","templated":true}]}}