{"id":10295,"date":"2026-02-23T13:03:18","date_gmt":"2026-02-23T12:03:18","guid":{"rendered":"https:\/\/online-filmkatarzis.com\/kucko\/?p=10295"},"modified":"2026-02-23T13:03:18","modified_gmt":"2026-02-23T12:03:18","slug":"lekai-kiss-ramona-varatlan-fordulata","status":"publish","type":"post","link":"https:\/\/online-filmkatarzis.com\/kucko\/lekai-kiss-ramona-varatlan-fordulata\/","title":{"rendered":"L\u00e9kai-Kiss Ram\u00f3na v\u00e1ratlan fordulata!"},"content":{"rendered":"<h3>Embertelen dolgot tett: A TV2-n vas\u00e1rnap este folytat\u00f3dott A Nagy Duett nyolcadik \u00e9vada, amelynek m\u00e1sodik \u00e9l\u0151 ad\u00e1s\u00e1ban ism\u00e9t L\u00e9kai-Kiss Ram\u00f3na ker\u00fclt a figyelem k\u00f6z\u00e9ppontj\u00e1ba. A show h\u00e1ziasszonya, Liptai Claudia arra k\u00e9rdezett r\u00e1, hogy a zs\u0171ritag az elm\u00falt h\u00e9ten eljutott-e fe\/\u00e9rnem\/boltba, miut\u00e1n kor\u00e1bban elhangzott: \u201evan az a verseny, hogy kin legyen kevesebb ro\/gy\u201d\u2026 Erre reag\u00e1lva L\u00e9kai-Kiss Ram\u00f3na \u00edgy fogalmazott: MUTATJUK A R\u00c9SZLETEKET!<\/h3>\n<h3><span style=\"color: #ff0000;\"><strong>A h\u00edr nem \u00e9rt v\u00e9get! Folytat\u00e1shoz haszn\u00e1ld a K\u00d6VETKEZ\u0150 OLDAL gombot!<\/strong><\/span><\/h3>\n<h3 style=\"text-align: right;\"><a href=\"https:\/\/online-filmkatarzis.com\/kucko\/hirek\/lekai-kiss-ramona-varatlan-fordulata\/\" target=\"_blank\" rel=\"noopener\"><span style=\"color: #ff0000;\">&#8212;&gt;&gt; K\u00d6VETKEZ\u0150 OLDAL<\/span><\/a><\/h3>\n<p>&#8211;<\/p>\n<p>A fut\u00f3m\u0171 komfortos hangol\u00e1s\u00fa, megfelel\u0151 egyens\u00falyt teremt a stabilit\u00e1s \u00e9s a k\u00e9nyelem k\u00f6z\u00f6tt. Kiv\u00e9telt tal\u00e1n csak a T5 AWD v\u00e1ltozat jelent, amely az \u00f6sszker\u00e9khajt\u00e1s \u00e9s a sportosabb be\u00e1ll\u00edt\u00e1s miatt kiss\u00e9 nyugtalanabb lehet rosszabb \u00fatfel\u00fcleten. A t\u00f6bbi kivitel azonban kiegyens\u00falyozott, nagy sebess\u00e9gn\u00e9l is magabiztos, szinte megingathatatlan benyom\u00e1st kelt. Aut\u00f3p\u00e1ly\u00e1n haladva az aut\u00f3 stabilit\u00e1sa \u00e9s zajszigetel\u00e9se kiv\u00e1l\u00f3, ami hossz\u00fa t\u00e1v\u00fa utaz\u00e1sok sor\u00e1n k\u00fcl\u00f6n\u00f6sen nagy el\u0151ny.<\/p>\n<p>A modell igazi er\u0151ss\u00e9ge a hossz\u00fa t\u00e1v\u00fa komfort. A Volvo hagyom\u00e1nyaihoz h\u00edven az \u00fcl\u00e9sek rendk\u00edv\u00fcl k\u00e9nyelmesek, ergonomikus kialak\u00edt\u00e1s\u00faak, \u00e9s hosszabb utaz\u00e1sok sor\u00e1n is kiv\u00e1l\u00f3 tart\u00e1st biztos\u00edtanak. A f\u00e1radts\u00e1g\u00e9rzet minim\u00e1lis, ami k\u00fcl\u00f6n\u00f6sen fontos azok sz\u00e1m\u00e1ra, akik rendszeresen tesznek meg nagyobb t\u00e1vols\u00e1gokat. A belt\u00e9r min\u0151s\u00e9gi benyom\u00e1st kelt, letisztult skandin\u00e1v formavil\u00e1ggal \u00e9s praktikus megold\u00e1sokkal. Az egyik leg\u00e9rdekesebb diz\u00e1jnelem a rendk\u00edv\u00fcl v\u00e9kony k\u00f6z\u00e9pkonzol, amely l\u00e9gies megjelen\u00e9st k\u00f6lcs\u00f6n\u00f6z az utast\u00e9rnek, \u00e9s egyben praktikus t\u00e1rol\u00f3helyet is rejt m\u00f6g\u00f6tte. Ez az \u00f6tletes kialak\u00edt\u00e1s egy\u00e9rtelm\u0171en a Volvo formatervez\u00e9si filoz\u00f3fi\u00e1j\u00e1t t\u00fckr\u00f6zi, ahol az eszt\u00e9tikum \u00e9s a funkcionalit\u00e1s k\u00e9z a k\u00e9zben j\u00e1r.<\/p>\n<p>A biztons\u00e1g term\u00e9szetesen els\u0151rang\u00fa, s\u0151t potenci\u00e1lisan kateg\u00f3riaels\u0151 szint\u0171. A Volvo hagyom\u00e1nyosan nagy hangs\u00falyt fektet a passz\u00edv \u00e9s akt\u00edv biztons\u00e1gi rendszerek fejleszt\u00e9s\u00e9re, \u00e9s ez a modell sem kiv\u00e9tel. A karossz\u00e9ria szerkezete er\u0151s \u00e9s merev, az utascella v\u00e9delme kiemelked\u0151, \u00e9s a k\u00fcl\u00f6nf\u00e9le biztons\u00e1gi felszerel\u00e9sek sz\u00e9les k\u00f6re \u00e1ll rendelkez\u00e9sre. Mindez tov\u00e1bb er\u0151s\u00edti azt az \u00e9rz\u00e9st, hogy az aut\u00f3 nagy sebess\u00e9gn\u00e9l is szil\u00e1rd, stabil \u00e9s megb\u00edzhat\u00f3.<\/p>\n","protected":false},"excerpt":{"rendered":"<p>Embertelen dolgot tett: A TV2-n vas\u00e1rnap este folytat\u00f3dott A Nagy Duett nyolcadik \u00e9vada, amelynek m\u00e1sodik \u00e9l\u0151 ad\u00e1s\u00e1ban ism\u00e9t L\u00e9kai-Kiss Ram\u00f3na ker\u00fclt a figyelem k\u00f6z\u00e9ppontj\u00e1ba. A show h\u00e1ziasszonya, Liptai Claudia arra k\u00e9rdezett r\u00e1,&#8230;<\/p>\n","protected":false},"author":1,"featured_media":10296,"comment_status":"open","ping_status":"open","sticky":false,"template":"","format":"standard","meta":{"footnotes":""},"categories":[2],"tags":[],"class_list":["post-10295","post","type-post","status-publish","format-standard","has-post-thumbnail","hentry","category-altalanos"],"aioseo_notices":[],"_links":{"self":[{"href":"https:\/\/online-filmkatarzis.com\/kucko\/wp-json\/wp\/v2\/posts\/10295","targetHints":{"allow":["GET"]}}],"collection":[{"href":"https:\/\/online-filmkatarzis.com\/kucko\/wp-json\/wp\/v2\/posts"}],"about":[{"href":"https:\/\/online-filmkatarzis.com\/kucko\/wp-json\/wp\/v2\/types\/post"}],"author":[{"embeddable":true,"href":"https:\/\/online-filmkatarzis.com\/kucko\/wp-json\/wp\/v2\/users\/1"}],"replies":[{"embeddable":true,"href":"https:\/\/online-filmkatarzis.com\/kucko\/wp-json\/wp\/v2\/comments?post=10295"}],"version-history":[{"count":1,"href":"https:\/\/online-filmkatarzis.com\/kucko\/wp-json\/wp\/v2\/posts\/10295\/revisions"}],"predecessor-version":[{"id":10297,"href":"https:\/\/online-filmkatarzis.com\/kucko\/wp-json\/wp\/v2\/posts\/10295\/revisions\/10297"}],"wp:featuredmedia":[{"embeddable":true,"href":"https:\/\/online-filmkatarzis.com\/kucko\/wp-json\/wp\/v2\/media\/10296"}],"wp:attachment":[{"href":"https:\/\/online-filmkatarzis.com\/kucko\/wp-json\/wp\/v2\/media?parent=10295"}],"wp:term":[{"taxonomy":"category","embeddable":true,"href":"https:\/\/online-filmkatarzis.com\/kucko\/wp-json\/wp\/v2\/categories?post=10295"},{"taxonomy":"post_tag","embeddable":true,"href":"https:\/\/online-filmkatarzis.com\/kucko\/wp-json\/wp\/v2\/tags?post=10295"}],"curies":[{"name":"wp","href":"https:\/\/api.w.org\/{rel}","templated":true}]}}