{"id":10308,"date":"2026-02-23T21:28:11","date_gmt":"2026-02-23T20:28:11","guid":{"rendered":"https:\/\/online-filmkatarzis.com\/kucko\/?p=10308"},"modified":"2026-02-23T21:30:49","modified_gmt":"2026-02-23T20:30:49","slug":"gyasz-osszeomlott-a-kincsvadaszok-sztarja","status":"publish","type":"post","link":"https:\/\/online-filmkatarzis.com\/kucko\/gyasz-osszeomlott-a-kincsvadaszok-sztarja\/","title":{"rendered":"Gy\u00e1sz: \u00d6sszeomlott a Kincsvad\u00e1szok szt\u00e1rja"},"content":{"rendered":"<h3>Egyetlen \u00e9g\u0151 gyertya fot\u00f3ja perzseli most a k\u00f6z\u00f6ss\u00e9gi oldalakat. A l\u00e1ng mellett mind\u00f6ssze k\u00e9t sz\u00f3: \u201eLiza eml\u00e9k\u00e9re.\u201d Nincs magyar\u00e1zat, nincs hossz\u00fa b\u00facs\u00fa \u2013 csak a n\u00e9ma f\u00e1jdalom. A megrend\u00edt\u0151 \u00fczenet m\u00f6g\u00f6tt pedig ott \u00e1ll a n\u00e9pszer\u0171 m\u0171keresked\u0151 \u00e9s t\u00e9v\u00e9s szem\u00e9lyis\u00e9g, Nagyh\u00e1zi L\u0151rinc, a Kincsvad\u00e1szok szt\u00e1rja, aki most minden eddigin\u00e9l nehezebb szavakat volt k\u00e9nytelen kimondani.<br \/>\nMUTATJUK A R\u00c9SZLETEKET!<\/h3>\n<h3><span style=\"color: #ff0000;\"><strong>A h\u00edr nem \u00e9rt v\u00e9get! Folytat\u00e1shoz haszn\u00e1ld a K\u00d6VETKEZ\u0150 OLDAL gombot!<\/strong><\/span><\/h3>\n<h3><strong><!--nextpage--><\/strong><\/h3>\n<h3>Liza mosolya beragyogta a szob\u00e1t \u2013 mondj\u00e1k azok, akik ismert\u00e9k. \u00c9lettel teli, csupasz\u00edv kisl\u00e1ny volt, akinek az \u00e9let\u00e9t egy kegyetlen diagn\u00f3zis \u00e1rny\u00e9kolta be: r0sszindulat\u00fa agydaganat. A mind\u00f6ssze h\u00e1rom\u00e9ves Liza ha\/\u00e1la nemcsak egy csal\u00e1dot t\u00f6rt \u00f6ssze \u2013 hanem egy eg\u00e9sz orsz\u00e1got megr\u00e1zott. A kisl\u00e1ny\u00e9rt h\u00f3napokig ezrek im\u00e1dkoztak, rem\u00e9nykedtek, kapaszkodtak a csod\u00e1ban. Most azonban a gyertyal\u00e1ng lett az utols\u00f3 jel.<br \/>\n\u00c9s ami ezut\u00e1n t\u00f6rt\u00e9nt, az p\u00e9ld\u00e1tlan volt. MUTATJUK A RENDK\u00cdV\u00dcLI ESETET:<\/h3>\n<h3><span style=\"color: #ff0000;\"><strong>A h\u00edr nem \u00e9rt v\u00e9get! Folytat\u00e1shoz haszn\u00e1ld a K\u00d6VETKEZ\u0150 OLDAL gombot!<\/strong><\/span><\/h3>\n<h3><strong><!--nextpage--><\/strong><\/h3>\n<h3>A trag\u00e9dia k\u00fcl\u00f6n\u00f6sen k\u00f6zelr\u0151l \u00e9rintette Nagyh\u00e1zi L\u0151rincet, aki szem\u00e9lyesen ismerte az \u00e9desap\u00e1t, a kort\u00e1rs m\u0171v\u00e9szt, aki t\u00f6bb alkalommal is ki\u00e1ll\u00edtott a gal\u00e9ri\u00e1j\u00e1ban. Amikor kider\u00fclt a betegs\u00e9g, nem volt k\u00e9rd\u00e9s sz\u00e1m\u00e1ra, hogy seg\u00edt. \u201eAz \u00f6sszefog\u00e1s \u00e9letet menthet\u201d \u2013 \u00edrta akkor. A rem\u00e9ny egyetlen sz\u00e1la egy c\u00e9lzott k\u00fclf\u00f6ldi kezel\u00e9s volt, amely t\u00f6bb sz\u00e1zmilli\u00f3 forintba ker\u00fclt. Felfoghatatlan \u00f6sszeg \u2013 de az orsz\u00e1g megmozdult.<br \/>\n\u00c9s ami ezut\u00e1n t\u00f6rt\u00e9nt, az p\u00e9ld\u00e1tlan volt. A Kincsvad\u00e1szok ismert arcai sorra \u00e1lltak a j\u00f3 \u00fcgy mell\u00e9. Fejes Tam\u00e1s egy szem\u00e9lyes kar\u00f3r\u00e1t aj\u00e1nlott fel, m\u00edg Dr. Katona Szandra egy k\u00fcl\u00f6nleges sz\u0151nyeget bocs\u00e1tott \u00e1rver\u00e9sre. A j\u00f3t\u00e9konys\u00e1gi aukci\u00f3t febru\u00e1r 12-\u00e9n nyitott\u00e1k meg a Nagyh\u00e1zi Gal\u00e9ri\u00e1ban, \u00e9s napokon \u00e1t \u00f6z\u00f6nl\u00f6ttek a felaj\u00e1nl\u00e1sok. \u00dagy t\u0171nt, a rem\u00e9ny val\u00f3ban k\u00e9zzelfoghat\u00f3 k\u00f6zels\u00e9gbe ker\u00fclt. De a sors kegyetlenebbnek bizonyult minden emberi \u00f6sszefog\u00e1sn\u00e1l. Nagyh\u00e1zi L\u0151rinc f\u00e1jdalmas, de felel\u0151ss\u00e9gteljes d\u00f6nt\u00e9st jelentett be: a j\u00f3t\u00e9konys\u00e1gi aukci\u00f3 bev\u00e9tel\u00e9t nem hagyj\u00e1k elveszni, hanem Liz\u00e1hoz hasonl\u00f3 sors\u00fa gyermekek gy\u00f3gyul\u00e1s\u00e1ra aj\u00e1nlj\u00e1k fel.<\/h3>\n<p>VIA Story<\/p>\n","protected":false},"excerpt":{"rendered":"<p>Egyetlen \u00e9g\u0151 gyertya fot\u00f3ja perzseli most a k\u00f6z\u00f6ss\u00e9gi oldalakat. A l\u00e1ng mellett mind\u00f6ssze k\u00e9t sz\u00f3: \u201eLiza eml\u00e9k\u00e9re.\u201d Nincs magyar\u00e1zat, nincs hossz\u00fa b\u00facs\u00fa \u2013 csak a n\u00e9ma f\u00e1jdalom. A megrend\u00edt\u0151 \u00fczenet m\u00f6g\u00f6tt pedig&#8230;<\/p>\n","protected":false},"author":1,"featured_media":10309,"comment_status":"open","ping_status":"open","sticky":false,"template":"","format":"standard","meta":{"footnotes":""},"categories":[2],"tags":[],"class_list":["post-10308","post","type-post","status-publish","format-standard","has-post-thumbnail","hentry","category-altalanos"],"aioseo_notices":[],"_links":{"self":[{"href":"https:\/\/online-filmkatarzis.com\/kucko\/wp-json\/wp\/v2\/posts\/10308","targetHints":{"allow":["GET"]}}],"collection":[{"href":"https:\/\/online-filmkatarzis.com\/kucko\/wp-json\/wp\/v2\/posts"}],"about":[{"href":"https:\/\/online-filmkatarzis.com\/kucko\/wp-json\/wp\/v2\/types\/post"}],"author":[{"embeddable":true,"href":"https:\/\/online-filmkatarzis.com\/kucko\/wp-json\/wp\/v2\/users\/1"}],"replies":[{"embeddable":true,"href":"https:\/\/online-filmkatarzis.com\/kucko\/wp-json\/wp\/v2\/comments?post=10308"}],"version-history":[{"count":2,"href":"https:\/\/online-filmkatarzis.com\/kucko\/wp-json\/wp\/v2\/posts\/10308\/revisions"}],"predecessor-version":[{"id":10311,"href":"https:\/\/online-filmkatarzis.com\/kucko\/wp-json\/wp\/v2\/posts\/10308\/revisions\/10311"}],"wp:featuredmedia":[{"embeddable":true,"href":"https:\/\/online-filmkatarzis.com\/kucko\/wp-json\/wp\/v2\/media\/10309"}],"wp:attachment":[{"href":"https:\/\/online-filmkatarzis.com\/kucko\/wp-json\/wp\/v2\/media?parent=10308"}],"wp:term":[{"taxonomy":"category","embeddable":true,"href":"https:\/\/online-filmkatarzis.com\/kucko\/wp-json\/wp\/v2\/categories?post=10308"},{"taxonomy":"post_tag","embeddable":true,"href":"https:\/\/online-filmkatarzis.com\/kucko\/wp-json\/wp\/v2\/tags?post=10308"}],"curies":[{"name":"wp","href":"https:\/\/api.w.org\/{rel}","templated":true}]}}