{"id":10312,"date":"2026-02-24T10:54:50","date_gmt":"2026-02-24T09:54:50","guid":{"rendered":"https:\/\/online-filmkatarzis.com\/kucko\/?p=10312"},"modified":"2026-02-24T10:54:50","modified_gmt":"2026-02-24T09:54:50","slug":"a-parlamentben-ugrottak-neki-orban-viktornak","status":"publish","type":"post","link":"https:\/\/online-filmkatarzis.com\/kucko\/a-parlamentben-ugrottak-neki-orban-viktornak\/","title":{"rendered":"A parlamentben ugrottak neki Orb\u00e1n Viktornak"},"content":{"rendered":"<h3>Szab\u00f3 T\u00edmea, a P\u00e1rbesz\u00e9d k\u00e9pvisel\u0151je a parlament folyos\u00f3j\u00e1n k\u00e9rdezte Orb\u00e1n Viktort Iv\u00e1nyi G\u00e1bor \u00fcgy\u00e9r\u0151l. A minisztereln\u00f6k lesz\u00f6gezte, hogy soha nem tenne semmit a lelk\u00e9sz ellen. \u201eKisasszony, sajn\u00e1lom, de most dolgoznom kell\u201d \u2013 k\u00f6z\u00f6lte Orb\u00e1n Viktor Szab\u00f3 T\u00edme\u00e1val a parlament folyos\u00f3j\u00e1n. MUTATJUK A R\u00c9SZLETEKET!<\/h3>\n<h3><span style=\"color: #ff0000;\"><strong>A h\u00edr nem \u00e9rt v\u00e9get! Folytat\u00e1shoz haszn\u00e1ld a K\u00d6VETKEZ\u0150 OLDAL gombot!<\/strong><\/span><\/h3>\n<h3 style=\"text-align: right;\"><a href=\"https:\/\/online-filmkatarzis.com\/kucko\/hirek\/a-parlamentben-ugrottak-neki-orban-viktornak\/\" target=\"_blank\" rel=\"noopener\"><span style=\"color: #ff0000;\">&#8212;&gt;&gt; K\u00d6VETKEZ\u0150 OLDAL<\/span><\/a><\/h3>\n<p>&#8211;<\/p>\n<p>A biztons\u00e1gi felszerelts\u00e9g szint\u00e9n er\u0151ss\u00e9ge a modellnek. A k\u00fcl\u00f6nb\u00f6z\u0151 akt\u00edv \u00e9s passz\u00edv rendszerek, a l\u00e9gzs\u00e1kok, az elektronikus menetstabiliz\u00e1l\u00f3 \u00e9s a hat\u00e9kony gy\u0171r\u0151d\u00e9si z\u00f3n\u00e1k mind hozz\u00e1j\u00e1rulnak ahhoz, hogy az aut\u00f3 a csal\u00e1dok sz\u00e1m\u00e1ra megb\u00edzhat\u00f3 v\u00e1laszt\u00e1s legyen. A gyermek\u00fcl\u00e9sek r\u00f6gz\u00edt\u00e9s\u00e9t ISOFIX pontok seg\u00edtik, a h\u00e1ts\u00f3 ajt\u00f3k sz\u00e9lesre nyithat\u00f3k, ami megk\u00f6nny\u00edti a besz\u00e1ll\u00e1st \u00e9s a gyerekek bek\u00f6t\u00e9s\u00e9t.<\/p>\n<p>A modell piaci siker\u00e9ben fontos szerepet j\u00e1tszott a m\u00e1rka h\u00edrneve is. A Renault hossz\u00fa \u00e9vek \u00f3ta jelent\u0151s szerepl\u0151je az eur\u00f3pai egyter\u0171 piacnak, \u00e9s a Scenic gener\u00e1ci\u00f3i hozz\u00e1j\u00e1rultak ahhoz, hogy a kompakt csal\u00e1di aut\u00f3k szegmense n\u00e9pszer\u0171v\u00e9 v\u00e1ljon. A formatervez\u00e9s, a praktikum \u00e9s a kedvez\u0151 \u00e1r-\u00e9rt\u00e9k ar\u00e1ny egy\u00fcttesen tett\u00e9k vonz\u00f3v\u00e1 a modellt a v\u00e1s\u00e1rl\u00f3k szem\u00e9ben.<\/p>\n<p>Az \u00e9vek sor\u00e1n a t\u00edpus bizony\u00edtotta tart\u00f3ss\u00e1g\u00e1t is. B\u00e1r egyes motorv\u00e1ltozatokn\u00e1l el\u0151fordulhatnak ismert hib\u00e1k, megfelel\u0151 karbantart\u00e1ssal \u00e9s rendszeres szervizel\u00e9ssel hossz\u00fa t\u00e1von is megb\u00edzhat\u00f3 t\u00e1rs lehet. A haszn\u00e1ltpiacon sz\u00e9les v\u00e1laszt\u00e9k \u00e1ll rendelkez\u00e9sre, ami lehet\u0151s\u00e9get ad arra, hogy mindenki megtal\u00e1lja az ig\u00e9nyeinek \u00e9s p\u00e9nzt\u00e1rc\u00e1j\u00e1nak megfelel\u0151 p\u00e9ld\u00e1nyt. A fenntart\u00e1si k\u00f6lts\u00e9gek \u00e1ltal\u00e1ban \u00e9sszer\u0171ek, az alkatr\u00e9szell\u00e1t\u00e1s j\u00f3, \u00e9s a fogyaszt\u00e1s is versenyk\u00e9pes marad.<\/p>\n","protected":false},"excerpt":{"rendered":"<p>Szab\u00f3 T\u00edmea, a P\u00e1rbesz\u00e9d k\u00e9pvisel\u0151je a parlament folyos\u00f3j\u00e1n k\u00e9rdezte Orb\u00e1n Viktort Iv\u00e1nyi G\u00e1bor \u00fcgy\u00e9r\u0151l. A minisztereln\u00f6k lesz\u00f6gezte, hogy soha nem tenne semmit a lelk\u00e9sz ellen. \u201eKisasszony, sajn\u00e1lom, de most dolgoznom kell\u201d \u2013&#8230;<\/p>\n","protected":false},"author":1,"featured_media":10313,"comment_status":"open","ping_status":"open","sticky":false,"template":"","format":"standard","meta":{"footnotes":""},"categories":[2],"tags":[],"class_list":["post-10312","post","type-post","status-publish","format-standard","has-post-thumbnail","hentry","category-altalanos"],"aioseo_notices":[],"_links":{"self":[{"href":"https:\/\/online-filmkatarzis.com\/kucko\/wp-json\/wp\/v2\/posts\/10312","targetHints":{"allow":["GET"]}}],"collection":[{"href":"https:\/\/online-filmkatarzis.com\/kucko\/wp-json\/wp\/v2\/posts"}],"about":[{"href":"https:\/\/online-filmkatarzis.com\/kucko\/wp-json\/wp\/v2\/types\/post"}],"author":[{"embeddable":true,"href":"https:\/\/online-filmkatarzis.com\/kucko\/wp-json\/wp\/v2\/users\/1"}],"replies":[{"embeddable":true,"href":"https:\/\/online-filmkatarzis.com\/kucko\/wp-json\/wp\/v2\/comments?post=10312"}],"version-history":[{"count":1,"href":"https:\/\/online-filmkatarzis.com\/kucko\/wp-json\/wp\/v2\/posts\/10312\/revisions"}],"predecessor-version":[{"id":10314,"href":"https:\/\/online-filmkatarzis.com\/kucko\/wp-json\/wp\/v2\/posts\/10312\/revisions\/10314"}],"wp:featuredmedia":[{"embeddable":true,"href":"https:\/\/online-filmkatarzis.com\/kucko\/wp-json\/wp\/v2\/media\/10313"}],"wp:attachment":[{"href":"https:\/\/online-filmkatarzis.com\/kucko\/wp-json\/wp\/v2\/media?parent=10312"}],"wp:term":[{"taxonomy":"category","embeddable":true,"href":"https:\/\/online-filmkatarzis.com\/kucko\/wp-json\/wp\/v2\/categories?post=10312"},{"taxonomy":"post_tag","embeddable":true,"href":"https:\/\/online-filmkatarzis.com\/kucko\/wp-json\/wp\/v2\/tags?post=10312"}],"curies":[{"name":"wp","href":"https:\/\/api.w.org\/{rel}","templated":true}]}}