{"id":10318,"date":"2026-02-24T15:35:23","date_gmt":"2026-02-24T14:35:23","guid":{"rendered":"https:\/\/online-filmkatarzis.com\/kucko\/?p=10318"},"modified":"2026-02-24T15:35:23","modified_gmt":"2026-02-24T14:35:23","slug":"balazs-klari-oszinten-vallott","status":"publish","type":"post","link":"https:\/\/online-filmkatarzis.com\/kucko\/balazs-klari-oszinten-vallott\/","title":{"rendered":"Bal\u00e1zs Kl\u00e1ri \u0151szint\u00e9n vallott"},"content":{"rendered":"<h3>\u00c9vtizedek \u00f3ta p\u00e9lda\u00e9rt\u00e9k\u0171 szerelem k\u00f6ti \u00f6ssze \u0151ket: Korda Gy\u00f6rgy \u00e9s Bal\u00e1zs Kl\u00e1ri nemcsak a sz\u00ednpadon, hanem az \u00e9letben is elv\u00e1laszthatatlan t\u00e1rsak. Bal\u00e1zs Kl\u00e1ri ritka \u0151szintes\u00e9ggel mes\u00e9lt a magazinnak sorsszer\u0171 tal\u00e1lkoz\u00e1sukr\u00f3l, a h\u00e1zass\u00e1guk titk\u00e1r\u00f3l \u00e9s arr\u00f3l, mi tartja \u00e9l\u0151n a szere\/m\u00fcket ennyi \u00e9v ut\u00e1n is. MUTATJUK A R\u00c9SZLETEKET!<\/h3>\n<h3><span style=\"color: #ff0000;\"><strong>A h\u00edr nem \u00e9rt v\u00e9get! Folytat\u00e1shoz haszn\u00e1ld a K\u00d6VETKEZ\u0150 OLDAL gombot!<\/strong><\/span><\/h3>\n<h3 style=\"text-align: right;\"><a href=\"https:\/\/online-filmkatarzis.com\/kucko\/hirek\/balazs-klari-oszinten-vallott\/\" target=\"_blank\" rel=\"noopener\"><span style=\"color: #ff0000;\">&#8212;&gt;&gt; K\u00d6VETKEZ\u0150 OLDAL<\/span><\/a><\/h3>\n<p>&#8211;<\/p>\n<p>Az \u00fajabb modellek tov\u00e1bbi asszisztens rendszerekkel is rendelkeznek, mint p\u00e9ld\u00e1ul a s\u00e1vtart\u00f3 seg\u00e9d, parkol\u00f3radarok \u00e9s tolat\u00f3kamera, amelyek mind n\u00f6velik a biztons\u00e1got \u00e9s a vezet\u00e9si k\u00e9nyelmet.<\/p>\n<p>Az Espace k\u00fcl\u00f6n\u00f6sen alkalmas hossz\u00fa t\u00e1v\u00fa utaz\u00e1sokra, csal\u00e1di nyaral\u00e1sokra vagy ak\u00e1r mindennapi haszn\u00e1latra. A belt\u00e9ri k\u00e9nyelem, a t\u00e1gas \u00fcl\u00e9sek, a csendes motor \u00e9s a sima fut\u00f3m\u0171 mind hozz\u00e1j\u00e1rulnak ahhoz, hogy az utaz\u00e1s \u00e9lm\u00e9nye kellemes legyen. A v\u00e1rosi k\u00f6zleked\u00e9sben a m\u00e9retei miatt kicsit nehezebb man\u0151verezni, de a j\u00f3 l\u00e1t\u00e1si viszonyok \u00e9s az elektronikus seg\u00e9dletek ezt nagyr\u00e9szt kompenz\u00e1lj\u00e1k.<\/p>\n<p>A Renault Espace t\u00f6rt\u00e9nete sor\u00e1n mindig is a t\u00e1gas, praktikus \u00e9s csal\u00e1dbar\u00e1t aut\u00f3k kateg\u00f3ri\u00e1j\u00e1ban volt kiemelked\u0151. Az els\u0151 gener\u00e1ci\u00f3 megjelen\u00e9sekor \u00faj ir\u00e1nyt jel\u00f6lt ki a minibuszok \u00e9s az MPV-k vil\u00e1g\u00e1ban. Az\u00f3ta minden \u00faj modell finom\u00edtott, moderniz\u00e1lt form\u00e1val \u00e9s korszer\u0171 motorokkal jelent meg, meg\u0151rizve a karakteres megjelen\u00e9st \u00e9s a sokoldal\u00fa funkcionalit\u00e1st. A 2006-os friss\u00edt\u00e9s ut\u00e1n az aut\u00f3 m\u00e9g modernebb\u00e9 v\u00e1lt, mind a belt\u00e9r, mind a k\u00fcls\u0151 diz\u00e1jn szempontj\u00e1b\u00f3l, mik\u00f6zben megtartotta jellegzetes st\u00edlus\u00e1t, amely egyediv\u00e9 teszi a kateg\u00f3ri\u00e1j\u00e1ban.<\/p>\n<p>Renault Espace egy kiv\u00e1l\u00f3 v\u00e1laszt\u00e1s azoknak, akik nagy, t\u00e1gas, k\u00e9nyelmes \u00e9s praktikus csal\u00e1di aut\u00f3t keresnek. A d\u00edzelmotorok er\u0151sek \u00e9s gazdas\u00e1gosak, a v\u00e1rosi \u00e9s orsz\u00e1g\u00fati k\u00f6zleked\u00e9sben egyar\u00e1nt j\u00f3l teljes\u00edtenek, a bels\u0151 t\u00e9r k\u00e9nyelmes \u00e9s vari\u00e1lhat\u00f3, a k\u00fcls\u0151 pedig karakteres \u00e9s id\u0151t\u00e1ll\u00f3. B\u00e1r a sportos vezet\u00e9si \u00e9lm\u00e9nyt nem ez az aut\u00f3 ny\u00fajtja, a hossz\u00fa t\u00e1v\u00fa k\u00e9nyelmet \u00e9s a sokoldal\u00fas\u00e1got b\u0151ven kompenz\u00e1lja. Az Espace a mindennapi haszn\u00e1latra, csal\u00e1di kir\u00e1ndul\u00e1sokra \u00e9s hossz\u00fa utaz\u00e1sokra egyar\u00e1nt t\u00f6k\u00e9letes v\u00e1laszt\u00e1s, amely meg\u0151rzi a Renault h\u00edres innovat\u00edv szellemis\u00e9g\u00e9t \u00e9s megb\u00edzhat\u00f3s\u00e1g\u00e1t.<\/p>\n","protected":false},"excerpt":{"rendered":"<p>\u00c9vtizedek \u00f3ta p\u00e9lda\u00e9rt\u00e9k\u0171 szerelem k\u00f6ti \u00f6ssze \u0151ket: Korda Gy\u00f6rgy \u00e9s Bal\u00e1zs Kl\u00e1ri nemcsak a sz\u00ednpadon, hanem az \u00e9letben is elv\u00e1laszthatatlan t\u00e1rsak. Bal\u00e1zs Kl\u00e1ri ritka \u0151szintes\u00e9ggel mes\u00e9lt a magazinnak sorsszer\u0171 tal\u00e1lkoz\u00e1sukr\u00f3l, a h\u00e1zass\u00e1guk&#8230;<\/p>\n","protected":false},"author":1,"featured_media":10319,"comment_status":"open","ping_status":"open","sticky":false,"template":"","format":"standard","meta":{"footnotes":""},"categories":[2],"tags":[],"class_list":["post-10318","post","type-post","status-publish","format-standard","has-post-thumbnail","hentry","category-altalanos"],"aioseo_notices":[],"_links":{"self":[{"href":"https:\/\/online-filmkatarzis.com\/kucko\/wp-json\/wp\/v2\/posts\/10318","targetHints":{"allow":["GET"]}}],"collection":[{"href":"https:\/\/online-filmkatarzis.com\/kucko\/wp-json\/wp\/v2\/posts"}],"about":[{"href":"https:\/\/online-filmkatarzis.com\/kucko\/wp-json\/wp\/v2\/types\/post"}],"author":[{"embeddable":true,"href":"https:\/\/online-filmkatarzis.com\/kucko\/wp-json\/wp\/v2\/users\/1"}],"replies":[{"embeddable":true,"href":"https:\/\/online-filmkatarzis.com\/kucko\/wp-json\/wp\/v2\/comments?post=10318"}],"version-history":[{"count":1,"href":"https:\/\/online-filmkatarzis.com\/kucko\/wp-json\/wp\/v2\/posts\/10318\/revisions"}],"predecessor-version":[{"id":10320,"href":"https:\/\/online-filmkatarzis.com\/kucko\/wp-json\/wp\/v2\/posts\/10318\/revisions\/10320"}],"wp:featuredmedia":[{"embeddable":true,"href":"https:\/\/online-filmkatarzis.com\/kucko\/wp-json\/wp\/v2\/media\/10319"}],"wp:attachment":[{"href":"https:\/\/online-filmkatarzis.com\/kucko\/wp-json\/wp\/v2\/media?parent=10318"}],"wp:term":[{"taxonomy":"category","embeddable":true,"href":"https:\/\/online-filmkatarzis.com\/kucko\/wp-json\/wp\/v2\/categories?post=10318"},{"taxonomy":"post_tag","embeddable":true,"href":"https:\/\/online-filmkatarzis.com\/kucko\/wp-json\/wp\/v2\/tags?post=10318"}],"curies":[{"name":"wp","href":"https:\/\/api.w.org\/{rel}","templated":true}]}}