{"id":10329,"date":"2026-02-24T16:39:16","date_gmt":"2026-02-24T15:39:16","guid":{"rendered":"https:\/\/online-filmkatarzis.com\/kucko\/?p=10329"},"modified":"2026-02-24T16:41:14","modified_gmt":"2026-02-24T15:41:14","slug":"szakitott-varkonyi-andrea","status":"publish","type":"post","link":"https:\/\/online-filmkatarzis.com\/kucko\/szakitott-varkonyi-andrea\/","title":{"rendered":"Szak\u00edtott V\u00e1rkonyi Andrea!"},"content":{"rendered":"<h3>Sokan csak annyit l\u00e1ttak, hogy V\u00e1rkonyi Andrea mosolyog. A kamer\u00e1k el\u0151tt magabiztos, eleg\u00e1ns, kiegyens\u00falyozott. De a felsz\u00edn alatt m\u00e1r r\u00e9g\u00f3ta gy\u0171lt valami. Egy kapcsolat, amely k\u00edv\u00fclr\u0151l stabilnak t\u0171nt, bel\u00fclr\u0151l azonban egyre t\u00f6bb kompromisszumot, egyre t\u00f6bb elhallgatott fesz\u00fclts\u00e9get k\u00f6vetelt.<br \/>\nA k\u00f6rnyezet\u00e9ben sokan \u00e9rezt\u00e9k: valami nincs rendben. A megszok\u00e1s k\u00e9nyelme \u00e9s a k\u00f6z\u00f6sen fel\u00e9p\u00edtett \u00e9vek s\u00falya nehezen enged. Ki mer kil\u00e9pni abb\u00f3l, amit m\u00e1r mindenki biztosnak hisz? Ki meri kimondani, hogy ami egykor m\u0171k\u00f6d\u00f6tt, ma m\u00e1r csak visz, de nem ad?<br \/>\n\u00daj fejezetet nyitott.<br \/>\nMUTATJUK A R\u00c9SZLETEKET!<\/h3>\n<h3><span style=\"color: #ff0000;\"><strong>A h\u00edr nem \u00e9rt v\u00e9get! Folytat\u00e1shoz haszn\u00e1ld a K\u00d6VETKEZ\u0150 OLDAL gombot!<\/strong><\/span><\/h3>\n<h3><strong><!--nextpage--><\/strong><\/h3>\n<h3>K\u00f6zel h\u00fasz \u00e9v ut\u00e1n h\u00e1tat ford\u00edtott a biztosnak hitt vil\u00e1gnak, \u00e9s felmondott a TV2-n\u00e9l. Milli\u00f3k forogtak kock\u00e1n. Komoly v\u00e9gkiel\u00e9g\u00edt\u00e9s j\u00e1rt volna neki \u2013 p\u00e9nz, ami sokak sz\u00e1m\u00e1ra megnyugtat\u00f3 p\u00e1rna egy bizonytalan j\u00f6v\u0151 el\u0151tt. \u0150 azonban nemet mondott. \u201eT\u00f6bbet \u00e9rt a m\u00e9lt\u00f3s\u00e1gom a p\u00e9nzn\u00e9l!\u201d \u2013 jelentette ki.<br \/>\nNem alkudott. Nem k\u00e9rt kompenz\u00e1ci\u00f3t. Nem v\u00e1lasztotta a k\u00f6nnyebb utat. Ink\u00e1bb t\u00e1vozott emelt f\u0151vel, \u00fcres k\u00e9zzel \u2013 de tiszta lelkiismerettel. A d\u00f6nt\u00e9s sokkolta a szakm\u00e1t. Mi j\u00f6het m\u00e9g ezek ut\u00e1n?<br \/>\nSOR KER\u00dcLT A V\u00c1L\u00c1SRA IS! MUTATJUK A R\u00c9SZLETEKET!<\/h3>\n<h3><span style=\"color: #ff0000;\"><strong>A h\u00edr nem \u00e9rt v\u00e9get! Folytat\u00e1shoz haszn\u00e1ld a K\u00d6VETKEZ\u0150 OLDAL gombot!<\/strong><\/span><\/h3>\n<h3><strong><!--nextpage--><\/strong><\/h3>\n<h3>Most m\u00e1r ny\u00edltan besz\u00e9l arr\u00f3l, hogy a szak\u00edt\u00e1s nem veres\u00e9g volt, hanem felszabadul\u00e1s. Hogy a rosszul m\u0171k\u00f6d\u0151 kapcsolatba fektetett energi\u00e1t v\u00e9gre \u00f6nmag\u00e1ra \u00e9s az \u00faj \u00e9let\u00e9re ford\u00edthatta. Hogy a f\u00e1jdalom ut\u00e1n meg\u00e9rkezett az er\u0151. \u00c9s hogy kit\u0151l v\u00e1lt el? A hossz\u00fa \u00e9veken \u00e1t tart\u00f3 kapcsolatnak a r\u00e1di\u00f3s m\u0171sorvezet\u0151vel, Bochkor G\u00e1bor-ral lett v\u00e9ge- err\u0151l nyilatkozott hossz\u00fa id\u0151 ut\u00e1n teljesen \u0151szint\u00e9n. Ez volt az a d\u00f6nt\u00e9s, ami m\u00e1r t\u00e9nyleg nem f\u00e9rt bele \u2013 de ami n\u00e9lk\u00fcl ma nem lenne az, aki lett.<\/h3>\n<p>VIA Videkinfo<\/p>\n","protected":false},"excerpt":{"rendered":"<p>Sokan csak annyit l\u00e1ttak, hogy V\u00e1rkonyi Andrea mosolyog. A kamer\u00e1k el\u0151tt magabiztos, eleg\u00e1ns, kiegyens\u00falyozott. De a felsz\u00edn alatt m\u00e1r r\u00e9g\u00f3ta gy\u0171lt valami. Egy kapcsolat, amely k\u00edv\u00fclr\u0151l stabilnak t\u0171nt, bel\u00fclr\u0151l azonban egyre t\u00f6bb&#8230;<\/p>\n","protected":false},"author":1,"featured_media":10330,"comment_status":"open","ping_status":"open","sticky":false,"template":"","format":"standard","meta":{"footnotes":""},"categories":[2],"tags":[],"class_list":["post-10329","post","type-post","status-publish","format-standard","has-post-thumbnail","hentry","category-altalanos"],"aioseo_notices":[],"_links":{"self":[{"href":"https:\/\/online-filmkatarzis.com\/kucko\/wp-json\/wp\/v2\/posts\/10329","targetHints":{"allow":["GET"]}}],"collection":[{"href":"https:\/\/online-filmkatarzis.com\/kucko\/wp-json\/wp\/v2\/posts"}],"about":[{"href":"https:\/\/online-filmkatarzis.com\/kucko\/wp-json\/wp\/v2\/types\/post"}],"author":[{"embeddable":true,"href":"https:\/\/online-filmkatarzis.com\/kucko\/wp-json\/wp\/v2\/users\/1"}],"replies":[{"embeddable":true,"href":"https:\/\/online-filmkatarzis.com\/kucko\/wp-json\/wp\/v2\/comments?post=10329"}],"version-history":[{"count":2,"href":"https:\/\/online-filmkatarzis.com\/kucko\/wp-json\/wp\/v2\/posts\/10329\/revisions"}],"predecessor-version":[{"id":10332,"href":"https:\/\/online-filmkatarzis.com\/kucko\/wp-json\/wp\/v2\/posts\/10329\/revisions\/10332"}],"wp:featuredmedia":[{"embeddable":true,"href":"https:\/\/online-filmkatarzis.com\/kucko\/wp-json\/wp\/v2\/media\/10330"}],"wp:attachment":[{"href":"https:\/\/online-filmkatarzis.com\/kucko\/wp-json\/wp\/v2\/media?parent=10329"}],"wp:term":[{"taxonomy":"category","embeddable":true,"href":"https:\/\/online-filmkatarzis.com\/kucko\/wp-json\/wp\/v2\/categories?post=10329"},{"taxonomy":"post_tag","embeddable":true,"href":"https:\/\/online-filmkatarzis.com\/kucko\/wp-json\/wp\/v2\/tags?post=10329"}],"curies":[{"name":"wp","href":"https:\/\/api.w.org\/{rel}","templated":true}]}}