{"id":10348,"date":"2026-02-25T20:19:36","date_gmt":"2026-02-25T19:19:36","guid":{"rendered":"https:\/\/online-filmkatarzis.com\/kucko\/?p=10348"},"modified":"2026-02-25T20:23:18","modified_gmt":"2026-02-25T19:23:18","slug":"vegul-brutalis-dolgot-tett-allataival-molnar-aniko","status":"publish","type":"post","link":"https:\/\/online-filmkatarzis.com\/kucko\/vegul-brutalis-dolgot-tett-allataival-molnar-aniko\/","title":{"rendered":"V\u00e9g\u00fcl brut\u00e1lis dolgot tett \u00e1llataival Moln\u00e1r Anik\u00f3"},"content":{"rendered":"<h3>Sok\u00e1ig \u00fagy t\u0171nt, a val\u00f3s\u00e1gshow-k egykori szt\u00e1rja egyszer\u0171en csak t\u00fal nagy sz\u00edvvel fordul a bajba jutott \u00e1llatok fel\u00e9. Moln\u00e1r Anik\u00f3 sorra fogadta be a kidobott macsk\u00e1kat \u00e9s kuty\u00e1kat, \u00e1m ami kezdetben nemes gesztusnak indult, m\u00e1ra teljesen kics\u00faszott az ir\u00e1ny\u00edt\u00e1sa al\u00f3l.<br \/>\nA TV2 T\u00e9nyek Plusz kamer\u00e1i el\u0151tt engedett betekint\u00e9st pom\u00e1zi otthon\u00e1ba \u2013 a l\u00e1tv\u00e1ny azonban s0kk0l\u00f3bb volt, mint b\u00e1rki gondolta volna. A lak\u00e1s minden zug\u00e1t \u00e1llatok lept\u00e9k el, fekhelyek, t\u00e1lak \u00e9s ideiglenes megold\u00e1sok bor\u00edtj\u00e1k a tereket, mik\u00f6zben a folyamatos rombol\u00e1s nyomai egyre l\u00e1tv\u00e1nyosabb\u00e1 v\u00e1ltak.<br \/>\nMUTATJUK MI T\u00d6RT\u00c9NT AZ \u00c1LLATOKKAL!<\/h3>\n<h3><span style=\"color: #ff0000;\"><strong>A h\u00edr nem \u00e9rt v\u00e9get! Folytat\u00e1shoz haszn\u00e1ld a K\u00d6VETKEZ\u0150 OLDAL gombot!<\/strong><\/span><\/h3>\n<h3><strong><!--nextpage--><\/strong><\/h3>\n<h3>Az egykori Nagy \u0150 otthon\u00e1ban ma m\u00e1r szinte lehetetlen rendet tartani. \u00c1llatok egym\u00e1s hegy\u00e9n-h\u00e1t\u00e1n, \u00fcr\u00fc\/\u00e9k a padl\u00f3n, folyamatos fert\u0151tlen\u00edt\u00e9s \u00e9s mos\u00e1s \u2013 Moln\u00e1r Anik\u00f3 napjai gyakorlatilag v\u00e9get nem \u00e9r\u0151 takar\u00edt\u00e1ssal telnek. A lak\u00e1s leveg\u0151je, tisztas\u00e1ga \u00e9s higi\u00e9niai \u00e1llapota egyre komolyabb k\u00e9rd\u00e9seket vet fel.<br \/>\nA k\u00f6lts\u00e9gek k\u00f6zben az egekbe sz\u00f6ktek: havi t\u00f6bb sz\u00e1zezer forint megy el \u00e1llateledelekre, tiszt\u00edt\u00f3szerekre \u00e9s a folyamatosan keletkez\u0151 hullad\u00e9k kezel\u00e9s\u00e9re. A felhalmoz\u00f3dott koszos fekhelyeket \u00e9s pelenk\u00e1kat m\u00e1r kont\u00e9nerben gy\u0171jti, mert m\u00e1sk\u00e9pp kezelhetetlenn\u00e9 v\u00e1lt a helyzet.<br \/>\nEZ\u00c9RT MEG KELLETT HOZNI A V\u00c9GS\u0150 D\u00d6NT\u00c9ST! MUTATJUK!<\/h3>\n<h3><span style=\"color: #ff0000;\"><strong>A h\u00edr nem \u00e9rt v\u00e9get! Folytat\u00e1shoz haszn\u00e1ld a K\u00d6VETKEZ\u0150 OLDAL gombot!<\/strong><\/span><\/h3>\n<h3><strong><!--nextpage--><\/strong><\/h3>\n<h3>Mindek\u00f6zben \u00e9desanyja roml\u00f3 eg\u00e9szs\u00e9gi \u00e1llapota is hatalmas lelki terhet jelent sz\u00e1m\u00e1ra \u2014 az \u00f6sszeoml\u00e1s jelei egyre nyilv\u00e1nval\u00f3bbak.<br \/>\nA legnagyobb probl\u00e9ma azonban m\u00e9g csak most k\u00f6vetkezik. K\u00f6zeledik a tavaszi p\u00e1\/r\/z\u00e1si id\u0151szak, amely \u00fajabb \u00e1llatszap0rulatot hozhat \u2014 \u00e9s ezzel v\u00e9gleg tarthatatlann\u00e1 v\u00e1lhatnak a k\u00f6r\u00fclm\u00e9nyek.<br \/>\nMoln\u00e1r Anik\u00f3 szerint nagyj\u00e1b\u00f3l harminc napja maradt arra, hogy megold\u00e1st tal\u00e1ljon, k\u00fcl\u00f6nben minden el\u00f6lr\u0151l kezd\u0151dik. A t\u00falzs\u00fafolts\u00e1g, a higi\u00e9niai probl\u00e9m\u00e1k \u00e9s a folyamatos stressz nemcsak sz\u00e1m\u00e1ra, hanem az \u00e1llatok sz\u00e1m\u00e1ra is komoly eg\u00e9szs\u00e9g\u00fcgyi kock\u00e1zatot jelenthet.<br \/>\nA szak\u00e9rt\u0151k szerint ilyen zs\u00fafolts\u00e1g hossz\u00fa t\u00e1von az \u00e1llatok eg\u00e9szs\u00e9g\u00e9t is vesz\u00e9lyeztetheti, el\u0151bb ut\u00f3bb az \u00e1llatv\u00e9d\u0151knek kell k\u00f6zbel\u00e9pni\u00fck, \u00edgy szinte biztosan elvesz\u00edti az \u00f6sszes kedvenc\u00e9t, r\u00e1ad\u00e1sul el is tilthatj\u00e1k az \u00e1llattart\u00e1st\u00f3l.<br \/>\nA szak\u00e9rt\u0151k szerint ilyen zs\u00fafolts\u00e1g hossz\u00fa t\u00e1von az \u00e1llatok eg\u00e9szs\u00e9g\u00e9t is vesz\u00e9lyeztetheti.<\/h3>\n<p>VIA TV2<\/p>\n","protected":false},"excerpt":{"rendered":"<p>Sok\u00e1ig \u00fagy t\u0171nt, a val\u00f3s\u00e1gshow-k egykori szt\u00e1rja egyszer\u0171en csak t\u00fal nagy sz\u00edvvel fordul a bajba jutott \u00e1llatok fel\u00e9. Moln\u00e1r Anik\u00f3 sorra fogadta be a kidobott macsk\u00e1kat \u00e9s kuty\u00e1kat, \u00e1m ami kezdetben nemes&#8230;<\/p>\n","protected":false},"author":1,"featured_media":10349,"comment_status":"open","ping_status":"open","sticky":false,"template":"","format":"standard","meta":{"footnotes":""},"categories":[2],"tags":[],"class_list":["post-10348","post","type-post","status-publish","format-standard","has-post-thumbnail","hentry","category-altalanos"],"aioseo_notices":[],"_links":{"self":[{"href":"https:\/\/online-filmkatarzis.com\/kucko\/wp-json\/wp\/v2\/posts\/10348","targetHints":{"allow":["GET"]}}],"collection":[{"href":"https:\/\/online-filmkatarzis.com\/kucko\/wp-json\/wp\/v2\/posts"}],"about":[{"href":"https:\/\/online-filmkatarzis.com\/kucko\/wp-json\/wp\/v2\/types\/post"}],"author":[{"embeddable":true,"href":"https:\/\/online-filmkatarzis.com\/kucko\/wp-json\/wp\/v2\/users\/1"}],"replies":[{"embeddable":true,"href":"https:\/\/online-filmkatarzis.com\/kucko\/wp-json\/wp\/v2\/comments?post=10348"}],"version-history":[{"count":2,"href":"https:\/\/online-filmkatarzis.com\/kucko\/wp-json\/wp\/v2\/posts\/10348\/revisions"}],"predecessor-version":[{"id":10351,"href":"https:\/\/online-filmkatarzis.com\/kucko\/wp-json\/wp\/v2\/posts\/10348\/revisions\/10351"}],"wp:featuredmedia":[{"embeddable":true,"href":"https:\/\/online-filmkatarzis.com\/kucko\/wp-json\/wp\/v2\/media\/10349"}],"wp:attachment":[{"href":"https:\/\/online-filmkatarzis.com\/kucko\/wp-json\/wp\/v2\/media?parent=10348"}],"wp:term":[{"taxonomy":"category","embeddable":true,"href":"https:\/\/online-filmkatarzis.com\/kucko\/wp-json\/wp\/v2\/categories?post=10348"},{"taxonomy":"post_tag","embeddable":true,"href":"https:\/\/online-filmkatarzis.com\/kucko\/wp-json\/wp\/v2\/tags?post=10348"}],"curies":[{"name":"wp","href":"https:\/\/api.w.org\/{rel}","templated":true}]}}