{"id":10366,"date":"2026-02-26T20:30:32","date_gmt":"2026-02-26T19:30:32","guid":{"rendered":"https:\/\/online-filmkatarzis.com\/kucko\/?p=10366"},"modified":"2026-02-27T13:57:59","modified_gmt":"2026-02-27T12:57:59","slug":"felfoghatatlan-botrany-az-m1-hiradosanak-temetesen","status":"publish","type":"post","link":"https:\/\/online-filmkatarzis.com\/kucko\/felfoghatatlan-botrany-az-m1-hiradosanak-temetesen\/","title":{"rendered":"Felfoghatatlan botr\u00e1ny az M1 h\u00edrad\u00f3s\u00e1nak temet\u00e9s\u00e9n!"},"content":{"rendered":"<h3>Megd\u00f6bbent csend borult Kiskunf\u00e9legyh\u00e1z\u00e1ra, amikor febru\u00e1r 23-\u00e1n, h\u00e9tf\u0151n v\u00e9gs\u0151 b\u00facs\u00fat vettek az M1 egykori h\u00edrad\u00f3s\u00e1t\u00f3l. A tragikusan fiatalon elhunyt Kontra Gy\u00f6rgy\u00f6t a Fels\u0151temet\u0151ben helyezt\u00e9k \u00f6r\u00f6k nyugalomra \u2013 sz\u0171k csal\u00e1di k\u00f6rben, t\u00e1vol a nyilv\u00e1noss\u00e1gt\u00f3l. A d\u00f6nt\u00e9s nem volt v\u00e9letlen: a csal\u00e1d csendet \u00e9s m\u00e9lt\u00f3s\u00e1got akart, mik\u00f6zben az orsz\u00e1g m\u00e1r napok \u00f3ta besz\u00e9lt a felfoghatatlan esetr\u0151l. A telev\u00edzi\u00f3s az MTVA munkat\u00e1rsak\u00e9nt dolgozott, arca sokak sz\u00e1m\u00e1ra volt ismer\u0151s a k\u00e9perny\u0151r\u0151l. A h\u00edrek szerint febru\u00e1r elej\u00e9n, a kora hajnali \u00f3r\u00e1kban l\u00e9pett a s\u00ednekre, nem messze otthon\u00e1t\u00f3l. \u00dagy tudni, nem tudta feldolgozni h\u00e1rom \u00e9s f\u00e9l \u00e9ves kapcsolat\u00e1nak v\u00e9g\u00e9t. El\u0151z\u0151 este m\u00e9g \u00e9desanyj\u00e1n\u00e1l vacsor\u00e1zott, besz\u00e9lt a f\u00e1jdalm\u00e1r\u00f3l, de semmi nem utalt arra, mire k\u00e9sz\u00fcl. A k\u00fclvil\u00e1g el\u0151tt tartotta mag\u00e1t \u2013 bel\u00fcl azonban \u00f6sszeroppant.<br \/>\nFelfoghatatlan botr\u00e1ny az M1 h\u00edrad\u00f3s\u00e1nak temet\u00e9s\u00e9n! MUTATJUK MI T\u00d6RT\u00c9NT!<\/h3>\n<h3><span style=\"color: #ff0000;\"><strong>A h\u00edr nem \u00e9rt v\u00e9get! Folytat\u00e1shoz haszn\u00e1ld a K\u00d6VETKEZ\u0150 OLDAL gombot!<\/strong><\/span><\/h3>\n<h3><strong><!--nextpage--><\/strong><\/h3>\n<h3>A gy\u00e1szol\u00f3 \u00e9desanya megrend\u00edt\u0151 szavakkal b\u00facs\u00fazott: nem haragszik fi\u00e1ra, elfogadja d\u00f6nt\u00e9s\u00e9t, \u00e9s csod\u00e1latos emberk\u00e9nt \u0151rzi eml\u00e9k\u00e9t. \u201eNem tudtuk volna meg\u00e1ll\u00edtani\u201d \u2013 mondta megt\u00f6rten. Egy anya sz\u00e1m\u00e1ra nincs nagyobb f\u00e1jdalom ann\u00e1l, mint amikor gyermek\u00e9t temeti. A r\u00e9szv\u00e9tnyilv\u00e1n\u00edt\u00e1sok sora jelezte, sokan szerett\u00e9k \u00e9s tisztelt\u00e9k a h\u00edrad\u00f3st, m\u00e9g azok is, akik v\u00e9g\u00fcl nem lehettek jelen a b\u00facs\u00faztat\u00f3n.<br \/>\n\u00c1m mik\u00f6zben a temet\u0151ben csend honolt, k\u00f6zben elszabadultak az indulatok!<br \/>\nMUTATJUK MI T\u00d6RT\u00c9NT!<\/h3>\n<h3><span style=\"color: #ff0000;\"><strong>A h\u00edr nem \u00e9rt v\u00e9get! Folytat\u00e1shoz haszn\u00e1ld a K\u00d6VETKEZ\u0150 OLDAL gombot!<\/strong><\/span><\/h3>\n<h3><strong><!--nextpage--><\/strong><\/h3>\n<h3>\u00c1m mik\u00f6zben a temet\u0151ben csend honolt, az online t\u00e9rben eg\u00e9szen m\u00e1s hangulat uralkodott. A trag\u00e9dia h\u00edr\u00e9re \u00f6z\u00f6nleni kezdtek a kommentek \u2013 \u00e9s nem mindegyik sz\u00f3lt egy\u00fctt\u00e9rz\u00e9sr\u0151l. A k\u00f6z\u00f6ss\u00e9gi oldalakon elszabadultak az indulatok, \u00e9s a bejegyz\u00e9sek alatt egyre durv\u00e1bb, kegyet\/enebb megjegyz\u00e9sek jelentek meg. Voltak, akik nem a trag\u00e9di\u00e1t l\u00e1tt\u00e1k, hanem a csatorn\u00e1t, ahol dolgozott.<br \/>\nA botr\u00e1ny teh\u00e1t nem a s\u00edrn\u00e1l robbant ki, hanem a billenty\u0171zetek m\u00f6g\u00f6tt: sokan eg\u00e9szen v\u00e1llalhatatlan, nyomdafest\u00e9ket nem t\u0171r\u0151 szavakkal illett\u00e9k \u2013 puszt\u00e1n az\u00e9rt, mert az M1-n\u00e9l dolgozott. A gy\u00e1sz csendj\u00e9t \u00edgy az internet n\u00e9vtelen haragja t\u00f6rte meg, \u00fajabb sebet ejtve egy am\u00fagy is \u00f6sszet\u00f6rt csal\u00e1don.<\/h3>\n<p>VIA MSN<\/p>\n","protected":false},"excerpt":{"rendered":"<p>Megd\u00f6bbent csend borult Kiskunf\u00e9legyh\u00e1z\u00e1ra, amikor febru\u00e1r 23-\u00e1n, h\u00e9tf\u0151n v\u00e9gs\u0151 b\u00facs\u00fat vettek az M1 egykori h\u00edrad\u00f3s\u00e1t\u00f3l. A tragikusan fiatalon elhunyt Kontra Gy\u00f6rgy\u00f6t a Fels\u0151temet\u0151ben helyezt\u00e9k \u00f6r\u00f6k nyugalomra \u2013 sz\u0171k csal\u00e1di k\u00f6rben, t\u00e1vol a&#8230;<\/p>\n","protected":false},"author":1,"featured_media":10367,"comment_status":"open","ping_status":"open","sticky":false,"template":"","format":"standard","meta":{"footnotes":""},"categories":[2],"tags":[],"class_list":["post-10366","post","type-post","status-publish","format-standard","has-post-thumbnail","hentry","category-altalanos"],"aioseo_notices":[],"_links":{"self":[{"href":"https:\/\/online-filmkatarzis.com\/kucko\/wp-json\/wp\/v2\/posts\/10366","targetHints":{"allow":["GET"]}}],"collection":[{"href":"https:\/\/online-filmkatarzis.com\/kucko\/wp-json\/wp\/v2\/posts"}],"about":[{"href":"https:\/\/online-filmkatarzis.com\/kucko\/wp-json\/wp\/v2\/types\/post"}],"author":[{"embeddable":true,"href":"https:\/\/online-filmkatarzis.com\/kucko\/wp-json\/wp\/v2\/users\/1"}],"replies":[{"embeddable":true,"href":"https:\/\/online-filmkatarzis.com\/kucko\/wp-json\/wp\/v2\/comments?post=10366"}],"version-history":[{"count":4,"href":"https:\/\/online-filmkatarzis.com\/kucko\/wp-json\/wp\/v2\/posts\/10366\/revisions"}],"predecessor-version":[{"id":10381,"href":"https:\/\/online-filmkatarzis.com\/kucko\/wp-json\/wp\/v2\/posts\/10366\/revisions\/10381"}],"wp:featuredmedia":[{"embeddable":true,"href":"https:\/\/online-filmkatarzis.com\/kucko\/wp-json\/wp\/v2\/media\/10367"}],"wp:attachment":[{"href":"https:\/\/online-filmkatarzis.com\/kucko\/wp-json\/wp\/v2\/media?parent=10366"}],"wp:term":[{"taxonomy":"category","embeddable":true,"href":"https:\/\/online-filmkatarzis.com\/kucko\/wp-json\/wp\/v2\/categories?post=10366"},{"taxonomy":"post_tag","embeddable":true,"href":"https:\/\/online-filmkatarzis.com\/kucko\/wp-json\/wp\/v2\/tags?post=10366"}],"curies":[{"name":"wp","href":"https:\/\/api.w.org\/{rel}","templated":true}]}}