{"id":10374,"date":"2026-02-26T21:14:07","date_gmt":"2026-02-26T20:14:07","guid":{"rendered":"https:\/\/online-filmkatarzis.com\/kucko\/?p=10374"},"modified":"2026-02-27T06:34:02","modified_gmt":"2026-02-27T05:34:02","slug":"megvan-egressy-matyas-elkovetoje","status":"publish","type":"post","link":"https:\/\/online-filmkatarzis.com\/kucko\/megvan-egressy-matyas-elkovetoje\/","title":{"rendered":"Megvan Egressy M\u00e1ty\u00e1s elk\u00f6vet\u0151je!"},"content":{"rendered":"<h3>R0bbant a h\u00edr, mert Egressy M\u00e1ty\u00e1s-\u00fcgye kapcs\u00e1n olyan r\u00e9szleteket hozott nyilv\u00e1noss\u00e1gra, amit\u0151l megfagy a v\u00e9r az erekben. \u201eTudok olyan sz\u00f3rakoz\u00f3helyr\u0151l, ahol a pultos benne volt az eg\u00e9szben. Plusz jattot kapott az\u00e9rt, hogy m\u00e1r \u00fagy adta ki az italt: \u2013 \u00e1ll\u00edtott\u00e1k meg d\u00f6bbenetes \u0151szintes\u00e9ggel.<br \/>\nMUTATJUK A R\u00c9SZLETEKET!<\/h3>\n<h3><span style=\"color: #ff0000;\"><strong>A h\u00edr nem \u00e9rt v\u00e9get! Folytat\u00e1shoz haszn\u00e1ld a K\u00d6VETKEZ\u0150 OLDAL gombot!<\/strong><\/span><\/h3>\n<h3 style=\"text-align: right;\"><a href=\"https:\/\/online-filmkatarzis.com\/kucko\/hirek\/megvan-egressy-matyas-elkovetoje\/\" target=\"_blank\" rel=\"noopener\"><span style=\"color: #ff0000;\">&#8212;&gt;&gt; K\u00d6VETKEZ\u0150 OLDAL<\/span><\/a><\/h3>\n<p>A Dacia Duster jelenlegi, harmadik gener\u00e1ci\u00f3ja egy igazi \u201en\u00e9p\u2011SUV\u201d, amely \u00fagy pr\u00f3b\u00e1lja \u00fajradefini\u00e1lni azt, amit egy bel\u00e9p\u0151 szint\u0171 terepj\u00e1r\u00f3\u2011szabadid\u0151\u2011aut\u00f3nak kell ny\u00fajtania, hogy k\u00f6zben mindv\u00e9gig meg\u0151rzi azt a mindennapi \u00e9rt\u00e9ket, amellyel a m\u00e1rka vil\u00e1gszerte ismertt\u00e9 v\u00e1lt. A Dacia koncepci\u00f3ja az volt, hogy k\u00edn\u00e1ljon egy olyan kompromisszum\u2011k\u00e9pes modellt, amely nem pr\u00f3b\u00e1l meg versengeni a fels\u0151bb kateg\u00f3ri\u00e1k luxusjellemz\u0151ivel, hanem ehelyett a legfontosabb t\u00e9nyez\u0151k \u2014 mint az \u00e1r, a megb\u00edzhat\u00f3s\u00e1g, a t\u00e1gas bels\u0151 t\u00e9r, az egyszer\u0171s\u00e9g \u00e9s a praktikus haszn\u00e1lhat\u00f3s\u00e1g \u2014 kombin\u00e1ci\u00f3j\u00e1ra f\u00f3kusz\u00e1l. Ennek eredm\u00e9nyek\u00e9ppen a Duster ma is ott \u00e1ll a piacon, mint azoknak az aut\u00f3v\u00e1s\u00e1rl\u00f3knak a kedvence, akik \u00e9rt\u00e9kelik a j\u00f3 \u00e1r\u2011\u00e9rt\u00e9k ar\u00e1nyt, \u00e9s nem akarnak felesleges luxust fizetni egy aut\u00f3\u00e9rt.\u202f<\/p>\n<p>A leg\u00fajabb kiad\u00e1s eset\u00e9ben a Duster \u00e1tesett egy \u00e1tfog\u00f3 meg\u00fajul\u00e1son, amelynek r\u00e9sze a korszer\u0171bb k\u00fcls\u0151 forma, modernebb bels\u0151 kialak\u00edt\u00e1s \u00e9s a hajt\u00e1sl\u00e1ncok friss\u00edt\u00e9se. A diz\u00e1jn er\u0151sebb, hat\u00e1rozottabb megjelen\u00e9st kapott az el\u0151z\u0151 gener\u00e1ci\u00f3hoz k\u00e9pest, robusztusabb vonalakkal \u00e9s karakteresebb karossz\u00e9ri\u00e1val, amely vizu\u00e1lisan is azt az \u00e9rzetet er\u0151s\u00edti, hogy ez egy SUV, amely k\u00e9pes kim\u00e1szni az aszfaltb\u00f3l m\u00e9g akkor is, ha nem extr\u00e9m terepre tervezt\u00e9k. A terepj\u00e1r\u00f3 jelleg tov\u00e1bbra is jelen van, k\u00fcl\u00f6n\u00f6sen a n\u00e9gyker\u00e9k\u2011meghajt\u00e1ssal szerelt verzi\u00f3k eset\u00e9ben, amelyek jobb talajk\u00f6zeli hasmagass\u00e1ggal (p\u00e9ld\u00e1ul 217\u202fmm\u2011rel) \u00e9s olyan speci\u00e1lis vezet\u00e9si m\u00f3dokkal rendelkeznek, amelyek seg\u00edtik az aut\u00f3t h\u00f3ban, s\u00e1rban vagy homokban t\u00f6rt\u00e9n\u0151 halad\u00e1sban. Emellett egy lejtmenet\u2011seg\u00edt\u0151 rendszer is megtal\u00e1lhat\u00f3, amely m\u00e9g visszafel\u00e9 haladva is szab\u00e1lyozza a sebess\u00e9get, hogy biztons\u00e1gosan ereszkedj\u00fcnk le meredek terepen.\u202f<\/p>\n<p>A Duster ir\u00e1ny\u00e1ba megfogalmazott egyik legfontosabb v\u00e1ltoztat\u00e1s a motorv\u00e1laszt\u00e9k b\u0151v\u00edt\u00e9se a hibrid hajt\u00e1sl\u00e1nc lehet\u0151s\u00e9g\u00e9vel, amelyet most el\u0151sz\u00f6r k\u00edn\u00e1lnak ebben a modellben. A teljes hibrid rendszer egy 1,6\u202fliteres benzines egys\u00e9get \u00e9s k\u00e9t elektromos motort kombin\u00e1l, amelyek k\u00f6z\u00fcl az egyik a meghajt\u00e1st seg\u00edti, m\u00edg a m\u00e1sik az energia visszanyer\u00e9s\u00e9rt felel f\u00e9kez\u00e9s k\u00f6zben. Ez a rendszer nemcsak hat\u00e9konyabb m\u0171k\u00f6d\u00e9st biztos\u00edt alacsonyabb sebess\u00e9gn\u00e9l, de olyan \u00fczemm\u00f3dokat is k\u00edn\u00e1l, amelyek sim\u00e1bb v\u00e1rosi k\u00f6zleked\u00e9st eredm\u00e9nyezhetnek, k\u00fcl\u00f6n\u00f6sen akkor, ha gyakran indulunk \u00e9s \u00e1llunk meg. Enn\u00e9l a hajt\u00e1sl\u00e1ncn\u00e1l a teljes\u00edtm\u00e9ny 138 l\u00f3er\u0151 k\u00f6r\u00fcl alakul \u00e9s 205\u202fNm nyomat\u00e9k \u00e1ll rendelkez\u00e9sre, ami a mindennapi k\u00f6zleked\u00e9shez elegend\u0151. Ugyanakkor a tesztek szerint a hibrid rendszer nem mindig hozza az elm\u00e9letileg v\u00e1rhat\u00f3 el\u0151ny\u00f6ket a fogyaszt\u00e1s ter\u00e9n, mivel a t\u00f6bblets\u00faly miatt nem felt\u00e9tlen\u00fcl gyorsabb vagy l\u00e9nyegesen takar\u00e9kosabb, mint a mild\u2011hibrid v\u00e1ltozat.\u202f<\/p>\n","protected":false},"excerpt":{"rendered":"<p>R0bbant a h\u00edr, mert Egressy M\u00e1ty\u00e1s-\u00fcgye kapcs\u00e1n olyan r\u00e9szleteket hozott nyilv\u00e1noss\u00e1gra, amit\u0151l megfagy a v\u00e9r az erekben. \u201eTudok olyan sz\u00f3rakoz\u00f3helyr\u0151l, ahol a pultos benne volt az eg\u00e9szben. Plusz jattot kapott az\u00e9rt, hogy&#8230;<\/p>\n","protected":false},"author":1,"featured_media":10375,"comment_status":"open","ping_status":"open","sticky":false,"template":"","format":"standard","meta":{"footnotes":""},"categories":[2],"tags":[],"class_list":["post-10374","post","type-post","status-publish","format-standard","has-post-thumbnail","hentry","category-altalanos"],"aioseo_notices":[],"_links":{"self":[{"href":"https:\/\/online-filmkatarzis.com\/kucko\/wp-json\/wp\/v2\/posts\/10374","targetHints":{"allow":["GET"]}}],"collection":[{"href":"https:\/\/online-filmkatarzis.com\/kucko\/wp-json\/wp\/v2\/posts"}],"about":[{"href":"https:\/\/online-filmkatarzis.com\/kucko\/wp-json\/wp\/v2\/types\/post"}],"author":[{"embeddable":true,"href":"https:\/\/online-filmkatarzis.com\/kucko\/wp-json\/wp\/v2\/users\/1"}],"replies":[{"embeddable":true,"href":"https:\/\/online-filmkatarzis.com\/kucko\/wp-json\/wp\/v2\/comments?post=10374"}],"version-history":[{"count":4,"href":"https:\/\/online-filmkatarzis.com\/kucko\/wp-json\/wp\/v2\/posts\/10374\/revisions"}],"predecessor-version":[{"id":10380,"href":"https:\/\/online-filmkatarzis.com\/kucko\/wp-json\/wp\/v2\/posts\/10374\/revisions\/10380"}],"wp:featuredmedia":[{"embeddable":true,"href":"https:\/\/online-filmkatarzis.com\/kucko\/wp-json\/wp\/v2\/media\/10375"}],"wp:attachment":[{"href":"https:\/\/online-filmkatarzis.com\/kucko\/wp-json\/wp\/v2\/media?parent=10374"}],"wp:term":[{"taxonomy":"category","embeddable":true,"href":"https:\/\/online-filmkatarzis.com\/kucko\/wp-json\/wp\/v2\/categories?post=10374"},{"taxonomy":"post_tag","embeddable":true,"href":"https:\/\/online-filmkatarzis.com\/kucko\/wp-json\/wp\/v2\/tags?post=10374"}],"curies":[{"name":"wp","href":"https:\/\/api.w.org\/{rel}","templated":true}]}}