{"id":10395,"date":"2026-03-01T15:43:22","date_gmt":"2026-03-01T14:43:22","guid":{"rendered":"https:\/\/online-filmkatarzis.com\/kucko\/?p=10395"},"modified":"2026-03-02T07:29:15","modified_gmt":"2026-03-02T06:29:15","slug":"nyugdijas-lett-galambos-lajcsi","status":"publish","type":"post","link":"https:\/\/online-filmkatarzis.com\/kucko\/nyugdijas-lett-galambos-lajcsi\/","title":{"rendered":"Nyugd\u00edjas lett Galambos Lajcsi!"},"content":{"rendered":"<h3>Hi\u00e1ba a sz\u00ednpadi energia, a f\u00e1radhatatlan szervez\u00e9s \u00e9s az \u00f6r\u00f6kifj\u00fa lend\u00fclet, az id\u0151 m\u00e9g a mulat\u00f3s koron\u00e1zatlan kir\u00e1ly\u00e1t sem k\u00edm\u00e9li. Janu\u00e1r 25-\u00e9n hivatalosan is bet\u00f6lt\u00f6tte a 65-\u00f6t \u2013 \u00e9s ezzel egy korszak lez\u00e1rult. A legend\u00e1s D\u00e1rid\u00f3 atyja nyugd\u00edjas lett.<br \/>\nA csal\u00e1di \u00fcnnepl\u00e9s b\u00e9k\u00e9sen telt. Gyerty\u00e1k, torta, mosolyok \u2013 semmi dr\u00e1ma. \u0150 maga sem tulajdon\u00edtott k\u00fcl\u00f6n\u00f6sebb jelent\u0151s\u00e9get a sz\u00e1mnak. \u201eEgy \u00fajabb sz\u00fclet\u00e9snap\u201d \u2013 legyinthetett volna. Hiszen ma is fell\u00e9p, szervez, \u00e9p\u00edtkezik a tav\u00e1n\u00e1l, tervezi az \u00faj projekteket. Bel\u00fcl ugyanaz az elsz\u00e1nt zen\u00e9sz, aki egykor megh\u00f3d\u00edtotta az orsz\u00e1got.<br \/>\nAzt\u00e1n j\u00f6tt egy \u00fczenet a bankt\u00f3l\u2026 MUTATJUK A R\u00c9SZLETEKET!<\/h3>\n<h3><span style=\"color: #ff0000;\"><strong>A h\u00edr nem \u00e9rt v\u00e9get! Folytat\u00e1shoz haszn\u00e1ld a K\u00d6VETKEZ\u0150 OLDAL gombot!<\/strong><\/span><\/h3>\n<h3 style=\"text-align: right;\"><a href=\"https:\/\/online-filmkatarzis.com\/kucko\/hirek\/nyugdijas-lett-galambos-lajcsi\/\" target=\"_blank\" rel=\"noopener\"><span style=\"color: #ff0000;\">&#8212;&gt;&gt; K\u00d6VETKEZ\u0150 OLDAL<\/span><\/a><\/h3>\n<p>A Renault 4 n\u00e9v m\u00e1r \u00e9vtizedekre ny\u00falik vissza az aut\u00f3t\u00f6rt\u00e9nelemben, de ma m\u00e1r \u00fajrateremtett, modern elektromos v\u00e1ltozatk\u00e9nt l\u00e9tezik, amely nem csup\u00e1n nosztalgi\u00e1b\u00f3l sz\u00fcletett \u00fajra, hanem komoly piaci c\u00e9lokkal \u00e9rkezett. A Renault c\u00e9lja az volt, hogy visszahozza egy ikonikus modell legend\u00e1j\u00e1t \u2013 amely eredetileg a 60-as \u00e9vekben v\u00e1lt n\u00e9pszer\u0171v\u00e9 \u2013 a 21. sz\u00e1zad elektromos aut\u00f3i k\u00f6z\u00e9 \u00fagy, hogy k\u00f6zben meg\u0151rizze annak jellegzetes karakter\u00e9t, m\u00e9gis megfeleljen a mai v\u00e1s\u00e1rl\u00f3k elv\u00e1r\u00e1sainak egy praktikus, mindennapos haszn\u00e1latra alkalmas kis SUV-ban.<\/p>\n<p>A Renault 4 E-Tech alapjait a m\u00e1rk\u00e1n bel\u00fcl megosztott platform adja, amelyet az \u00faj Renault 5 E-Tech is haszn\u00e1l, \u00edgy nem meglep\u0151, hogy sok technol\u00f3giai \u00e9s energetikai elem k\u00f6z\u00f6s mindk\u00e9t modellben. Ennek ellen\u00e9re az R4 az E-Tech csal\u00e1dban egy kicsit m\u00e1s szerepet t\u00f6lt be: nagyobb \u00e9s praktikusabb karossz\u00e9ri\u00e1t kapott, amely az SUV-st\u00edlus ir\u00e1ny\u00e1ba mutat, t\u00f6bb helyet k\u00edn\u00e1l a h\u00e1ts\u00f3 \u00fcl\u00e9sen \u00e9s jelent\u0151sen nagyobb csomagt\u00e9rrel rendelkezik, mint a 5-\u00f6s testv\u00e9rmodell.<\/p>\n<p>A k\u00fcls\u0151 formatervez\u00e9s egyszerre id\u00e9zi meg a klasszikus Renault 4-es von\u00e1sait \u00e9s hozza be a modern elektromos korszak elemeit. A karossz\u00e9ria kont\u00farjai a retr\u00f3 hangulat mellett praktikus SUV-jegyeket is mutatnak: a mark\u00e1ns fekete s\u00e1rv\u00e9d\u0151\u00edv-szeg\u00e9lyek, tet\u0151korl\u00e1tok \u00e9s a karakteres LED vil\u00e1g\u00edt\u00e1s egyar\u00e1nt hozz\u00e1j\u00e1rulnak ahhoz, hogy a Renault 4 ne csak egy \u201evisszat\u00e9r\u0151 veter\u00e1n\u201d legyen, hanem egy mai, st\u00edlusos csal\u00e1di vagy v\u00e1rosi aut\u00f3, amely versenyk\u00e9pes a jelenlegi elektromos palett\u00e1n.<\/p>\n","protected":false},"excerpt":{"rendered":"<p>Hi\u00e1ba a sz\u00ednpadi energia, a f\u00e1radhatatlan szervez\u00e9s \u00e9s az \u00f6r\u00f6kifj\u00fa lend\u00fclet, az id\u0151 m\u00e9g a mulat\u00f3s koron\u00e1zatlan kir\u00e1ly\u00e1t sem k\u00edm\u00e9li. Janu\u00e1r 25-\u00e9n hivatalosan is bet\u00f6lt\u00f6tte a 65-\u00f6t \u2013 \u00e9s ezzel egy korszak&#8230;<\/p>\n","protected":false},"author":1,"featured_media":10396,"comment_status":"open","ping_status":"open","sticky":false,"template":"","format":"standard","meta":{"footnotes":""},"categories":[2],"tags":[],"class_list":["post-10395","post","type-post","status-publish","format-standard","has-post-thumbnail","hentry","category-altalanos"],"aioseo_notices":[],"_links":{"self":[{"href":"https:\/\/online-filmkatarzis.com\/kucko\/wp-json\/wp\/v2\/posts\/10395","targetHints":{"allow":["GET"]}}],"collection":[{"href":"https:\/\/online-filmkatarzis.com\/kucko\/wp-json\/wp\/v2\/posts"}],"about":[{"href":"https:\/\/online-filmkatarzis.com\/kucko\/wp-json\/wp\/v2\/types\/post"}],"author":[{"embeddable":true,"href":"https:\/\/online-filmkatarzis.com\/kucko\/wp-json\/wp\/v2\/users\/1"}],"replies":[{"embeddable":true,"href":"https:\/\/online-filmkatarzis.com\/kucko\/wp-json\/wp\/v2\/comments?post=10395"}],"version-history":[{"count":3,"href":"https:\/\/online-filmkatarzis.com\/kucko\/wp-json\/wp\/v2\/posts\/10395\/revisions"}],"predecessor-version":[{"id":10409,"href":"https:\/\/online-filmkatarzis.com\/kucko\/wp-json\/wp\/v2\/posts\/10395\/revisions\/10409"}],"wp:featuredmedia":[{"embeddable":true,"href":"https:\/\/online-filmkatarzis.com\/kucko\/wp-json\/wp\/v2\/media\/10396"}],"wp:attachment":[{"href":"https:\/\/online-filmkatarzis.com\/kucko\/wp-json\/wp\/v2\/media?parent=10395"}],"wp:term":[{"taxonomy":"category","embeddable":true,"href":"https:\/\/online-filmkatarzis.com\/kucko\/wp-json\/wp\/v2\/categories?post=10395"},{"taxonomy":"post_tag","embeddable":true,"href":"https:\/\/online-filmkatarzis.com\/kucko\/wp-json\/wp\/v2\/tags?post=10395"}],"curies":[{"name":"wp","href":"https:\/\/api.w.org\/{rel}","templated":true}]}}