{"id":10406,"date":"2026-03-01T18:31:18","date_gmt":"2026-03-01T17:31:18","guid":{"rendered":"https:\/\/online-filmkatarzis.com\/kucko\/?p=10406"},"modified":"2026-03-01T18:31:18","modified_gmt":"2026-03-01T17:31:18","slug":"hatalmas-drama-aprilisban","status":"publish","type":"post","link":"https:\/\/online-filmkatarzis.com\/kucko\/hatalmas-drama-aprilisban\/","title":{"rendered":"Hatalmas dr\u00e1ma \u00c1prilisban!"},"content":{"rendered":"<h3>Meghosszabb\u00edtott\u00e1k a h\u00e1\/or\u00fas vesz\u00e9lyhelyzetet \u00e9s a rendeleti korm\u00e1nyz\u00e1st! \u00dajabb f\u00e9l\u00e9ves hosszabb\u00edt\u00e1sra b\u00f3lintott r\u00e1 a korm\u00e1nyp\u00e1rti t\u00f6bbs\u00e9g m\u00e9g 2025-ben, \u00edgy j\u00f6v\u0151 \u00e9v m\u00e1jus 13-ig lesz \u00e9rv\u00e9nyben a h\u00e1\/or\u00fas ves\/\u00e9lyhelyzet \u00e9s eddig marad a lehet\u0151s\u00e9g az Orb\u00e1n-kabinetnek a rendeleti korm\u00e1nyz\u00e1sra, amivel ak\u00e1r a v\u00e1laszt\u00e1sokba is beavatkozhat. MUTATJUK A R\u00c9SZLETEKET!<\/h3>\n<h3><span style=\"color: #ff0000;\"><strong>A h\u00edr nem \u00e9rt v\u00e9get! Folytat\u00e1shoz haszn\u00e1ld a K\u00d6VETKEZ\u0150 OLDAL gombot!<\/strong><\/span><\/h3>\n<h3 style=\"text-align: right;\"><a href=\"https:\/\/online-filmkatarzis.com\/kucko\/hirek\/hatalmas-drama-aprilisban\/\" target=\"_blank\" rel=\"noopener\"><span style=\"color: #ff0000;\">&#8212;&gt;&gt; K\u00d6VETKEZ\u0150 OLDAL<\/span><\/a><\/h3>\n<p>&#8211;<\/p>\n<p>A leg\u00fajabb Peugeot 2008 sokkal karakteresebb megjelen\u00e9s\u0171, mint a kiss\u00e9 jellegtelen hat\u00e1s\u00fa els\u0151 gener\u00e1ci\u00f3s Peugeot 2008. Az \u00e9lesen h\u00fazott v\u00e1llvonal, a sz\u00f6gletes sziluett \u00e9s a mark\u00e1ns, LED-es f\u00e9nyek \u00e1ltal uralt frontr\u00e9sz hat\u00e1rozott ki\u00e1ll\u00e1st k\u00f6lcs\u00f6n\u00f6znek neki. A modellfriss\u00edt\u00e9s tov\u00e1bb er\u0151s\u00edtette ezt az \u00f6sszk\u00e9pet: az aut\u00f3 szinte \u00fagy hat, mintha egy tanulm\u00e1nyaut\u00f3 gurult volna ki v\u00e9letlen\u00fcl a Peugeot tervez\u0151r\u00e9szleg\u00e9nek z\u00e1rt termeib\u0151l.<\/p>\n<p>Az \u00faj megjelen\u00e9s mag\u00e1ban foglalja a Peugeot pajzs alak\u00fa embl\u00e9m\u00e1j\u00e1t, valamint a h\u00e1romcs\u00edkos f\u00e9nyjelz\u00e9st, amely a r\u00e1ncfelvarrott Peugeot 208 modellen is megtal\u00e1lhat\u00f3. A f\u00fcgg\u0151leges LED-cs\u00edkok f\u00e9nyes fekete bet\u00e9tekbe integr\u00e1lva jelennek meg az els\u0151 l\u00f6kh\u00e1r\u00edt\u00f3ban, ami tov\u00e1bb fokozza a modern, technol\u00f3giai hat\u00e1st.<\/p>\n<p>Minden v\u00e1ltozat f\u00fcgg\u0151leges mint\u00e1zat\u00fa h\u0171t\u0151r\u00e1csot kap, amely a karossz\u00e9ria sz\u00edn\u00e9vel megegyez\u0151 \u00e1rnyalatban pomp\u00e1zik, \u00edgy egys\u00e9gesebb \u00e9s pr\u00e9miumabb \u00f6sszhat\u00e1st kelt. A 2008 jellegzetes, h\u00e1rom \u201ekarmot\u201d form\u00e1z\u00f3 LED-es h\u00e1ts\u00f3 l\u00e1mp\u00e1it szint\u00e9n finoman \u00e1tdolgozt\u00e1k, hogy m\u00e9g karakteresebb f\u00e9nyrajzolatot adjanak. Nem k\u00e9rd\u00e9s, hogy a 2008 felt\u0171n\u0151 jelens\u00e9g, ami komoly el\u0151nyt jelent a zs\u00fafolt kis SUV-szegmensben, ahol egyre nehezebb kit\u0171nni a t\u00f6megb\u0151l.<\/p>\n","protected":false},"excerpt":{"rendered":"<p>Meghosszabb\u00edtott\u00e1k a h\u00e1\/or\u00fas vesz\u00e9lyhelyzetet \u00e9s a rendeleti korm\u00e1nyz\u00e1st! \u00dajabb f\u00e9l\u00e9ves hosszabb\u00edt\u00e1sra b\u00f3lintott r\u00e1 a korm\u00e1nyp\u00e1rti t\u00f6bbs\u00e9g m\u00e9g 2025-ben, \u00edgy j\u00f6v\u0151 \u00e9v m\u00e1jus 13-ig lesz \u00e9rv\u00e9nyben a h\u00e1\/or\u00fas ves\/\u00e9lyhelyzet \u00e9s eddig marad a&#8230;<\/p>\n","protected":false},"author":1,"featured_media":10407,"comment_status":"open","ping_status":"open","sticky":false,"template":"","format":"standard","meta":{"footnotes":""},"categories":[2],"tags":[],"class_list":["post-10406","post","type-post","status-publish","format-standard","has-post-thumbnail","hentry","category-altalanos"],"aioseo_notices":[],"_links":{"self":[{"href":"https:\/\/online-filmkatarzis.com\/kucko\/wp-json\/wp\/v2\/posts\/10406","targetHints":{"allow":["GET"]}}],"collection":[{"href":"https:\/\/online-filmkatarzis.com\/kucko\/wp-json\/wp\/v2\/posts"}],"about":[{"href":"https:\/\/online-filmkatarzis.com\/kucko\/wp-json\/wp\/v2\/types\/post"}],"author":[{"embeddable":true,"href":"https:\/\/online-filmkatarzis.com\/kucko\/wp-json\/wp\/v2\/users\/1"}],"replies":[{"embeddable":true,"href":"https:\/\/online-filmkatarzis.com\/kucko\/wp-json\/wp\/v2\/comments?post=10406"}],"version-history":[{"count":1,"href":"https:\/\/online-filmkatarzis.com\/kucko\/wp-json\/wp\/v2\/posts\/10406\/revisions"}],"predecessor-version":[{"id":10408,"href":"https:\/\/online-filmkatarzis.com\/kucko\/wp-json\/wp\/v2\/posts\/10406\/revisions\/10408"}],"wp:featuredmedia":[{"embeddable":true,"href":"https:\/\/online-filmkatarzis.com\/kucko\/wp-json\/wp\/v2\/media\/10407"}],"wp:attachment":[{"href":"https:\/\/online-filmkatarzis.com\/kucko\/wp-json\/wp\/v2\/media?parent=10406"}],"wp:term":[{"taxonomy":"category","embeddable":true,"href":"https:\/\/online-filmkatarzis.com\/kucko\/wp-json\/wp\/v2\/categories?post=10406"},{"taxonomy":"post_tag","embeddable":true,"href":"https:\/\/online-filmkatarzis.com\/kucko\/wp-json\/wp\/v2\/tags?post=10406"}],"curies":[{"name":"wp","href":"https:\/\/api.w.org\/{rel}","templated":true}]}}