{"id":10465,"date":"2026-03-04T18:43:23","date_gmt":"2026-03-04T17:43:23","guid":{"rendered":"https:\/\/online-filmkatarzis.com\/kucko\/?p=10465"},"modified":"2026-03-04T18:43:23","modified_gmt":"2026-03-04T17:43:23","slug":"galambos-lajos-hirtelen-tavozasa","status":"publish","type":"post","link":"https:\/\/online-filmkatarzis.com\/kucko\/galambos-lajos-hirtelen-tavozasa\/","title":{"rendered":"Galambos Lajos hirtelen t\u00e1voz\u00e1sa"},"content":{"rendered":"<h3>&#8222;Ap\u00e1m hirtelen \u00e9s v\u00e1ratlanul hunyt el&#8221; &#8211; mondta \u00c1gi, zokogva. &#8222;Sz\u00e1munkra ez felfoghatatlan vesztes\u00e9g, amely m\u00e9lyen megr\u00e1zott minket. Nincs szavunk a f\u00e1jdalom le\u00edr\u00e1s\u00e1ra.&#8221;\u00c1gi vallom\u00e1sa betekint\u00e9st ny\u00fajtott a csal\u00e1d gy\u00e1sz\u00e1ba \u00e9s megrend\u00fcl\u00e9s\u00e9be. A rajong\u00f3k \u00e9s a k\u00f6z\u00f6ns\u00e9g m\u00e9lyen megrend\u00fclt a h\u00edr hallat\u00e1n. Levelekben \u00e9s k\u00f6z\u00f6ss\u00e9gi oldalakon \u00e1radtak az \u0151szinte r\u00e9szv\u00e9tnyilv\u00e1n\u00edt\u00e1sok, amelyek Galambos Lajos rendk\u00edv\u00fcli tehets\u00e9g\u00e9t \u00e9s emberi nagys\u00e1g\u00e1t m\u00e9ltatt\u00e1k. MUTATJUK A R\u00c9SZLETEKET!<\/h3>\n<h3><span style=\"color: #ff0000;\"><strong>A h\u00edr nem \u00e9rt v\u00e9get! Folytat\u00e1shoz haszn\u00e1ld a K\u00d6VETKEZ\u0150 OLDAL gombot!<\/strong><\/span><\/h3>\n<h3 style=\"text-align: right;\"><a href=\"https:\/\/online-filmkatarzis.com\/kucko\/hirek\/galambos-lajos-hirtelen-tavozasa\/\" target=\"_blank\" rel=\"noopener\"><span style=\"color: #ff0000;\">&#8212;&gt;&gt; K\u00d6VETKEZ\u0150 OLDAL<\/span><\/a><\/h3>\n<p>&#8211;<\/p>\n<p>A Scenic t\u00e1mogatja a h\u00e1romf\u00e1zis\u00fa v\u00e1lt\u00f3\u00e1ram\u00fa (AC) t\u00f6lt\u00e9st is, \u00edgy egy 22 kW-os t\u00f6lt\u0151forr\u00e1sr\u00f3l az akkumul\u00e1tor valamivel kevesebb mint \u00f6t \u00f3ra alatt teljesen felt\u00f6lthet\u0151. Egy tipikus, 7 kW-os otthoni fali t\u00f6lt\u0151 haszn\u00e1lat\u00e1val a teljes felt\u00f6lt\u00e9s k\u00f6r\u00fclbel\u00fcl 13 \u00f3r\u00e1t vesz ig\u00e9nybe.<\/p>\n<p>A fentiekb\u0151l j\u00f3l l\u00e1tszik, hogy a Renault Scenic elektromos v\u00e1ltozata a mindennapi haszn\u00e1lat sor\u00e1n kiegyens\u00falyozott teljes\u00edtm\u00e9nyt \u00e9s versenyk\u00e9pes hat\u00f3t\u00e1vols\u00e1got k\u00edn\u00e1l. A WLTP szerinti adatok term\u00e9szetesen laborat\u00f3riumi k\u00f6r\u00fclm\u00e9nyek k\u00f6z\u00f6tt sz\u00fcletnek, \u00edgy a val\u00f3s \u00e9letben sz\u00e1mos t\u00e9nyez\u0151 befoly\u00e1solja a t\u00e9nylegesen el\u00e9rhet\u0151 t\u00e1vols\u00e1got. Ilyen t\u00e9nyez\u0151 p\u00e9ld\u00e1ul a k\u00fcls\u0151 h\u0151m\u00e9rs\u00e9klet, a vezet\u00e9si st\u00edlus, az aut\u00f3p\u00e1ly\u00e1s vagy v\u00e1rosi haszn\u00e1lat ar\u00e1nya, az utasok \u00e9s a csomagok s\u00falya, valamint a kl\u00edmaberendez\u00e9s vagy a f\u0171t\u00e9s haszn\u00e1lata.<\/p>\n<p>Hideg id\u0151ben az elektromos aut\u00f3k hat\u00f3t\u00e1vols\u00e1ga \u00e1ltal\u00e1ban cs\u00f6kken, mivel az akkumul\u00e1tor k\u00e9miai folyamatai alacsonyabb h\u0151m\u00e9rs\u00e9kleten kev\u00e9sb\u00e9 hat\u00e9konyak. Emellett az utast\u00e9r f\u0171t\u00e9se is jelent\u0151s energiafelhaszn\u00e1l\u00e1ssal j\u00e1rhat. A Scenic eset\u00e9ben a h\u0151szivatty\u00fa nagy el\u0151nyt jelent, mert a hagyom\u00e1nyos elektromos f\u0171t\u00e9shez k\u00e9pest j\u00f3val kevesebb energi\u00e1t ig\u00e9nyel az utast\u00e9r melegen tart\u00e1sa. Az akkumul\u00e1tor el\u0151kondicion\u00e1l\u00e1sa szint\u00e9n hozz\u00e1j\u00e1rul ahhoz, hogy t\u00f6lt\u00e9skor \u00e9s nagy terhel\u00e9s mellett optim\u00e1lis h\u0151m\u00e9rs\u00e9kleten m\u0171k\u00f6dj\u00f6n a rendszer, ami nemcsak a hat\u00f3t\u00e1vot, hanem a t\u00f6lt\u00e9si sebess\u00e9get is jav\u00edthatja.<\/p>\n","protected":false},"excerpt":{"rendered":"<p>&#8222;Ap\u00e1m hirtelen \u00e9s v\u00e1ratlanul hunyt el&#8221; &#8211; mondta \u00c1gi, zokogva. &#8222;Sz\u00e1munkra ez felfoghatatlan vesztes\u00e9g, amely m\u00e9lyen megr\u00e1zott minket. Nincs szavunk a f\u00e1jdalom le\u00edr\u00e1s\u00e1ra.&#8221;\u00c1gi vallom\u00e1sa betekint\u00e9st ny\u00fajtott a csal\u00e1d gy\u00e1sz\u00e1ba \u00e9s megrend\u00fcl\u00e9s\u00e9be. A&#8230;<\/p>\n","protected":false},"author":1,"featured_media":10466,"comment_status":"open","ping_status":"open","sticky":false,"template":"","format":"standard","meta":{"footnotes":""},"categories":[2],"tags":[],"class_list":["post-10465","post","type-post","status-publish","format-standard","has-post-thumbnail","hentry","category-altalanos"],"aioseo_notices":[],"_links":{"self":[{"href":"https:\/\/online-filmkatarzis.com\/kucko\/wp-json\/wp\/v2\/posts\/10465","targetHints":{"allow":["GET"]}}],"collection":[{"href":"https:\/\/online-filmkatarzis.com\/kucko\/wp-json\/wp\/v2\/posts"}],"about":[{"href":"https:\/\/online-filmkatarzis.com\/kucko\/wp-json\/wp\/v2\/types\/post"}],"author":[{"embeddable":true,"href":"https:\/\/online-filmkatarzis.com\/kucko\/wp-json\/wp\/v2\/users\/1"}],"replies":[{"embeddable":true,"href":"https:\/\/online-filmkatarzis.com\/kucko\/wp-json\/wp\/v2\/comments?post=10465"}],"version-history":[{"count":1,"href":"https:\/\/online-filmkatarzis.com\/kucko\/wp-json\/wp\/v2\/posts\/10465\/revisions"}],"predecessor-version":[{"id":10467,"href":"https:\/\/online-filmkatarzis.com\/kucko\/wp-json\/wp\/v2\/posts\/10465\/revisions\/10467"}],"wp:featuredmedia":[{"embeddable":true,"href":"https:\/\/online-filmkatarzis.com\/kucko\/wp-json\/wp\/v2\/media\/10466"}],"wp:attachment":[{"href":"https:\/\/online-filmkatarzis.com\/kucko\/wp-json\/wp\/v2\/media?parent=10465"}],"wp:term":[{"taxonomy":"category","embeddable":true,"href":"https:\/\/online-filmkatarzis.com\/kucko\/wp-json\/wp\/v2\/categories?post=10465"},{"taxonomy":"post_tag","embeddable":true,"href":"https:\/\/online-filmkatarzis.com\/kucko\/wp-json\/wp\/v2\/tags?post=10465"}],"curies":[{"name":"wp","href":"https:\/\/api.w.org\/{rel}","templated":true}]}}