{"id":10506,"date":"2026-03-05T21:01:14","date_gmt":"2026-03-05T20:01:14","guid":{"rendered":"https:\/\/online-filmkatarzis.com\/kucko\/?p=10506"},"modified":"2026-03-05T21:01:14","modified_gmt":"2026-03-05T20:01:14","slug":"rendorok-vittek-haza-galla-miklost","status":"publish","type":"post","link":"https:\/\/online-filmkatarzis.com\/kucko\/rendorok-vittek-haza-galla-miklost\/","title":{"rendered":"Rend\u0151r\u00f6k vitt\u00e9k haza Galla Mikl\u00f3st"},"content":{"rendered":"<h3>Cs\u00fct\u00f6rt\u00f6kre m\u00e1r v\u00e1ltozott a helyzet: leker\u00fclt a hat\u00f3s\u00e1gi pecs\u00e9t a bej\u00e1rati ajt\u00f3r\u00f3l \u00e9s a ker\u00edt\u00e9sr\u0151l, \u00e9s a lakat sem volt m\u00e1r ott a bej\u00e1rati ajt\u00f3n, ahov\u00e1 egy nappal kor\u00e1bban tett\u00e9k. Galla Mikl\u00f3st nem \u00e9rt\u00fck el telefonon, \u00edgy nem der\u00fclt ki, hogy mi t\u00f6rt\u00e9nt pontosan. A m\u0171v\u00e9sz egyik szomsz\u00e9dja, aki a h\u00e1z k\u00f6r\u00fcli teend\u0151i miatt szinte eg\u00e9sz nap az utc\u00e1n tart\u00f3zkodott, annyit mondott, hogy j\u00f3 ideje nem l\u00e1tott semmilyen mozg\u00e1st az ingatlan k\u00f6r\u00fcl. \u00dagy mes\u00e9lte, Galla Mikl\u00f3s mindig taxival kel \u00fatra, de cs\u00fct\u00f6rt\u00f6k\u00f6n nem \u00e9rkezett hozz\u00e1 egy aut\u00f3 sem. MUTATJUK A R\u00c9SZLETEKET!<\/h3>\n<h3><span style=\"color: #ff0000;\"><strong>A h\u00edr nem \u00e9rt v\u00e9get! Folytat\u00e1shoz haszn\u00e1ld a K\u00d6VETKEZ\u0150 OLDAL gombot!<\/strong><\/span><\/h3>\n<h3 style=\"text-align: right;\"><a href=\"https:\/\/online-filmkatarzis.com\/kucko\/hirek\/rendorok-vittek-haza-galla-miklost\/\" target=\"_blank\" rel=\"noopener\"><span style=\"color: #ff0000;\">&#8212;&gt;&gt; K\u00d6VETKEZ\u0150 OLDAL<\/span><\/a><\/h3>\n<p>&#8211;<\/p>\n<p>Az aut\u00f3 elej\u00e9n a tervez\u0151k l\u00e1tv\u00e1nyos, koncepci\u00f3aut\u00f3kat id\u00e9z\u0151 vil\u00e1g\u00edt\u00e1si megold\u00e1sokat alkalmaztak. Az els\u0151 r\u00e9sz egyik legfelt\u0171n\u0151bb eleme a n\u00e9gy kis nappali menetf\u00e9ny, amelyek az A110 ikonikus n\u00e9gy l\u00e1mp\u00e1j\u00e1ra utalnak. Ezeket egy f\u00e9nycs\u00edk k\u00f6ti \u00f6ssze, amely v\u00e9gigh\u00faz\u00f3dik az aut\u00f3 elej\u00e9n. A l\u00e1tv\u00e1nyt tov\u00e1bbi kisebb LED f\u00e9nyforr\u00e1sok eg\u00e9sz\u00edtik ki, amelyek m\u00e9g futurisztikusabb hat\u00e1st keltenek.<\/p>\n<p>\u00c9rdekes megold\u00e1s, hogy a val\u00f3di f\u00e9nysz\u00f3r\u00f3k nem azonnal l\u00e1that\u00f3k. Azokat \u00fcgyesen elrejtett\u00e9k az als\u00f3 l\u00e9gbe\u00f6ml\u0151kben, \u00edgy a front kialak\u00edt\u00e1sa letisztultabb \u00e9s k\u00fcl\u00f6nlegesebb marad. Ez a tr\u00fckk nemcsak eszt\u00e9tikai szempontb\u00f3l \u00e9rdekes, hanem seg\u00edt abban is, hogy az aut\u00f3 megjelen\u00e9se elt\u00e9rjen a hagyom\u00e1nyos elektromos modellek t\u00f6bbs\u00e9g\u00e9t\u0151l.<\/p>\n<p>Az Alpine ezzel a modellel l\u00e1that\u00f3an arra t\u00f6rekszik, hogy az elektromos aut\u00f3k vil\u00e1g\u00e1ban is meg\u0151rizze a m\u00e1rka sportos karakter\u00e9t. A diz\u00e1jn, a vezet\u00e9si \u00e9lm\u00e9ny \u00e9s a technol\u00f3gia kombin\u00e1ci\u00f3ja egy olyan j\u00e1rm\u0171vet eredm\u00e9nyez, amely egyszerre modern, l\u00e1tv\u00e1nyos \u00e9s k\u00fcl\u00f6nleges. B\u00e1r nem felt\u00e9tlen\u00fcl a kateg\u00f3ria leggyorsabban t\u00f6lthet\u0151 aut\u00f3ja, az \u00f6sszk\u00e9p m\u00e9gis meggy\u0151z\u0151 lehet azok sz\u00e1m\u00e1ra, akik egy st\u00edlusos \u00e9s sportos elektromos modellt keresnek.<\/p>\n<p>A390 egy \u00e9rdekes alternat\u00edv\u00e1t k\u00edn\u00e1l az elektromos pr\u00e9miumaut\u00f3k piac\u00e1n. Nem pr\u00f3b\u00e1l minden t\u00e9ren rekordot d\u00f6nteni, ink\u00e1bb az egyens\u00falyra t\u00f6rekszik a teljes\u00edtm\u00e9ny, a hat\u00f3t\u00e1v, a diz\u00e1jn \u00e9s a mindennapi haszn\u00e1lhat\u00f3s\u00e1g k\u00f6z\u00f6tt. Ez a megk\u00f6zel\u00edt\u00e9s sok vezet\u0151 sz\u00e1m\u00e1ra vonz\u00f3 lehet, k\u00fcl\u00f6n\u00f6sen azoknak, akik egyedi karakter\u0171 elektromos aut\u00f3t szeretn\u00e9nek.<\/p>\n","protected":false},"excerpt":{"rendered":"<p>Cs\u00fct\u00f6rt\u00f6kre m\u00e1r v\u00e1ltozott a helyzet: leker\u00fclt a hat\u00f3s\u00e1gi pecs\u00e9t a bej\u00e1rati ajt\u00f3r\u00f3l \u00e9s a ker\u00edt\u00e9sr\u0151l, \u00e9s a lakat sem volt m\u00e1r ott a bej\u00e1rati ajt\u00f3n, ahov\u00e1 egy nappal kor\u00e1bban tett\u00e9k. Galla Mikl\u00f3st&#8230;<\/p>\n","protected":false},"author":1,"featured_media":10507,"comment_status":"open","ping_status":"open","sticky":false,"template":"","format":"standard","meta":{"footnotes":""},"categories":[2],"tags":[],"class_list":["post-10506","post","type-post","status-publish","format-standard","has-post-thumbnail","hentry","category-altalanos"],"aioseo_notices":[],"_links":{"self":[{"href":"https:\/\/online-filmkatarzis.com\/kucko\/wp-json\/wp\/v2\/posts\/10506","targetHints":{"allow":["GET"]}}],"collection":[{"href":"https:\/\/online-filmkatarzis.com\/kucko\/wp-json\/wp\/v2\/posts"}],"about":[{"href":"https:\/\/online-filmkatarzis.com\/kucko\/wp-json\/wp\/v2\/types\/post"}],"author":[{"embeddable":true,"href":"https:\/\/online-filmkatarzis.com\/kucko\/wp-json\/wp\/v2\/users\/1"}],"replies":[{"embeddable":true,"href":"https:\/\/online-filmkatarzis.com\/kucko\/wp-json\/wp\/v2\/comments?post=10506"}],"version-history":[{"count":1,"href":"https:\/\/online-filmkatarzis.com\/kucko\/wp-json\/wp\/v2\/posts\/10506\/revisions"}],"predecessor-version":[{"id":10508,"href":"https:\/\/online-filmkatarzis.com\/kucko\/wp-json\/wp\/v2\/posts\/10506\/revisions\/10508"}],"wp:featuredmedia":[{"embeddable":true,"href":"https:\/\/online-filmkatarzis.com\/kucko\/wp-json\/wp\/v2\/media\/10507"}],"wp:attachment":[{"href":"https:\/\/online-filmkatarzis.com\/kucko\/wp-json\/wp\/v2\/media?parent=10506"}],"wp:term":[{"taxonomy":"category","embeddable":true,"href":"https:\/\/online-filmkatarzis.com\/kucko\/wp-json\/wp\/v2\/categories?post=10506"},{"taxonomy":"post_tag","embeddable":true,"href":"https:\/\/online-filmkatarzis.com\/kucko\/wp-json\/wp\/v2\/tags?post=10506"}],"curies":[{"name":"wp","href":"https:\/\/api.w.org\/{rel}","templated":true}]}}