{"id":10522,"date":"2026-03-08T17:44:18","date_gmt":"2026-03-08T16:44:18","guid":{"rendered":"https:\/\/online-filmkatarzis.com\/kucko\/?p=10522"},"modified":"2026-04-12T19:40:52","modified_gmt":"2026-04-12T17:40:52","slug":"megerkeztek-az-elso-eredmenyek","status":"publish","type":"post","link":"https:\/\/online-filmkatarzis.com\/kucko\/megerkeztek-az-elso-eredmenyek\/","title":{"rendered":"Meg\u00e9rkeztek az els\u0151 eredm\u00e9nyek!"},"content":{"rendered":"<h3>Az els\u0151 eredm\u00e9nyek szerint a v\u00e1laszt\u00f3k jelent\u0151s r\u00e9sze egy kulcsfontoss\u00e1g\u00fa k\u00e9rd\u00e9sben hat\u00e1rozott \u00e1ll\u00e1spontot k\u00e9pvisel. Amikor a magyarokat az Uk\/ajn\u00e1b0l \u00e9rkez\u0151 0laj- \u00e9s g\u00e1zsz\u00e1ll\u00edt\u00e1s esetleges le\u00e1ll\u00edt\u00e1s\u00e1r\u00f3l k\u00e9rdezt\u00e9k, a v\u00e1laszad\u00f3k 69 sz\u00e1zal\u00e9ka elutas\u00edtotta, hogy Uk\/ajna egyoldal\u00faan elz\u00e1rja Magyarorsz\u00e1g fel\u00e9 a Bar\u00e1ts\u00e1g k\u0151olajvezet\u00e9ket. Mind\u00f6ssze 22 sz\u00e1zal\u00e9k t\u00e1mogatta azt az \u00e1ll\u00e1spontot. EZ AZ ESEM\u00c9NY SORD\u00d6NT\u0150, MERT ILYEN AR\u00c1NYOKKAL \u00c9RKEZTEK MEG AZ ELS\u0150 EREDM\u00c9NYEK! MUTATJUK!<\/h3>\n<h3><span style=\"color: #ff0000;\"><strong>A h\u00edr nem \u00e9rt v\u00e9get! Folytat\u00e1shoz haszn\u00e1ld a K\u00d6VETKEZ\u0150 OLDAL gombot!<\/strong><\/span><\/h3>\n<p><!--nextpage--><\/p>\n<h3>Az els\u0151 sz\u00e1mok m\u00e1r meg\u00e9rkeztek \u2013 \u00e9s sokakat megleptek. Az eddigi legprofibb felm\u00e9r\u00e9s szerint a Fidesz\u2013KDNP tov\u00e1bbra is magabiztosan vezet. A febru\u00e1r 25. \u00e9s m\u00e1rcius 2. k\u00f6z\u00f6tt k\u00e9sz\u00fclt, ezer f\u0151 bevon\u00e1s\u00e1val v\u00e9gzett telefonos felm\u00e9r\u00e9s alapj\u00e1n a korm\u00e1nyp\u00e1rtok 43 sz\u00e1zal\u00e9kon \u00e1llnak, m\u00edg a Tisza P\u00e1rt 37 sz\u00e1zal\u00e9kot \u00e9rne el. A k\u00fcl\u00f6nbs\u00e9g teh\u00e1t hat sz\u00e1zal\u00e9kpont \u2013 \u00e9s ez a sz\u00e1m a kamp\u00e1ny egyik legforr\u00f3bb politikai csat\u00e1j\u00e1nak k\u00f6zep\u00e9n k\u00fcl\u00f6n\u00f6sen sokatmond\u00f3. A h\u00e1tt\u00e9rben azonban egy olyan konfliktus h\u00faz\u00f3dik, amely alapjaiban mozgathatja meg a v\u00e1laszt\u00f3i hangulatot.<br \/>\nA FELM\u00c9R\u00c9S LEGMEGD\u00d6BBENT\u0150BB EREDM\u00c9NYE M\u00c9G IS A K\u00d6VETKEZ\u0150! MUTATJUK!<\/h3>\n<h3><span style=\"color: #ff0000;\"><strong>A h\u00edr nem \u00e9rt v\u00e9get! Folytat\u00e1shoz haszn\u00e1ld a K\u00d6VETKEZ\u0150 OLDAL gombot!<\/strong><\/span><\/h3>\n<p><!--nextpage--><\/p>\n<h3>A felm\u00e9r\u00e9s egyik legmegd\u00f6bbent\u0151bb eredm\u00e9nye azonban az energiapolitik\u00e1hoz k\u00f6t\u0151dik. T\u00edzb\u0151l h\u00e9t v\u00e1laszt\u00f3 \u2013 eg\u00e9szen pontosan 69 sz\u00e1zal\u00e9k \u2013 egy\u00e1ltal\u00e1n nem lenne hajland\u00f3 magasabb \u00e1rat fizetni az \u00fczemanyag\u00e9rt vagy a g\u00e1z\u00e9rt csak az\u00e9rt, hogy azonnal megsz\u0171nj\u00f6n az 0r0sz energiaimport. A v\u00e1laszad\u00f3k szerint a benzin ak\u00e1r ezer forintos literenk\u00e9nti \u00e1ra, illetve a g\u00e1zsz\u00e1ml\u00e1k t\u00f6bbsz\u00f6r\u00f6s\u00e9re n\u00f6veked\u00e9se elfogadhatatlan lenne. Ezzel szemben mind\u00f6ssze 18 sz\u00e1zal\u00e9k \u00e1llna a Tisza P\u00e1rt \u00e1ll\u00e1spontja mell\u00e9 ebben a k\u00e9rd\u00e9sben. A kutat\u00e1s vezet\u0151je, John McLaughlin szerint az Uk\/\u00e1n vezet\u0151 Magyarorsz\u00e1ggal szembeni \u201eb\u00fcntet\u0151 int\u00e9zked\u00e9se\u201d v\u00e9g\u00fcl visszafel\u00e9 s\u00fclt el: a helyzet ink\u00e1bb a korm\u00e1nyp\u00e1rtokat er\u0151s\u00edtheti, \u00e9s \u00fajabb \u00e9rvet adhat azoknak a v\u00e1laszt\u00f3knak, akik a k\u00f6vetkez\u0151 v\u00e1laszt\u00e1son ism\u00e9t Orb\u00e1n Viktort t\u00e1mogatn\u00e1k.<\/h3>\n<p>VIA Index<\/p>\n","protected":false},"excerpt":{"rendered":"<p>Az els\u0151 eredm\u00e9nyek szerint a v\u00e1laszt\u00f3k jelent\u0151s r\u00e9sze egy kulcsfontoss\u00e1g\u00fa k\u00e9rd\u00e9sben hat\u00e1rozott \u00e1ll\u00e1spontot k\u00e9pvisel. Amikor a magyarokat az Uk\/ajn\u00e1b0l \u00e9rkez\u0151 0laj- \u00e9s g\u00e1zsz\u00e1ll\u00edt\u00e1s esetleges le\u00e1ll\u00edt\u00e1s\u00e1r\u00f3l k\u00e9rdezt\u00e9k, a v\u00e1laszad\u00f3k 69 sz\u00e1zal\u00e9ka elutas\u00edtotta, hogy&#8230;<\/p>\n","protected":false},"author":1,"featured_media":10523,"comment_status":"open","ping_status":"open","sticky":false,"template":"","format":"standard","meta":{"footnotes":""},"categories":[2],"tags":[],"class_list":["post-10522","post","type-post","status-publish","format-standard","has-post-thumbnail","hentry","category-altalanos"],"aioseo_notices":[],"_links":{"self":[{"href":"https:\/\/online-filmkatarzis.com\/kucko\/wp-json\/wp\/v2\/posts\/10522","targetHints":{"allow":["GET"]}}],"collection":[{"href":"https:\/\/online-filmkatarzis.com\/kucko\/wp-json\/wp\/v2\/posts"}],"about":[{"href":"https:\/\/online-filmkatarzis.com\/kucko\/wp-json\/wp\/v2\/types\/post"}],"author":[{"embeddable":true,"href":"https:\/\/online-filmkatarzis.com\/kucko\/wp-json\/wp\/v2\/users\/1"}],"replies":[{"embeddable":true,"href":"https:\/\/online-filmkatarzis.com\/kucko\/wp-json\/wp\/v2\/comments?post=10522"}],"version-history":[{"count":4,"href":"https:\/\/online-filmkatarzis.com\/kucko\/wp-json\/wp\/v2\/posts\/10522\/revisions"}],"predecessor-version":[{"id":11173,"href":"https:\/\/online-filmkatarzis.com\/kucko\/wp-json\/wp\/v2\/posts\/10522\/revisions\/11173"}],"wp:featuredmedia":[{"embeddable":true,"href":"https:\/\/online-filmkatarzis.com\/kucko\/wp-json\/wp\/v2\/media\/10523"}],"wp:attachment":[{"href":"https:\/\/online-filmkatarzis.com\/kucko\/wp-json\/wp\/v2\/media?parent=10522"}],"wp:term":[{"taxonomy":"category","embeddable":true,"href":"https:\/\/online-filmkatarzis.com\/kucko\/wp-json\/wp\/v2\/categories?post=10522"},{"taxonomy":"post_tag","embeddable":true,"href":"https:\/\/online-filmkatarzis.com\/kucko\/wp-json\/wp\/v2\/tags?post=10522"}],"curies":[{"name":"wp","href":"https:\/\/api.w.org\/{rel}","templated":true}]}}