{"id":10549,"date":"2026-03-09T22:37:01","date_gmt":"2026-03-09T21:37:01","guid":{"rendered":"https:\/\/online-filmkatarzis.com\/kucko\/?p=10549"},"modified":"2026-03-09T22:37:01","modified_gmt":"2026-03-09T21:37:01","slug":"orban-vedett-arat-vezetett-be","status":"publish","type":"post","link":"https:\/\/online-filmkatarzis.com\/kucko\/orban-vedett-arat-vezetett-be\/","title":{"rendered":"Orb\u00e1n v\u00e9dett \u00e1rat vezetett be"},"content":{"rendered":"<h3>Dr\u00e1mai d\u00f6nt\u00e9s sz\u00fcletett h\u00e9tf\u0151 d\u00e9lut\u00e1n a korm\u00e1ny\u00fcl\u00e9sen \u2013 Orb\u00e1n Viktor rendk\u00edv\u00fcli l\u00e9p\u00e9st jelentett be, hogy megv\u00e9dje a magyarokat az elszabadul\u00f3 \u00fczemanyag\u00e1rakt\u00f3l. A minisztereln\u00f6k egy Facebook-vide\u00f3ban k\u00f6z\u00f6lte: a korm\u00e1ny v\u00e9dett \u00e1rat vezet be a benzinre \u00e9s a g\u00e1zolajra. A d\u00f6nt\u00e9s h\u00e1tter\u00e9ben a K\u00f6zel-Keleten kialakult olajv\u00e1ls\u00e1g \u00e1ll, amely m\u00e1r most komoly nyom\u00e1st gyakorol a nemzetk\u00f6zi piacokra. A kabinet szerint a c\u00e9l vil\u00e1gos: megakad\u00e1lyozni, hogy a dr\u00e1gul\u00e1s elszabaduljon, \u00e9s a magyar csal\u00e1dok \u2013 k\u00fcl\u00f6n\u00f6sen a legkisebb j\u00f6vedelm\u0171ek \u00e9s a nyugd\u00edjasok \u2013 fizess\u00e9k meg a v\u00e1ls\u00e1g \u00e1r\u00e1t.<br \/>\nOrb\u00e1n Viktor v\u00e9dett \u00e1rat vezetett be a nyugd\u00edjasoknak is! MUTATJUK A R\u00c9SZLETEKET!<\/h3>\n<h3><span style=\"color: #ff0000;\"><strong>A h\u00edr nem \u00e9rt v\u00e9get! Folytat\u00e1shoz haszn\u00e1ld a K\u00d6VETKEZ\u0150 OLDAL gombot!<\/strong><\/span><\/h3>\n<p><!--nextpage--><\/p>\n<h3>A K\u00f6zel-Keleten ki\u00e9lez\u0151d\u0151 konfliktus \u00e9s a Hormuzi-szoros lez\u00e1r\u00e1sa miatt a Brent olaj \u00e1ra hord\u00f3nk\u00e9nt m\u00e1r 120 doll\u00e1r k\u00f6zel\u00e9be emelkedett, mik\u00f6zben a forint is gyeng\u00fcl a doll\u00e1rral szemben. Ez azonnal begy\u0171r\u0171z\u00f6tt volna a magyar kutakhoz: a nagykereskedelmi \u00e1rak m\u00e1r most emelkednek, \u00e9s egyes piaci szerepl\u0151k 619 forintos benzin- \u00e9s 639 forintos d\u00edzel\u00e1rat sem tartanak kiz\u00e1rtnak. Ha ez megt\u00f6rt\u00e9nik, a dr\u00e1gul\u00e1s nemcsak az aut\u00f3sokat \u00e9rinti: a sz\u00e1ll\u00edt\u00e1si k\u00f6lts\u00e9gek miatt az alap\u00e9lelmiszerek \u00e1ra is gyorsan emelkedhetne \u2013 ami legink\u00e1bb a kisnyugd\u00edjasokat \u00e9s az alacsony kereset\u0171 csal\u00e1dokat s\u00fajtan\u00e1.<br \/>\n\u00cdGY V\u00c9DI A KORM\u00c1NY A NYUGD\u00cdJASOKAT! MUTATJUK!<\/h3>\n<h3><span style=\"color: #ff0000;\"><strong>A h\u00edr nem \u00e9rt v\u00e9get! Folytat\u00e1shoz haszn\u00e1ld a K\u00d6VETKEZ\u0150 OLDAL gombot!<\/strong><\/span><\/h3>\n<p><!--nextpage--><\/p>\n<h3>A korm\u00e1ny szerint \u00e9ppen ez\u00e9rt a legfontosabb a nyugd\u00edjasok v\u00e9delme. A legkisebb j\u00f6vedelemb\u0151l \u00e9l\u0151k ugyanis sokkal \u00e9rz\u00e9kenyebben reag\u00e1lnak minden dr\u00e1gul\u00e1sra, k\u00fcl\u00f6n\u00f6sen akkor, ha az az \u00e9lelmiszereket \u00e9rinti. Orb\u00e1n Viktor bejelentette: a v\u00e9dett \u00e1r seg\u00edts\u00e9g\u00e9vel megakad\u00e1lyozz\u00e1k, hogy az \u00fczemanyag dr\u00e1gul\u00e1sa felrobbantsa az alapvet\u0151 \u00e9lelmiszerek \u00e1r\u00e1t, \u00edgy a nyugd\u00edjasok meg\u00e9lhet\u00e9si k\u00f6lts\u00e9geit is kord\u00e1ban tartj\u00e1k. A d\u00f6nt\u00e9s \u00e9rtelm\u00e9ben a benzin \u00e1ra legfeljebb 595 forint, a g\u00e1zolaj\u00e9 615 forint lehet literenk\u00e9nt, az int\u00e9zked\u00e9s pedig m\u00e1r h\u00e9tf\u0151 \u00e9jf\u00e9lt\u0151l \u00e9letbe l\u00e9p, hogy a magyar id\u0151sek p\u00e9nzt\u00e1rc\u00e1j\u00e1t is megv\u00e9dj\u00e9k az \u00fajabb \u00e1remelked\u00e9si hull\u00e1mt\u00f3l.<\/h3>\n<p>VIA MSN<\/p>\n","protected":false},"excerpt":{"rendered":"<p>Dr\u00e1mai d\u00f6nt\u00e9s sz\u00fcletett h\u00e9tf\u0151 d\u00e9lut\u00e1n a korm\u00e1ny\u00fcl\u00e9sen \u2013 Orb\u00e1n Viktor rendk\u00edv\u00fcli l\u00e9p\u00e9st jelentett be, hogy megv\u00e9dje a magyarokat az elszabadul\u00f3 \u00fczemanyag\u00e1rakt\u00f3l. A minisztereln\u00f6k egy Facebook-vide\u00f3ban k\u00f6z\u00f6lte: a korm\u00e1ny v\u00e9dett \u00e1rat vezet be&#8230;<\/p>\n","protected":false},"author":1,"featured_media":10550,"comment_status":"open","ping_status":"open","sticky":false,"template":"","format":"standard","meta":{"footnotes":""},"categories":[2],"tags":[],"class_list":["post-10549","post","type-post","status-publish","format-standard","has-post-thumbnail","hentry","category-altalanos"],"aioseo_notices":[],"_links":{"self":[{"href":"https:\/\/online-filmkatarzis.com\/kucko\/wp-json\/wp\/v2\/posts\/10549","targetHints":{"allow":["GET"]}}],"collection":[{"href":"https:\/\/online-filmkatarzis.com\/kucko\/wp-json\/wp\/v2\/posts"}],"about":[{"href":"https:\/\/online-filmkatarzis.com\/kucko\/wp-json\/wp\/v2\/types\/post"}],"author":[{"embeddable":true,"href":"https:\/\/online-filmkatarzis.com\/kucko\/wp-json\/wp\/v2\/users\/1"}],"replies":[{"embeddable":true,"href":"https:\/\/online-filmkatarzis.com\/kucko\/wp-json\/wp\/v2\/comments?post=10549"}],"version-history":[{"count":1,"href":"https:\/\/online-filmkatarzis.com\/kucko\/wp-json\/wp\/v2\/posts\/10549\/revisions"}],"predecessor-version":[{"id":10551,"href":"https:\/\/online-filmkatarzis.com\/kucko\/wp-json\/wp\/v2\/posts\/10549\/revisions\/10551"}],"wp:featuredmedia":[{"embeddable":true,"href":"https:\/\/online-filmkatarzis.com\/kucko\/wp-json\/wp\/v2\/media\/10550"}],"wp:attachment":[{"href":"https:\/\/online-filmkatarzis.com\/kucko\/wp-json\/wp\/v2\/media?parent=10549"}],"wp:term":[{"taxonomy":"category","embeddable":true,"href":"https:\/\/online-filmkatarzis.com\/kucko\/wp-json\/wp\/v2\/categories?post=10549"},{"taxonomy":"post_tag","embeddable":true,"href":"https:\/\/online-filmkatarzis.com\/kucko\/wp-json\/wp\/v2\/tags?post=10549"}],"curies":[{"name":"wp","href":"https:\/\/api.w.org\/{rel}","templated":true}]}}