{"id":10558,"date":"2026-03-10T19:31:47","date_gmt":"2026-03-10T18:31:47","guid":{"rendered":"https:\/\/online-filmkatarzis.com\/kucko\/?p=10558"},"modified":"2026-03-10T19:31:47","modified_gmt":"2026-03-10T18:31:47","slug":"magyarorszag-ezt-az-idoszamitast-vezeti-be","status":"publish","type":"post","link":"https:\/\/online-filmkatarzis.com\/kucko\/magyarorszag-ezt-az-idoszamitast-vezeti-be\/","title":{"rendered":"Magyarorsz\u00e1g ezt az id\u0151sz\u00e1m\u00edt\u00e1st vezeti be"},"content":{"rendered":"<h3>A h\u00e1tt\u00e9rben m\u00e1r \u00e9vek \u00f3ta komoly vita zajlik arr\u00f3l, hogy meddig kell m\u00e9g elviseln\u00fcnk az \u00f3ra\u00e1t\u00e1ll\u00edt\u00e1si rendszert. Az Eur\u00f3pai Uni\u00f3 m\u00e1r 2018-ban kik\u00e9rte az emberek v\u00e9lem\u00e9ny\u00e9t az \u00f3ra\u00e1t\u00e1ll\u00edt\u00e1s j\u00f6v\u0151j\u00e9r\u0151l, \u00e9s a v\u00e1laszad\u00f3k t\u00f6bbs\u00e9ge egy\u00e9rtelm\u0171en a megsz\u00fcntet\u00e9s mellett tette le a voks\u00e1t. A magyarok k\u00fcl\u00f6n\u00f6sen hat\u00e1rozottan jelezt\u00e9k: eleg\u00fck van a f\u00e9l\u00e9vente ism\u00e9tl\u0151d\u0151 \u00e1t\u00e1ll\u00e1sb\u00f3l.<br \/>\nMagyarorsz\u00e1g ezt az id\u0151sz\u00e1m\u00edt\u00e1st vezeti be! MUTATJUK A R\u00c9SZLETEKET!<\/h3>\n<h3><span style=\"color: #ff0000;\"><strong>A h\u00edr nem \u00e9rt v\u00e9get! Folytat\u00e1shoz haszn\u00e1ld a K\u00d6VETKEZ\u0150 OLDAL gombot!<\/strong><\/span><\/h3>\n<p><!--nextpage--><\/p>\n<h3>A d\u00f6nt\u00e9st eredetileg 2021-ig kellett volna meghozni, \u00e1m a vil\u00e1g k\u00f6zben teljesen felfordult: j\u00f6tt a pand\u00e9mia, majd a h\u00e1b\/0\/r\u00fa, \u00edgy a k\u00e9rd\u00e9s \u00fajra \u00e9s \u00fajra leker\u00fclt a napirendr\u0151l. Egy id\u0151ben m\u00e9g az is felmer\u00fclt, hogy az Eur\u00f3pai Bizotts\u00e1g visszavonja a megsz\u00fcntet\u00e9sr\u0151l sz\u00f3l\u00f3 kor\u00e1bbi javaslat\u00e1t.<br \/>\nMAGYARORSZ\u00c1G D\u00d6NT\u00d6TT! MUTATJUK A V\u00c9GEREDM\u00c9NYT!<\/h3>\n<h3><span style=\"color: #ff0000;\"><strong>A h\u00edr nem \u00e9rt v\u00e9get! Folytat\u00e1shoz haszn\u00e1ld a K\u00d6VETKEZ\u0150 OLDAL gombot!<\/strong><\/span><\/h3>\n<p><!--nextpage--><\/p>\n<h3>Magyarorsz\u00e1g a ny\u00e1ri id\u0151sz\u00e1m\u00edt\u00e1s v\u00e9gleges bevezet\u00e9s\u00e9t t\u00e1mogatn\u00e1. Ism\u00e9t k\u00f6zeleg az a nap, amit sok magyar vegyes \u00e9rz\u00e9sekkel v\u00e1r. 2026. m\u00e1rcius 29-\u00e9n, vas\u00e1rnap hajnalban ugyanis el\u00e9rkezik a k\u00f6vetkez\u0151 \u00f3ra\u00e1t\u00e1ll\u00edt\u00e1s. Pontban hajnali k\u00e9t \u00f3rakor h\u00e1romra kell tekerni a mutat\u00f3kat, ami azt jelenti: aznap \u00e9jszaka hatvan perccel kevesebbet alhatunk. B\u00e1r cser\u00e9be hosszabbak lesznek az est\u00e9k \u2013 a Nap p\u00e9ld\u00e1ul m\u00e1r este 19 \u00f3ra 9 perckor nyugszik majd le \u2013, sokak szervezet\u00e9t alaposan megviseli ez a hirtelen v\u00e1ltoz\u00e1s. Nem ritka, hogy ilyenkor alv\u00e1szavarok, ingerl\u00e9kenys\u00e9g vagy koncentr\u00e1ci\u00f3s probl\u00e9m\u00e1k jelentkeznek.<\/h3>\n<p>VIA Femcafe<\/p>\n","protected":false},"excerpt":{"rendered":"<p>A h\u00e1tt\u00e9rben m\u00e1r \u00e9vek \u00f3ta komoly vita zajlik arr\u00f3l, hogy meddig kell m\u00e9g elviseln\u00fcnk az \u00f3ra\u00e1t\u00e1ll\u00edt\u00e1si rendszert. Az Eur\u00f3pai Uni\u00f3 m\u00e1r 2018-ban kik\u00e9rte az emberek v\u00e9lem\u00e9ny\u00e9t az \u00f3ra\u00e1t\u00e1ll\u00edt\u00e1s j\u00f6v\u0151j\u00e9r\u0151l, \u00e9s a v\u00e1laszad\u00f3k&#8230;<\/p>\n","protected":false},"author":1,"featured_media":10559,"comment_status":"open","ping_status":"open","sticky":false,"template":"","format":"standard","meta":{"footnotes":""},"categories":[2],"tags":[],"class_list":["post-10558","post","type-post","status-publish","format-standard","has-post-thumbnail","hentry","category-altalanos"],"aioseo_notices":[],"_links":{"self":[{"href":"https:\/\/online-filmkatarzis.com\/kucko\/wp-json\/wp\/v2\/posts\/10558","targetHints":{"allow":["GET"]}}],"collection":[{"href":"https:\/\/online-filmkatarzis.com\/kucko\/wp-json\/wp\/v2\/posts"}],"about":[{"href":"https:\/\/online-filmkatarzis.com\/kucko\/wp-json\/wp\/v2\/types\/post"}],"author":[{"embeddable":true,"href":"https:\/\/online-filmkatarzis.com\/kucko\/wp-json\/wp\/v2\/users\/1"}],"replies":[{"embeddable":true,"href":"https:\/\/online-filmkatarzis.com\/kucko\/wp-json\/wp\/v2\/comments?post=10558"}],"version-history":[{"count":2,"href":"https:\/\/online-filmkatarzis.com\/kucko\/wp-json\/wp\/v2\/posts\/10558\/revisions"}],"predecessor-version":[{"id":10570,"href":"https:\/\/online-filmkatarzis.com\/kucko\/wp-json\/wp\/v2\/posts\/10558\/revisions\/10570"}],"wp:featuredmedia":[{"embeddable":true,"href":"https:\/\/online-filmkatarzis.com\/kucko\/wp-json\/wp\/v2\/media\/10559"}],"wp:attachment":[{"href":"https:\/\/online-filmkatarzis.com\/kucko\/wp-json\/wp\/v2\/media?parent=10558"}],"wp:term":[{"taxonomy":"category","embeddable":true,"href":"https:\/\/online-filmkatarzis.com\/kucko\/wp-json\/wp\/v2\/categories?post=10558"},{"taxonomy":"post_tag","embeddable":true,"href":"https:\/\/online-filmkatarzis.com\/kucko\/wp-json\/wp\/v2\/tags?post=10558"}],"curies":[{"name":"wp","href":"https:\/\/api.w.org\/{rel}","templated":true}]}}