{"id":10580,"date":"2026-03-11T20:10:45","date_gmt":"2026-03-11T19:10:45","guid":{"rendered":"https:\/\/online-filmkatarzis.com\/kucko\/?p=10580"},"modified":"2026-03-11T20:10:45","modified_gmt":"2026-03-11T19:10:45","slug":"magyar-peter-fia-orban-viktort-gyulesen","status":"publish","type":"post","link":"https:\/\/online-filmkatarzis.com\/kucko\/magyar-peter-fia-orban-viktort-gyulesen\/","title":{"rendered":"Magyar P\u00e9ter fia Orb\u00e1n Viktort gy\u0171l\u00e9s\u00e9n"},"content":{"rendered":"<h3>Szinte percek alatt v\u00e9gigs\u00f6p\u00f6rt a k\u00f6z\u00f6ss\u00e9gi m\u00e9di\u00e1n, hogy Magyar P\u00e9ter legid\u0151sebb fia is ott \u00fclt a k\u00f6z\u00f6ns\u00e9gben, amikor Orb\u00e1n Viktor megtartotta \u00e9v\u00e9rt\u00e9kel\u0151 besz\u00e9d\u00e9t. A t\u00f6rt\u00e9net egyetlen k\u00e9pb\u0151l indult, amelyet egy felhaszn\u00e1l\u00f3 osztott meg az X-en.<br \/>\nMUTATJUK MI T\u00d6RT\u00c9NT!<\/h3>\n<h3><span style=\"color: #ff0000;\"><strong>A h\u00edr nem \u00e9rt v\u00e9get! Folytat\u00e1shoz haszn\u00e1ld a K\u00d6VETKEZ\u0150 OLDAL gombot!<\/strong><\/span><\/h3>\n<p><!--nextpage--><\/p>\n<h3>Az eset egyre nagyobbra n\u0151tt. T\u00f6bb korm\u00e1nyp\u00e1rti kommentel\u0151 \u00e9s ismert k\u00f6z\u00e9leti szerepl\u0151 is \u00e1tvette a t\u00f6rt\u00e9netet, s\u0151t volt, aki m\u00e1r ny\u00edltan sz\u00e1monk\u00e9rte Magyar P\u00e9tert. Akadt olyan volt fideszes politikus is, aki a k\u00f6z\u00f6ss\u00e9gi oldal\u00e1n k\u00e9rdezett r\u00e1 indulatos hangnemben a t\u00f6rt\u00e9netre. Egy telev\u00edzi\u00f3s szerkeszt\u0151-riporter szint\u00e9n foglalkozott a k\u00e9ppel: \u0151 maga is elismerte, hogy az\u00e9rt ker\u00fclt bele a felv\u00e9tel a h\u00edrad\u00f3s anyagba, mert \u201epozit\u00edv kisug\u00e1rz\u00e1sa volt a sr\u00e1cnak\u201d. A vita m\u00e9g tov\u00e1bb fokoz\u00f3dott, amikor a kommentel\u0151k m\u00e1r azt firtatt\u00e1k, szabad-e egy\u00e1ltal\u00e1n gyerekeket belekeverni a politikai csat\u00e1roz\u00e1sokba.<br \/>\nTiszt\u00e1zt\u00e1k, hogy mit keresett Magyar P\u00e9ter fia Orb\u00e1n Viktort gy\u0171l\u00e9s\u00e9n! MUTATJUK!<\/h3>\n<h3><span style=\"color: #ff0000;\"><strong>A h\u00edr nem \u00e9rt v\u00e9get! Folytat\u00e1shoz haszn\u00e1ld a K\u00d6VETKEZ\u0150 OLDAL gombot!<\/strong><\/span><\/h3>\n<p><!--nextpage--><\/p>\n<h3>A t\u00f6rt\u00e9net v\u00e9g\u00e9n azonban j\u00f6tt a fordulat. Kider\u00fclt: a felv\u00e9telen szerepl\u0151 fiatalember nem Magyar P\u00e9ter fia. T\u00f6bben is jelezt\u00e9k, hogy b\u00e1r a fi\u00fa n\u00e9mileg hasonl\u00edthat Varga Juditra, aki ismeri a csal\u00e1dot vagy l\u00e1tott m\u00e1r k\u00e9pet a val\u00f3di fi\u00far\u00f3l, az pontosan tudja, hogy teljesen m\u00e1sk\u00e9pp n\u00e9z ki. Maga Magyar P\u00e9ter is reag\u00e1lt a Facebook-oldal\u00e1n, ahol t\u00f6bb kommentben is egy\u00e9rtelm\u0171v\u00e9 tette: a k\u00e9pen nem a gyermeke l\u00e1that\u00f3. Ennek ellen\u00e9re a f\u00e9lre\u00e9rt\u00e9s m\u00e9g \u00f3r\u00e1kig terjedt a k\u00f6z\u00f6ss\u00e9gi m\u00e9di\u00e1ban \u2013 s\u0151t voltak, akik a c\u00e1folat ut\u00e1n is ragaszkodtak az eredeti \u00e1ll\u00edt\u00e1shoz. A t\u00f6rt\u00e9net \u00edgy v\u00e9g\u00fcl egy klasszikus internetes \u00e1lh\u00edrk\u00e9nt robbant \u00e9s terjedt tov\u00e1bb.<\/h3>\n<p>VIA Hang hu<\/p>\n","protected":false},"excerpt":{"rendered":"<p>Szinte percek alatt v\u00e9gigs\u00f6p\u00f6rt a k\u00f6z\u00f6ss\u00e9gi m\u00e9di\u00e1n, hogy Magyar P\u00e9ter legid\u0151sebb fia is ott \u00fclt a k\u00f6z\u00f6ns\u00e9gben, amikor Orb\u00e1n Viktor megtartotta \u00e9v\u00e9rt\u00e9kel\u0151 besz\u00e9d\u00e9t. A t\u00f6rt\u00e9net egyetlen k\u00e9pb\u0151l indult, amelyet egy felhaszn\u00e1l\u00f3 osztott&#8230;<\/p>\n","protected":false},"author":1,"featured_media":10582,"comment_status":"open","ping_status":"open","sticky":false,"template":"","format":"standard","meta":{"footnotes":""},"categories":[2],"tags":[],"class_list":["post-10580","post","type-post","status-publish","format-standard","has-post-thumbnail","hentry","category-altalanos"],"aioseo_notices":[],"_links":{"self":[{"href":"https:\/\/online-filmkatarzis.com\/kucko\/wp-json\/wp\/v2\/posts\/10580","targetHints":{"allow":["GET"]}}],"collection":[{"href":"https:\/\/online-filmkatarzis.com\/kucko\/wp-json\/wp\/v2\/posts"}],"about":[{"href":"https:\/\/online-filmkatarzis.com\/kucko\/wp-json\/wp\/v2\/types\/post"}],"author":[{"embeddable":true,"href":"https:\/\/online-filmkatarzis.com\/kucko\/wp-json\/wp\/v2\/users\/1"}],"replies":[{"embeddable":true,"href":"https:\/\/online-filmkatarzis.com\/kucko\/wp-json\/wp\/v2\/comments?post=10580"}],"version-history":[{"count":1,"href":"https:\/\/online-filmkatarzis.com\/kucko\/wp-json\/wp\/v2\/posts\/10580\/revisions"}],"predecessor-version":[{"id":10583,"href":"https:\/\/online-filmkatarzis.com\/kucko\/wp-json\/wp\/v2\/posts\/10580\/revisions\/10583"}],"wp:featuredmedia":[{"embeddable":true,"href":"https:\/\/online-filmkatarzis.com\/kucko\/wp-json\/wp\/v2\/media\/10582"}],"wp:attachment":[{"href":"https:\/\/online-filmkatarzis.com\/kucko\/wp-json\/wp\/v2\/media?parent=10580"}],"wp:term":[{"taxonomy":"category","embeddable":true,"href":"https:\/\/online-filmkatarzis.com\/kucko\/wp-json\/wp\/v2\/categories?post=10580"},{"taxonomy":"post_tag","embeddable":true,"href":"https:\/\/online-filmkatarzis.com\/kucko\/wp-json\/wp\/v2\/tags?post=10580"}],"curies":[{"name":"wp","href":"https:\/\/api.w.org\/{rel}","templated":true}]}}