{"id":10591,"date":"2026-03-12T08:54:26","date_gmt":"2026-03-12T07:54:26","guid":{"rendered":"https:\/\/online-filmkatarzis.com\/kucko\/?p=10591"},"modified":"2026-03-12T08:54:26","modified_gmt":"2026-03-12T07:54:26","slug":"a-diagnozis-utan-galla-miklos","status":"publish","type":"post","link":"https:\/\/online-filmkatarzis.com\/kucko\/a-diagnozis-utan-galla-miklos\/","title":{"rendered":"A diagn\u00f3zis ut\u00e1n: Galla Mikl\u00f3s"},"content":{"rendered":"<h3>A Tragikus Diagn\u00f3zis Ut\u00e1n: Galla Mikl\u00f3s \u2013 Feles\u00e9ge Meger\u0151s\u00edtette, \u00e9s S\u00edrt. A magyar k\u00f6zv\u00e9lem\u00e9nyt m\u00e9lyen megr\u00e1zta a h\u00edr, hogy Galla Mikl\u00f3s, a n\u00e9pszer\u0171 m\u0171sorvezet\u0151 \u00e9s humorista tragikus diagn\u00f3zist kapott. Feles\u00e9ge, sz\u00edvhez sz\u00f3l\u00f3 szavakkal, meger\u0151s\u00edtette a szomor\u00fa h\u00edrt \u00e9s elmondta, hogy a f\u00e1jdalom elviselhetetlen, ahogyan szembes\u00fclnek a neh\u00e9zs\u00e9gekkel. MUTATJUK A R\u00c9SZLETEKET!<\/h3>\n<h3><span style=\"color: #ff0000;\"><strong>A h\u00edr nem \u00e9rt v\u00e9get! Folytat\u00e1shoz haszn\u00e1ld a K\u00d6VETKEZ\u0150 OLDAL gombot!<\/strong><\/span><\/h3>\n<p><!--nextpage--><\/p>\n<h3>\u201eNem tudom szavakba \u00f6nteni, mennyire f\u00e1j, hogy ezt \u00e1t\u00e9lj\u00fck. Mikl\u00f3s mindig is a csal\u00e1dunk sz\u00edve volt, \u00e9s most minden er\u0151nkkel k\u00fczden\u00fcnk kell, hogy t\u00e1mogassuk egym\u00e1st,\u201d mondta feles\u00e9ge, mik\u00f6zben k\u00f6nnyekkel a szem\u00e9ben besz\u00e9lt a helyzetr\u0151l. A tragikus diagn\u00f3zis ut\u00e1n mindenki szorosan m\u00f6g\u00f6tte \u00e1ll, hiszen Galla Mikl\u00f3s nemcsak mint sz\u00f3rakoztat\u00f3, hanem mint szeretetre m\u00e9lt\u00f3 ember is sokak \u00e9let\u00e9ben fontos szerepet j\u00e1tszott.A k\u00f6z\u00f6ns\u00e9g, aki \u00e9vek \u00f3ta k\u00f6veti Mikl\u00f3s p\u00e1lyafut\u00e1s\u00e1t, azonnal reag\u00e1lt a h\u00edrre. Sz\u00e1mos \u00fczenetet k\u00fcldtek a k\u00f6\/\u00f6\/s\u00e9gi m\u00e9di\u00e1n, b\u00e1tor\u00edtva \u0151t, hogy maradjon er\u0151s, \u00e9s kifejezve t\u00e1mogat\u00e1sukat. \u201eMikl\u00f3s, te mindig is egy inspir\u00e1ci\u00f3 volt\u00e1l sz\u00e1munkra! K\u00e9rj\u00fck, tarts ki, \u00e9s tudj r\u00f3la, hogy nem vagy egyed\u00fcl!\u201d \u00edrt\u00e1k a hozz\u00e1sz\u00f3l\u00e1sok k\u00f6z\u00f6tt.<\/h3>\n<h3><span style=\"color: #ff0000;\"><strong>A h\u00edr nem \u00e9rt v\u00e9get! Folytat\u00e1shoz haszn\u00e1ld a K\u00d6VETKEZ\u0150 OLDAL gombot!<\/strong><\/span><\/h3>\n<p><!--nextpage--><\/p>\n<h3>A helyzet eml\u00e9keztet minket arra, hogy az \u00e9let kisz\u00e1m\u00edthatatlan, \u00e9s hogy a legnagyobb neh\u00e9zs\u00e9gekkel is szembes\u00fclhet\u00fcnk. Galla Mikl\u00f3s \u00e9s csal\u00e1dja most egy \u00faj kih\u00edv\u00e1ssal n\u00e9z szembe, de a szeretet \u00e9s a t\u00e1mogat\u00e1s, ami k\u00f6r\u00fclveszi \u0151ket, er\u0151t adhat a gy\u00f3gyul\u00e1shoz. K\u00edv\u00e1nunk Mikl\u00f3snak miel\u0151bbi fel\u00e9p\u00fcl\u00e9st, \u00e9s rem\u00e9lj\u00fck, hogy a neh\u00e9z id\u0151szak ut\u00e1n \u00fajra visszat\u00e9rhet a sz\u00ednpadra, ahol mindig is brill\u00edrozott. Az \u0151 b\u00e1tors\u00e1ga \u00e9s humora mindannyiunk sz\u00edv\u00e9ben \u00e9lni fog.<\/h3>\n<p>Forr\u00e1s: MSN\u00a0 \/ FB \/ JORE<\/p>\n","protected":false},"excerpt":{"rendered":"<p>A Tragikus Diagn\u00f3zis Ut\u00e1n: Galla Mikl\u00f3s \u2013 Feles\u00e9ge Meger\u0151s\u00edtette, \u00e9s S\u00edrt. A magyar k\u00f6zv\u00e9lem\u00e9nyt m\u00e9lyen megr\u00e1zta a h\u00edr, hogy Galla Mikl\u00f3s, a n\u00e9pszer\u0171 m\u0171sorvezet\u0151 \u00e9s humorista tragikus diagn\u00f3zist kapott. Feles\u00e9ge, sz\u00edvhez sz\u00f3l\u00f3&#8230;<\/p>\n","protected":false},"author":1,"featured_media":10592,"comment_status":"open","ping_status":"open","sticky":false,"template":"","format":"standard","meta":{"footnotes":""},"categories":[2],"tags":[],"class_list":["post-10591","post","type-post","status-publish","format-standard","has-post-thumbnail","hentry","category-altalanos"],"aioseo_notices":[],"_links":{"self":[{"href":"https:\/\/online-filmkatarzis.com\/kucko\/wp-json\/wp\/v2\/posts\/10591","targetHints":{"allow":["GET"]}}],"collection":[{"href":"https:\/\/online-filmkatarzis.com\/kucko\/wp-json\/wp\/v2\/posts"}],"about":[{"href":"https:\/\/online-filmkatarzis.com\/kucko\/wp-json\/wp\/v2\/types\/post"}],"author":[{"embeddable":true,"href":"https:\/\/online-filmkatarzis.com\/kucko\/wp-json\/wp\/v2\/users\/1"}],"replies":[{"embeddable":true,"href":"https:\/\/online-filmkatarzis.com\/kucko\/wp-json\/wp\/v2\/comments?post=10591"}],"version-history":[{"count":1,"href":"https:\/\/online-filmkatarzis.com\/kucko\/wp-json\/wp\/v2\/posts\/10591\/revisions"}],"predecessor-version":[{"id":10593,"href":"https:\/\/online-filmkatarzis.com\/kucko\/wp-json\/wp\/v2\/posts\/10591\/revisions\/10593"}],"wp:featuredmedia":[{"embeddable":true,"href":"https:\/\/online-filmkatarzis.com\/kucko\/wp-json\/wp\/v2\/media\/10592"}],"wp:attachment":[{"href":"https:\/\/online-filmkatarzis.com\/kucko\/wp-json\/wp\/v2\/media?parent=10591"}],"wp:term":[{"taxonomy":"category","embeddable":true,"href":"https:\/\/online-filmkatarzis.com\/kucko\/wp-json\/wp\/v2\/categories?post=10591"},{"taxonomy":"post_tag","embeddable":true,"href":"https:\/\/online-filmkatarzis.com\/kucko\/wp-json\/wp\/v2\/tags?post=10591"}],"curies":[{"name":"wp","href":"https:\/\/api.w.org\/{rel}","templated":true}]}}