{"id":10600,"date":"2026-03-12T19:15:04","date_gmt":"2026-03-12T18:15:04","guid":{"rendered":"https:\/\/online-filmkatarzis.com\/kucko\/?p=10600"},"modified":"2026-03-12T19:15:04","modified_gmt":"2026-03-12T18:15:04","slug":"ez-okozta-dudas-miki-halalat","status":"publish","type":"post","link":"https:\/\/online-filmkatarzis.com\/kucko\/ez-okozta-dudas-miki-halalat\/","title":{"rendered":"Ez okozta Dud\u00e1s Miki hal\u00e1l\u00e1t"},"content":{"rendered":"<h3>Hossz\u00fa hetekig csend \u00f6vezte a trag\u00e9di\u00e1t, most azonban megt\u00f6rt a hallgat\u00e1s. A janu\u00e1r elej\u00e9n v\u00e1ratlanul elhunyt vil\u00e1gbajnok kajakoz\u00f3, Dud\u00e1s Miki hal\u00e1la az eg\u00e9sz orsz\u00e1got megr\u00e1zta, a legnagyobb f\u00e1jdalmat azonban term\u00e9szetesen a csal\u00e1dja \u00e9li \u00e1t. P\u00e1rja, Szigligeti Ivett eddig pr\u00f3b\u00e1lt a h\u00e1tt\u00e9rben maradni, most viszont a kamer\u00e1k el\u0151tt besz\u00e9lt arr\u00f3l a felfoghatatlan vesztes\u00e9gr\u0151l, amely egyik pillanatr\u00f3l a m\u00e1sikra v\u00e1ltoztatta meg az \u00e9let\u00fcket.<br \/>\nMUTATJUK A R\u00c9SZLETEKET!<\/h3>\n<h3><span style=\"color: #ff0000;\"><strong>A h\u00edr nem \u00e9rt v\u00e9get! Folytat\u00e1shoz haszn\u00e1ld a K\u00d6VETKEZ\u0150 OLDAL gombot!<\/strong><\/span><\/h3>\n<p><!--nextpage--><\/p>\n<h3>Ivett az RTL Reggeliben k\u00f6nnyek k\u00f6z\u00f6tt mes\u00e9lt arr\u00f3l, milyen a mindennapok val\u00f3s\u00e1ga Miki n\u00e9lk\u00fcl. Mint mondta, a gyerekek adj\u00e1k neki az er\u0151t, hogy napr\u00f3l napra talpon maradjon. A gyerekek r\u00e1ad\u00e1sul sok mindenben eml\u00e9keztetik \u0151t Mikire. \u201eSzerencs\u00e9re mindk\u00e9t gyerek hasonl\u00edt r\u00e1 k\u00fcls\u0151leg \u00e9s bels\u0151leg is. Ha r\u00e1juk n\u00e9zek egy neh\u00e9z pillanatban, er\u0151t adnak. Amikor pedig azt \u00e9rzem, hogy legsz\u00edvesebben meg\u00f6leln\u00e9m Mikit, akkor arra gondolok: itt maradt bel\u0151le k\u00e9t kicsi.\u201d A f\u00e1jdalmat azonban m\u00e9g nehezebb\u00e9 teszi a nyomaszt\u00f3 val\u00f3s\u00e1g!<br \/>\nEz okozta Dud\u00e1s Miki hal\u00e1l\u00e1t! MUTATJUK!<\/h3>\n<h3><span style=\"color: #ff0000;\"><strong>A h\u00edr nem \u00e9rt v\u00e9get! Folytat\u00e1shoz haszn\u00e1ld a K\u00d6VETKEZ\u0150 OLDAL gombot!<\/strong><\/span><\/h3>\n<p><!--nextpage--><\/p>\n<h3>A trag\u00e9dia k\u00f6r\u00fclm\u00e9nyei ugyanis tov\u00e1bbra sem teljesen tiszt\u00e1zottak, a hat\u00f3s\u00e1gi vizsg\u00e1lat m\u00e9g mindig folyamatban van. Ivett el\u00e1rulta, hogy a nyomoz\u00e1s lass\u00fas\u00e1ga \u00e9s a rengeteg megv\u00e1laszolatlan k\u00e9rd\u00e9s komoly terhet jelent sz\u00e1m\u00e1ra. \u201eA nyomoz\u00e1s m\u00e9g mindig tart, biztosabb inform\u00e1ci\u00f3t \u00e9n sem tudok egyel\u0151re az \u00fcgyr\u0151l. Ez is megnehez\u00edti az am\u00fagy is tragikus helyzetet. A t\u00e9nyen persze semmi nem v\u00e1ltoztat, \u0151t m\u00e1r semmi nem hozza vissza\u2026 de \u0151szint\u00e9n sz\u00f3lva csal\u00f3dott vagyok, nem felt\u00e9tlen \u00edgy k\u00e9pzeltem el a nyomoz\u00e1s folyamat\u00e1t \u00e9s a rend\u0151r\u00f6k munk\u00e1j\u00e1t. Tov\u00e1bbra is b\u00edzom benne, hogy mindent megtesznek, de m\u00e9g mindig rengeteg a k\u00e9rd\u0151jel.\u201d Ivett most egyetlen dologra v\u00e1r: hogy v\u00e9gre kider\u00fclj\u00f6n az igazs\u00e1g arr\u00f3l, mi is t\u00f6rt\u00e9nt val\u00f3j\u00e1ban.<\/h3>\n<p>VIA Blikk<\/p>\n","protected":false},"excerpt":{"rendered":"<p>Hossz\u00fa hetekig csend \u00f6vezte a trag\u00e9di\u00e1t, most azonban megt\u00f6rt a hallgat\u00e1s. A janu\u00e1r elej\u00e9n v\u00e1ratlanul elhunyt vil\u00e1gbajnok kajakoz\u00f3, Dud\u00e1s Miki hal\u00e1la az eg\u00e9sz orsz\u00e1got megr\u00e1zta, a legnagyobb f\u00e1jdalmat azonban term\u00e9szetesen a csal\u00e1dja&#8230;<\/p>\n","protected":false},"author":1,"featured_media":10601,"comment_status":"open","ping_status":"open","sticky":false,"template":"","format":"standard","meta":{"footnotes":""},"categories":[2],"tags":[],"class_list":["post-10600","post","type-post","status-publish","format-standard","has-post-thumbnail","hentry","category-altalanos"],"aioseo_notices":[],"_links":{"self":[{"href":"https:\/\/online-filmkatarzis.com\/kucko\/wp-json\/wp\/v2\/posts\/10600","targetHints":{"allow":["GET"]}}],"collection":[{"href":"https:\/\/online-filmkatarzis.com\/kucko\/wp-json\/wp\/v2\/posts"}],"about":[{"href":"https:\/\/online-filmkatarzis.com\/kucko\/wp-json\/wp\/v2\/types\/post"}],"author":[{"embeddable":true,"href":"https:\/\/online-filmkatarzis.com\/kucko\/wp-json\/wp\/v2\/users\/1"}],"replies":[{"embeddable":true,"href":"https:\/\/online-filmkatarzis.com\/kucko\/wp-json\/wp\/v2\/comments?post=10600"}],"version-history":[{"count":1,"href":"https:\/\/online-filmkatarzis.com\/kucko\/wp-json\/wp\/v2\/posts\/10600\/revisions"}],"predecessor-version":[{"id":10602,"href":"https:\/\/online-filmkatarzis.com\/kucko\/wp-json\/wp\/v2\/posts\/10600\/revisions\/10602"}],"wp:featuredmedia":[{"embeddable":true,"href":"https:\/\/online-filmkatarzis.com\/kucko\/wp-json\/wp\/v2\/media\/10601"}],"wp:attachment":[{"href":"https:\/\/online-filmkatarzis.com\/kucko\/wp-json\/wp\/v2\/media?parent=10600"}],"wp:term":[{"taxonomy":"category","embeddable":true,"href":"https:\/\/online-filmkatarzis.com\/kucko\/wp-json\/wp\/v2\/categories?post=10600"},{"taxonomy":"post_tag","embeddable":true,"href":"https:\/\/online-filmkatarzis.com\/kucko\/wp-json\/wp\/v2\/tags?post=10600"}],"curies":[{"name":"wp","href":"https:\/\/api.w.org\/{rel}","templated":true}]}}