{"id":10784,"date":"2026-03-23T10:07:51","date_gmt":"2026-03-23T09:07:51","guid":{"rendered":"https:\/\/online-filmkatarzis.com\/kucko\/?p=10784"},"modified":"2026-03-23T10:07:51","modified_gmt":"2026-03-23T09:07:51","slug":"megszolalt-a-halalra-gazolt-rendor-edesapja","status":"publish","type":"post","link":"https:\/\/online-filmkatarzis.com\/kucko\/megszolalt-a-halalra-gazolt-rendor-edesapja\/","title":{"rendered":"Megsz\u00f3lalt a hal\u00e1lra g\u00e1zolt rend\u0151r \u00e9desapja"},"content":{"rendered":"<h3>Egy s\u00f6t\u00e9t, hajnalba ny\u00fal\u00f3 helysz\u00ednel\u00e9sn\u00e9l t\u00f6rt\u00e9nt a trag\u00e9dia: a fiatal j\u00e1r\u0151r \u00e9s t\u00e1rsa egy el\u00fct\u00f6tt vad tetem\u00e9t pr\u00f3b\u00e1lt\u00e1k elt\u00e1vol\u00edtani az \u00fattestr\u0151l, hogy megel\u0151zzenek egy \u00fajabb balesetet.<br \/>\nA k\u00f6vetkez\u0151 pillanatok azonban r\u00e9m\u00e1lomm\u00e1 v\u00e1ltak. Egy aut\u00f3 k\u00f6zeledett, majd a besz\u00e1mol\u00f3k szerint f\u00e9kez\u00e9s n\u00e9lk\u00fcl csap\u00f3dott bel\u00e9j\u00fck. A k\u00e9t rend\u0151r t\u00f6bb m\u00e9tert rep\u00fclt, s\u00falyos s\u00e9r\u00fcl\u00e9sekkel ker\u00fcltek k\u00f3rh\u00e1zba. Az orvosok k\u00fczd\u00f6ttek az \u00e9let\u00fck\u00e9rt, de az egyik\u00fck m\u00e1r nem t\u00e9rhetett vissza.<br \/>\nMi t\u00f6rt\u00e9nt pontosan azon a v\u00e9gzetes hajnalon, \u00e9s mi\u00e9rt nem tudt\u00e1k elker\u00fclni a trag\u00e9di\u00e1t? MUTATJUK!<\/h3>\n<h3><span style=\"color: #ff0000;\"><strong>A h\u00edr nem \u00e9rt v\u00e9get! Folytat\u00e1shoz haszn\u00e1ld a K\u00d6VETKEZ\u0150 OLDAL gombot!<\/strong><\/span><\/h3>\n<p><!--nextpage--><\/p>\n<h3>B\u00e1lint t\u00f6rt\u00e9nete k\u00fcl\u00f6n\u00f6sen megr\u00e1z\u00f3: a fiatal f\u00e9rfi gyerekkora \u00f3ta rend\u0151r akart lenni. Tan\u00e1rai eml\u00e9kezete szerint mindig csib\u00e9szes, de v\u00e9gtelen\u00fcl j\u00f3indulat\u00fa fi\u00fa volt, aki m\u00e1r az iskol\u00e1ban arr\u00f3l besz\u00e9lt, hogy egyenruh\u00e1t szeretne viselni. A k\u00f6zgazdas\u00e1gi tanulm\u00e1nyok sem t\u00e9r\u00edtett\u00e9k el az \u00e1lm\u00e1t\u00f3l \u2013 v\u00e9g\u00fcl t\u00edz h\u00f3napos k\u00e9pz\u00e9s ut\u00e1n val\u00f3ra v\u00e1ltotta c\u00e9lj\u00e1t.<br \/>\nAz \u00e9desapja szerint a rend\u0151rs\u00e9g volt az \u00e9lete, minden szolg\u00e1lat ut\u00e1n lelkesen mes\u00e9lt arr\u00f3l, mi t\u00f6rt\u00e9nt aznap. A tragikus hajnalon azonban m\u00e1r nem \u00e9rkezett h\u00edv\u00e1s. A telefon n\u00e9ma maradt\u2026 \u00e9s a csal\u00e1d \u00e9lete \u00f6r\u00f6kre megv\u00e1ltozott.<br \/>\nAz apa azonban nemcsak gy\u00e1szol \u2013 hanem s\u00falyos \u00e1ll\u00edt\u00e1sokat is megfogalmazott. MUTATJUK!<\/h3>\n<h3><span style=\"color: #ff0000;\"><strong>A h\u00edr nem \u00e9rt v\u00e9get! Folytat\u00e1shoz haszn\u00e1ld a K\u00d6VETKEZ\u0150 OLDAL gombot!<\/strong><\/span><\/h3>\n<p><!--nextpage--><\/p>\n<h3>A gy\u00e1szol\u00f3 \u00e9desapa k\u00e9ptelen m\u00e1sra gondolni, mint hogy sz\u00e1nd\u00e9kosan g\u00e1z0lt\u00e1k ha\/\u00e1lra a fi\u00e1t.<br \/>\n\u2013 B\u00e1lint\u00e9k mindent a rend\u0151rs\u00e9gi el\u0151\u00edr\u00e1s szerint csin\u00e1ltak. Haszn\u00e1lt\u00e1k a k\u00e9k villog\u00f3t, rajtuk volt a l\u00e1that\u00f3s\u00e1gi mell\u00e9ny, kihelyezt\u00e9k a b\u00f3j\u00e1kat, am\u00edg az \u00fattestr\u0151l pr\u00f3b\u00e1lt\u00e1k levonszolni a kor\u00e1bban elg\u00e1zolt szarvast. Ismerem a k\u00f6rny\u00e9ket, az \u00fatszakasz messzir\u0151l bel\u00e1that\u00f3. Nincs ott se kanyar, se emelked\u0151, l\u00e1tsz\u00f3dnia kellett a kivil\u00e1g\u00edtott rend\u0151raut\u00f3nak! Hajnalban nincs arra semmi forgalom. M\u00e9g ha az ember eszeveszetten sz\u00e1guld, akkor is meg tud \u00e1llni, ha akar. L\u00e1ttam a helysz\u00edni rajzokat, el\u0151ttem van, mi t\u00f6rt\u00e9nt. Az az aut\u00f3 \u00e1tt\u00e9rt abba a s\u00e1vba, ahol a fiam volt. Mintha csak direkt el akarta volna \u00fctni! Mi\u00e9rt? \u2013 szakadt ki f\u00e1jdalmasan a k\u00e9rd\u00e9s, amire az orsz\u00e1g v\u00e1rja a v\u00e1laszt. &#8211; \u00cdrja a Blikk<\/h3>\n<p>VIA Blikk<\/p>\n","protected":false},"excerpt":{"rendered":"<p>Egy s\u00f6t\u00e9t, hajnalba ny\u00fal\u00f3 helysz\u00ednel\u00e9sn\u00e9l t\u00f6rt\u00e9nt a trag\u00e9dia: a fiatal j\u00e1r\u0151r \u00e9s t\u00e1rsa egy el\u00fct\u00f6tt vad tetem\u00e9t pr\u00f3b\u00e1lt\u00e1k elt\u00e1vol\u00edtani az \u00fattestr\u0151l, hogy megel\u0151zzenek egy \u00fajabb balesetet. A k\u00f6vetkez\u0151 pillanatok azonban r\u00e9m\u00e1lomm\u00e1 v\u00e1ltak&#8230;.<\/p>\n","protected":false},"author":1,"featured_media":10785,"comment_status":"open","ping_status":"open","sticky":false,"template":"","format":"standard","meta":{"footnotes":""},"categories":[2],"tags":[],"class_list":["post-10784","post","type-post","status-publish","format-standard","has-post-thumbnail","hentry","category-altalanos"],"aioseo_notices":[],"_links":{"self":[{"href":"https:\/\/online-filmkatarzis.com\/kucko\/wp-json\/wp\/v2\/posts\/10784","targetHints":{"allow":["GET"]}}],"collection":[{"href":"https:\/\/online-filmkatarzis.com\/kucko\/wp-json\/wp\/v2\/posts"}],"about":[{"href":"https:\/\/online-filmkatarzis.com\/kucko\/wp-json\/wp\/v2\/types\/post"}],"author":[{"embeddable":true,"href":"https:\/\/online-filmkatarzis.com\/kucko\/wp-json\/wp\/v2\/users\/1"}],"replies":[{"embeddable":true,"href":"https:\/\/online-filmkatarzis.com\/kucko\/wp-json\/wp\/v2\/comments?post=10784"}],"version-history":[{"count":1,"href":"https:\/\/online-filmkatarzis.com\/kucko\/wp-json\/wp\/v2\/posts\/10784\/revisions"}],"predecessor-version":[{"id":10786,"href":"https:\/\/online-filmkatarzis.com\/kucko\/wp-json\/wp\/v2\/posts\/10784\/revisions\/10786"}],"wp:featuredmedia":[{"embeddable":true,"href":"https:\/\/online-filmkatarzis.com\/kucko\/wp-json\/wp\/v2\/media\/10785"}],"wp:attachment":[{"href":"https:\/\/online-filmkatarzis.com\/kucko\/wp-json\/wp\/v2\/media?parent=10784"}],"wp:term":[{"taxonomy":"category","embeddable":true,"href":"https:\/\/online-filmkatarzis.com\/kucko\/wp-json\/wp\/v2\/categories?post=10784"},{"taxonomy":"post_tag","embeddable":true,"href":"https:\/\/online-filmkatarzis.com\/kucko\/wp-json\/wp\/v2\/tags?post=10784"}],"curies":[{"name":"wp","href":"https:\/\/api.w.org\/{rel}","templated":true}]}}