{"id":10790,"date":"2026-03-23T16:54:13","date_gmt":"2026-03-23T15:54:13","guid":{"rendered":"https:\/\/online-filmkatarzis.com\/kucko\/?p=10790"},"modified":"2026-03-23T16:54:13","modified_gmt":"2026-03-23T15:54:13","slug":"zalatnay-cini-durvan-kiosztotta-magyar-petert","status":"publish","type":"post","link":"https:\/\/online-filmkatarzis.com\/kucko\/zalatnay-cini-durvan-kiosztotta-magyar-petert\/","title":{"rendered":"Zalatnay Cini durv\u00e1n kiosztotta Magyar P\u00e9tert"},"content":{"rendered":"<h3>Az ut\u00f3bbi hetek k\u00f6z\u00e9leti cs\u00f6rt\u00e9i m\u00e1r eddig is izz\u00f3 hangulatot teremtettek, de most valami eg\u00e9szen v\u00e1ratlan t\u00f6rt\u00e9nt: Zalatnay Cini bel\u00e9pett a ringbe, \u00e9s egyetlen megsz\u00f3lal\u00e1s\u00e1val felbor\u00edtotta az asztalt. Az \u00e9nekesn\u0151 nem finomkodott, nem ker\u00fclgette a t\u00e9m\u00e1t, hanem egyenesen nekiment annak a kijelent\u00e9shull\u00e1mnak, amely szerinte s\u00e9rt\u0151en \u00e9rintette a nyugd\u00edjasokat \u00e9s a vid\u00e9ken \u00e9l\u0151ket.<br \/>\nA hangulat percek alatt felr0bbant, amikor kimondta a felfoghatatlant:<\/h3>\n<h3><span style=\"color: #ff0000;\"><strong>A h\u00edr nem \u00e9rt v\u00e9get! Folytat\u00e1shoz haszn\u00e1ld a K\u00d6VETKEZ\u0150 OLDAL gombot!<\/strong><\/span><\/h3>\n<p><!--nextpage--><\/p>\n<h3>Elege van abb\u00f3l, hogy a k\u00f6z\u00e9let egy r\u00e9sze \u00fagy besz\u00e9l az id\u0151sekr\u0151l, mintha \u0151k lenn\u00e9nek minden gond forr\u00e1sai. Cini szerint az eg\u00e9sz vita t\u00falment egy hat\u00e1ron, \u00e9s \u00fagy \u00e9rezte, most m\u00e1r nem hallgathat tov\u00e1bb. A nyilatkozata elej\u00e9n m\u00e9g visszafogottan fogalmazott, de azt\u00e1n egy mondattal jelezte: most j\u00f6n az igazi fordulat\u2026<br \/>\n\u2026\u00e9s ekkor kimondta, mi verte ki n\u00e1la v\u00e9gleg a biztos\u00edt\u00e9kot.<br \/>\nMUTATJUK A D\u00d6BBENETES MONDATOKAT!<\/h3>\n<h3><span style=\"color: #ff0000;\"><strong>A h\u00edr nem \u00e9rt v\u00e9get! Folytat\u00e1shoz haszn\u00e1ld a K\u00d6VETKEZ\u0150 OLDAL gombot!<\/strong><\/span><\/h3>\n<p><!--nextpage--><\/p>\n<h3>Az \u00e9nekesn\u0151 innent\u0151l m\u00e1r nem f\u00e9kezett. Azt mondta, hogy a Magyar P\u00e9ter k\u00f6rnyezet\u00e9b\u0151l \u00e9rkez\u0151 gondolatok szerinte elfogadhatatlanok, \u00e9s k\u00fcl\u00f6n\u00f6sen b\u00e1nt\u00f3nak tartja, ahogyan a nyugd\u00edjasokr\u00f3l besz\u00e9lnek. \u00dagy fogalmazott, mintha az id\u0151sek lenn\u00e9nek m\u00e1sok boldogul\u00e1s\u00e1nak akad\u00e1lyai, mik\u00f6zben \u2013 hangs\u00falyozta \u2013 \u0151k csak azt szeretn\u00e9k, ha nem venn\u00e9k el azokat a juttat\u00e1sokat, amelyeket eddig kaptak.<br \/>\nDe Cini itt m\u00e9g nem \u00e1llt meg. A vita k\u00f6vetkez\u0151 szintre l\u00e9pett, amikor a vid\u00e9k k\u00e9rd\u00e9se is sz\u00f3ba ker\u00fclt. Az \u00e9nekesn\u0151 hat\u00e1rozottan kijelentette, hogy szerinte az orsz\u00e1g gerinc\u00e9t a vid\u00e9ki emberek adj\u00e1k, \u00e9s felh\u00e1bor\u00edt\u00f3nak tartja, ha b\u00e1rki len\u00e9z\u0151en besz\u00e9l r\u00f3luk.<br \/>\nZalatnay Cini v\u00e9g\u00fcl nem kertelt: szerinte Magyar P\u00e9ter\u00e9k az \u0151 szem\u00e9ben \u201ea null\u00e1n\u00e1l is kevesebbet \u00e9rnek\u201d. Azt is hozz\u00e1tette, hogy szerinte m\u00e9ltatlan, amikor valaki egyenl\u0151s\u00e9gjelet tesz a vid\u00e9k \u00e9s a butas\u00e1g k\u00f6z\u00e9, mert tapasztalata szerint sokszor \u00e9pp a legegyszer\u0171bb emberekben van a legt\u00f6bb j\u00f3zan \u00e9sz.<br \/>\nAz \u00e9nekesn\u0151 hangs\u00falyozta, hogy a vid\u00e9ki emberek munk\u00e1ja n\u00e9lk\u00fcl az orsz\u00e1g sem m\u0171k\u00f6dne, \u00e9s szerinte tisztelet j\u00e1r mindenkinek, aki dolgozik \u00e9s hozz\u00e1j\u00e1rul a k\u00f6z\u00f6ss\u00e9ghez.<\/h3>\n<p>VIA minden-egyben com<\/p>\n","protected":false},"excerpt":{"rendered":"<p>Az ut\u00f3bbi hetek k\u00f6z\u00e9leti cs\u00f6rt\u00e9i m\u00e1r eddig is izz\u00f3 hangulatot teremtettek, de most valami eg\u00e9szen v\u00e1ratlan t\u00f6rt\u00e9nt: Zalatnay Cini bel\u00e9pett a ringbe, \u00e9s egyetlen megsz\u00f3lal\u00e1s\u00e1val felbor\u00edtotta az asztalt. Az \u00e9nekesn\u0151 nem finomkodott,&#8230;<\/p>\n","protected":false},"author":1,"featured_media":10791,"comment_status":"open","ping_status":"open","sticky":false,"template":"","format":"standard","meta":{"footnotes":""},"categories":[2],"tags":[],"class_list":["post-10790","post","type-post","status-publish","format-standard","has-post-thumbnail","hentry","category-altalanos"],"aioseo_notices":[],"_links":{"self":[{"href":"https:\/\/online-filmkatarzis.com\/kucko\/wp-json\/wp\/v2\/posts\/10790","targetHints":{"allow":["GET"]}}],"collection":[{"href":"https:\/\/online-filmkatarzis.com\/kucko\/wp-json\/wp\/v2\/posts"}],"about":[{"href":"https:\/\/online-filmkatarzis.com\/kucko\/wp-json\/wp\/v2\/types\/post"}],"author":[{"embeddable":true,"href":"https:\/\/online-filmkatarzis.com\/kucko\/wp-json\/wp\/v2\/users\/1"}],"replies":[{"embeddable":true,"href":"https:\/\/online-filmkatarzis.com\/kucko\/wp-json\/wp\/v2\/comments?post=10790"}],"version-history":[{"count":1,"href":"https:\/\/online-filmkatarzis.com\/kucko\/wp-json\/wp\/v2\/posts\/10790\/revisions"}],"predecessor-version":[{"id":10792,"href":"https:\/\/online-filmkatarzis.com\/kucko\/wp-json\/wp\/v2\/posts\/10790\/revisions\/10792"}],"wp:featuredmedia":[{"embeddable":true,"href":"https:\/\/online-filmkatarzis.com\/kucko\/wp-json\/wp\/v2\/media\/10791"}],"wp:attachment":[{"href":"https:\/\/online-filmkatarzis.com\/kucko\/wp-json\/wp\/v2\/media?parent=10790"}],"wp:term":[{"taxonomy":"category","embeddable":true,"href":"https:\/\/online-filmkatarzis.com\/kucko\/wp-json\/wp\/v2\/categories?post=10790"},{"taxonomy":"post_tag","embeddable":true,"href":"https:\/\/online-filmkatarzis.com\/kucko\/wp-json\/wp\/v2\/tags?post=10790"}],"curies":[{"name":"wp","href":"https:\/\/api.w.org\/{rel}","templated":true}]}}