{"id":10793,"date":"2026-03-23T17:09:56","date_gmt":"2026-03-23T16:09:56","guid":{"rendered":"https:\/\/online-filmkatarzis.com\/kucko\/?p=10793"},"modified":"2026-03-23T17:09:56","modified_gmt":"2026-03-23T16:09:56","slug":"sajnos-ismet-havazasra-kell-szamitani-magyarorszagon","status":"publish","type":"post","link":"https:\/\/online-filmkatarzis.com\/kucko\/sajnos-ismet-havazasra-kell-szamitani-magyarorszagon\/","title":{"rendered":"Sajnos ism\u00e9t havaz\u00e1sra kell sz\u00e1m\u00edtani Magyarorsz\u00e1gon"},"content":{"rendered":"<h3>Sarkvid\u00e9ki eredet\u0171 hideg leveg\u0151 \u00e1rasztja el Nyugat-Eur\u00f3p\u00e1t, amely jelent\u0151s id\u0151j\u00e1r\u00e1s-v\u00e1ltoz\u00e1st hoz a t\u00e9rs\u00e9gben. A hidegfront az Alpokon \u00e1tbukva mediterr\u00e1n ciklont gener\u00e1l, amely a h\u00e9t m\u00e1sodik fel\u00e9ben meghat\u00e1rozza majd az id\u0151j\u00e1r\u00e1st, csapad\u00e9kot \u00e9s er\u0151s szelet hozva mag\u00e1val. A hossz\u00fa, sz\u00e1raz id\u0151szak ezzel v\u00e9get \u00e9r, \u00e9s mozgalmasabb id\u0151j\u00e1r\u00e1s veszi kezdet\u00e9t. MUTATJUK A R\u00c9SZLETEKET!<\/h3>\n<h3><span style=\"color: #ff0000;\"><strong>A h\u00edr nem \u00e9rt v\u00e9get! Folytat\u00e1shoz haszn\u00e1ld a K\u00d6VETKEZ\u0150 OLDAL gombot!<\/strong><\/span><\/h3>\n<p><!--nextpage--><\/p>\n<h3>A k\u00f6vetkez\u0151 napokban Nyugat-Eur\u00f3pa id\u0151j\u00e1r\u00e1s\u00e1t egy er\u0151s hidegfront hat\u00e1rozza meg, amely m\u00f6g\u00f6tt sarkvid\u00e9ki eredet\u0171 leveg\u0151 \u00e1ramlik a t\u00e9rs\u00e9gbe. Ennek hat\u00e1s\u00e1ra jelent\u0151s leh\u0171l\u00e9s v\u00e1rhat\u00f3, \u00e9s t\u00f6bb helyen havaz\u00e1s is el\u0151fordulhat, nemcsak a hegyvid\u00e9keken, hanem s\u00edk ter\u00fcleteken is. Az ICON-EU modell el\u0151rejelz\u00e9se szerint a hidegfront szerda este \u00e9ri el a t\u00e9rs\u00e9g\u00fcnket, de az Alpok f\u00f6l\u00f6tt hull\u00e1mot vet, amely lelass\u00edtja mozg\u00e1s\u00e1t. Ennek k\u00f6vetkezt\u00e9ben az Alpok d\u00e9li oldal\u00e1n egy mediterr\u00e1n ciklon alakul ki, amely alapvet\u0151en meghat\u00e1rozza majd a h\u00e9t m\u00e1sodik fel\u00e9nek id\u0151j\u00e1r\u00e1s\u00e1t. MUTATJUK A R\u00c9SZLETEKET!<\/h3>\n<h3><span style=\"color: #ff0000;\"><strong>A h\u00edr nem \u00e9rt v\u00e9get! Folytat\u00e1shoz haszn\u00e1ld a K\u00d6VETKEZ\u0150 OLDAL gombot!<\/strong><\/span><\/h3>\n<p><!--nextpage--><\/p>\n<h3>A ciklon hat\u00e1s\u00e1ra jelent\u0151s mennyis\u00e9g\u0171 csapad\u00e9k \u00e9rkezik, amely es\u0151, havas es\u0151 \u00e9s h\u00f3 form\u00e1j\u00e1ban hullhat le, k\u00fcl\u00f6n\u00f6sen a nyugati ter\u00fcleteken. Emellett a sz\u00e9l is meger\u0151s\u00f6dik, a Dun\u00e1nt\u00falon viharos \u00e9szaki-\u00e9szaknyugati sz\u00e9ll\u00f6k\u00e9sekre lehet sz\u00e1m\u00edtani. A hideg leveg\u0151 \u00e9rkez\u00e9se \u00e9s a mediterr\u00e1n ciklon kialakul\u00e1sa a F\u00f6ldk\u00f6zi-tenger k\u00f6z\u00e9ps\u0151 medenc\u00e9j\u00e9ben zajl\u00f3 ciklogenezisnek k\u00f6sz\u00f6nhet\u0151, amelyet az Alpokon \u00e1tbuk\u00f3 hidegfront ind\u00edt be.<\/h3>\n<p>Forr\u00e1s: MSN \/ FB \/ IDK<\/p>\n","protected":false},"excerpt":{"rendered":"<p>Sarkvid\u00e9ki eredet\u0171 hideg leveg\u0151 \u00e1rasztja el Nyugat-Eur\u00f3p\u00e1t, amely jelent\u0151s id\u0151j\u00e1r\u00e1s-v\u00e1ltoz\u00e1st hoz a t\u00e9rs\u00e9gben. A hidegfront az Alpokon \u00e1tbukva mediterr\u00e1n ciklont gener\u00e1l, amely a h\u00e9t m\u00e1sodik fel\u00e9ben meghat\u00e1rozza majd az id\u0151j\u00e1r\u00e1st, csapad\u00e9kot \u00e9s&#8230;<\/p>\n","protected":false},"author":1,"featured_media":10794,"comment_status":"open","ping_status":"open","sticky":false,"template":"","format":"standard","meta":{"footnotes":""},"categories":[2],"tags":[],"class_list":["post-10793","post","type-post","status-publish","format-standard","has-post-thumbnail","hentry","category-altalanos"],"aioseo_notices":[],"_links":{"self":[{"href":"https:\/\/online-filmkatarzis.com\/kucko\/wp-json\/wp\/v2\/posts\/10793","targetHints":{"allow":["GET"]}}],"collection":[{"href":"https:\/\/online-filmkatarzis.com\/kucko\/wp-json\/wp\/v2\/posts"}],"about":[{"href":"https:\/\/online-filmkatarzis.com\/kucko\/wp-json\/wp\/v2\/types\/post"}],"author":[{"embeddable":true,"href":"https:\/\/online-filmkatarzis.com\/kucko\/wp-json\/wp\/v2\/users\/1"}],"replies":[{"embeddable":true,"href":"https:\/\/online-filmkatarzis.com\/kucko\/wp-json\/wp\/v2\/comments?post=10793"}],"version-history":[{"count":1,"href":"https:\/\/online-filmkatarzis.com\/kucko\/wp-json\/wp\/v2\/posts\/10793\/revisions"}],"predecessor-version":[{"id":10795,"href":"https:\/\/online-filmkatarzis.com\/kucko\/wp-json\/wp\/v2\/posts\/10793\/revisions\/10795"}],"wp:featuredmedia":[{"embeddable":true,"href":"https:\/\/online-filmkatarzis.com\/kucko\/wp-json\/wp\/v2\/media\/10794"}],"wp:attachment":[{"href":"https:\/\/online-filmkatarzis.com\/kucko\/wp-json\/wp\/v2\/media?parent=10793"}],"wp:term":[{"taxonomy":"category","embeddable":true,"href":"https:\/\/online-filmkatarzis.com\/kucko\/wp-json\/wp\/v2\/categories?post=10793"},{"taxonomy":"post_tag","embeddable":true,"href":"https:\/\/online-filmkatarzis.com\/kucko\/wp-json\/wp\/v2\/tags?post=10793"}],"curies":[{"name":"wp","href":"https:\/\/api.w.org\/{rel}","templated":true}]}}