{"id":10799,"date":"2026-03-23T17:38:50","date_gmt":"2026-03-23T16:38:50","guid":{"rendered":"https:\/\/online-filmkatarzis.com\/kucko\/?p=10799"},"modified":"2026-03-23T17:38:50","modified_gmt":"2026-03-23T16:38:50","slug":"ezert-kerult-a-vonat-ala-a-gyermek","status":"publish","type":"post","link":"https:\/\/online-filmkatarzis.com\/kucko\/ezert-kerult-a-vonat-ala-a-gyermek\/","title":{"rendered":"Ez\u00e9rt ker\u00fclt a vonat al\u00e1 a gyermek"},"content":{"rendered":"<h3>F\u00e9l hat k\u00f6r\u00fcl azonban megcs\u00f6rrent a telefon: a Mecsek InterCity mozdonyvezet\u0151je jelentette, hogy a s\u00edneken, az \u00e1llom\u00e1st\u00f3l mintegy \u00f6tsz\u00e1z m\u00e9terre valaki fekszik. A szerelv\u00e9ny m\u00e1r f\u00e9kezett, de a t\u00f6bb sz\u00e1z tonn\u00e1s vonat nem tudott id\u0151ben meg\u00e1llni. A helysz\u00ednre \u00e9rkez\u0151k d\u00f6bbenten l\u00e1tt\u00e1k, hogy nem egy feln\u0151tt, hanem egy fiatal l\u00e1ny fekszik a s\u00ednek mellett mozdulatlanul. A h\u00edr vill\u00e1mgyorsan v\u00e9gigs\u00f6p\u00f6rt a k\u00f6rny\u00e9ken, \u00e9s mindenki ugyanazt k\u00e9rdezte: ki lehet az \u00e1ldozat\u2026 \u00e9s hogyan ker\u00fclhetett oda?<br \/>\nA v\u00e1lasz csak k\u00e9s\u0151bb der\u00fclt ki\u2026<br \/>\nMUTATJUK A R\u00c9SZLETEKET!<\/h3>\n<h3><span style=\"color: #ff0000;\"><strong>A h\u00edr nem \u00e9rt v\u00e9get! Folytat\u00e1shoz haszn\u00e1ld a K\u00d6VETKEZ\u0150 OLDAL gombot!<\/strong><\/span><\/h3>\n<p><!--nextpage--><\/p>\n<h3>Nem sokkal k\u00e9s\u0151bb kider\u00fclt: a g\u00e1zol\u00e1s \u00e1ldozata egy mind\u00f6ssze 13 \u00e9ves nagysz\u00e9kelyi kisl\u00e1ny. A trag\u00e9dia h\u00edre szinte letagl\u00f3zta a k\u00f6z\u00f6ss\u00e9get. A helyiek szerint a l\u00e1nyt mindenki ismerte, mosolyg\u00f3s, csendes gyerek volt, aki rendezett csal\u00e1dban \u00e9lt. \u0150 volt a testv\u00e9rei k\u00f6z\u00fcl az id\u0151sebb, felel\u0151ss\u00e9gteljes, j\u00f3 tanul\u00f3 \u2013 legal\u00e1bbis \u00edgy eml\u00e9keznek r\u00e1 azok, akik nap mint nap tal\u00e1lkoztak vele.<br \/>\nA polg\u00e1rmester is \u00e9rtetlen\u00fcl \u00e1ll az eset el\u0151tt: semmi nem utalt arra, hogy baj lenne. Nem voltak balh\u00e9k, nem voltak probl\u00e9m\u00e1k, a csal\u00e1dot is kiegyens\u00falyozottnak ismert\u00e9k. \u00c9ppen ez\u00e9rt kezdtek el a faluban egyre t\u00f6bbf\u00e9le magyar\u00e1zatot keresni. Vajon baleset t\u00f6rt\u00e9nt? Rosszul lett? Vagy valami m\u00e1s \u00e1llhat a h\u00e1tt\u00e9rben?<br \/>\nA tal\u00e1lgat\u00e1sok egyre mer\u00e9szebbek lettek\u2026 de az igazi k\u00e9rd\u00e9s m\u00e9g mindig ott l\u00f3gott a leveg\u0151ben: mi\u00e9rt fek\u00fcdt a s\u00edneken a kisl\u00e1ny?<br \/>\nMUTATJUK!<\/h3>\n<h3><span style=\"color: #ff0000;\"><strong>A h\u00edr nem \u00e9rt v\u00e9get! Folytat\u00e1shoz haszn\u00e1ld a K\u00d6VETKEZ\u0150 OLDAL gombot!<\/strong><\/span><\/h3>\n<p><!--nextpage--><\/p>\n<h3>A hivatalos vizsg\u00e1lat m\u00e9g tart, de a k\u00f6rny\u00e9kbeliek m\u00e1r k\u00fcl\u00f6nf\u00e9le magyar\u00e1zatokat emlegetnek. Van, aki szerint a kisl\u00e1ny zen\u00e9t hallgathatott, \u00e9s nem vette \u00e9szre a k\u00f6zeled\u0151 vonatot. M\u00e1sok azt mondj\u00e1k, tal\u00e1n megbotlott vagy rosszul lett, \u00e9s emiatt ker\u00fclt a s\u00ednekre. Olyanok is akadnak, akik szerint valami miatt lefek\u00fcdt a p\u00e1ly\u00e1ra, de senki sem tudja, mi\u00e9rt.<br \/>\nA leggyakoribb tal\u00e1lgat\u00e1sok k\u00f6z\u00f6tt szerepel: lehetett egy v\u00e9letlen baleset, amikor \u00e1tkel\u00e9s k\u00f6zben elesett, rosszull\u00e9t vagy sz\u00e9d\u00fcl\u00e9s, amely miatt nem tudott fel\u00e1llni,<br \/>\nfigyelmetlens\u00e9g, p\u00e9ld\u00e1ul f\u00fclhallgat\u00f3 haszn\u00e1lata, vagy egyszer\u0171en megcs\u00faszott a kavicsos t\u00f6lt\u00e9sen.<br \/>\nAmi azonban biztos: a helyiek szerint semmi nem utalt arra, hogy a kisl\u00e1ny sz\u00e1nd\u00e9kosan ker\u00fclt volna a s\u00ednekre. Rendezett csal\u00e1dban \u00e9lt, nem volt ismert konfliktus, \u00e9s a k\u00f6z\u00f6ss\u00e9g szerint is \u201ej\u00f3 gyerek\u201d volt.<br \/>\nEz\u00e9rt most mindenki ugyanazt mondja: val\u00f3sz\u00edn\u0171leg egy tragikus, megmagyar\u00e1zhatatlan pillanat sodorta a s\u00ednek k\u00f6z\u00e9 a gyermeket\u2026<\/h3>\n<p>VIA Teol\/FB<\/p>\n","protected":false},"excerpt":{"rendered":"<p>F\u00e9l hat k\u00f6r\u00fcl azonban megcs\u00f6rrent a telefon: a Mecsek InterCity mozdonyvezet\u0151je jelentette, hogy a s\u00edneken, az \u00e1llom\u00e1st\u00f3l mintegy \u00f6tsz\u00e1z m\u00e9terre valaki fekszik. A szerelv\u00e9ny m\u00e1r f\u00e9kezett, de a t\u00f6bb sz\u00e1z tonn\u00e1s vonat&#8230;<\/p>\n","protected":false},"author":1,"featured_media":10800,"comment_status":"open","ping_status":"open","sticky":false,"template":"","format":"standard","meta":{"footnotes":""},"categories":[2],"tags":[],"class_list":["post-10799","post","type-post","status-publish","format-standard","has-post-thumbnail","hentry","category-altalanos"],"aioseo_notices":[],"_links":{"self":[{"href":"https:\/\/online-filmkatarzis.com\/kucko\/wp-json\/wp\/v2\/posts\/10799","targetHints":{"allow":["GET"]}}],"collection":[{"href":"https:\/\/online-filmkatarzis.com\/kucko\/wp-json\/wp\/v2\/posts"}],"about":[{"href":"https:\/\/online-filmkatarzis.com\/kucko\/wp-json\/wp\/v2\/types\/post"}],"author":[{"embeddable":true,"href":"https:\/\/online-filmkatarzis.com\/kucko\/wp-json\/wp\/v2\/users\/1"}],"replies":[{"embeddable":true,"href":"https:\/\/online-filmkatarzis.com\/kucko\/wp-json\/wp\/v2\/comments?post=10799"}],"version-history":[{"count":1,"href":"https:\/\/online-filmkatarzis.com\/kucko\/wp-json\/wp\/v2\/posts\/10799\/revisions"}],"predecessor-version":[{"id":10802,"href":"https:\/\/online-filmkatarzis.com\/kucko\/wp-json\/wp\/v2\/posts\/10799\/revisions\/10802"}],"wp:featuredmedia":[{"embeddable":true,"href":"https:\/\/online-filmkatarzis.com\/kucko\/wp-json\/wp\/v2\/media\/10800"}],"wp:attachment":[{"href":"https:\/\/online-filmkatarzis.com\/kucko\/wp-json\/wp\/v2\/media?parent=10799"}],"wp:term":[{"taxonomy":"category","embeddable":true,"href":"https:\/\/online-filmkatarzis.com\/kucko\/wp-json\/wp\/v2\/categories?post=10799"},{"taxonomy":"post_tag","embeddable":true,"href":"https:\/\/online-filmkatarzis.com\/kucko\/wp-json\/wp\/v2\/tags?post=10799"}],"curies":[{"name":"wp","href":"https:\/\/api.w.org\/{rel}","templated":true}]}}