{"id":10805,"date":"2026-03-23T18:28:53","date_gmt":"2026-03-23T17:28:53","guid":{"rendered":"https:\/\/online-filmkatarzis.com\/kucko\/?p=10805"},"modified":"2026-03-23T18:28:53","modified_gmt":"2026-03-23T17:28:53","slug":"fekete-laci-ezert-fogyott-le-ennyire-dramaian","status":"publish","type":"post","link":"https:\/\/online-filmkatarzis.com\/kucko\/fekete-laci-ezert-fogyott-le-ennyire-dramaian\/","title":{"rendered":"Fekete Laci ez\u00e9rt fogyott le ennyire dr\u00e1maian"},"content":{"rendered":"<h3>Fekete Laci \u00e9veken kereszt\u00fcl volt az orsz\u00e1g leger\u0151sebb embere, m\u00e1ra viszont elk\u00e9peszt\u0151en megv\u00e1ltozott. Azon t\u00fal, hogy haja teljesen meg\u0151sz\u00fclt, a fel\u00e9re fogyott r\u00e9gi megjelen\u00e9s\u00e9hez k\u00e9pest.<br \/>\nFekete Laci a fogy\u00e1sr\u00f3l Azzal m\u00e1r mi is foglalkoztunk, hogy mennyire m\u00e1sk\u00e9pp fest az orsz\u00e1g egykor leger\u0151sebb embere, miut\u00e1n rengeteget fogyott. Fekete Laci mostan\u00e1ban t\u00f6bb m\u0171sorban is felt\u0171nt, \u00e9s elk\u00e9peszt\u0151, hogy mennyit v\u00e1ltozott, most azt is el\u00e1rulta, mi \u00e1ll dr\u00e1mai fogy\u00e1s\u00e1nak h\u00e1tter\u00e9ben. MUTATJUK A R\u00c9SZLETEKET!<\/h3>\n<h3><span style=\"color: #ff0000;\"><strong>A h\u00edr nem \u00e9rt v\u00e9get! Folytat\u00e1shoz haszn\u00e1ld a K\u00d6VETKEZ\u0150 OLDAL gombot!<\/strong><\/span><\/h3>\n<p><!--nextpage--><\/p>\n<h3>Legut\u00f3bb a S\u00e9fek s\u00e9fe k\u00f3stol\u00f3jak\u00e9nt jelent meg, ahol igencsak meglep\u0151d\u00f6tt, hogy vega kaj\u00e1t kell majd k\u00f3stolnia. A Blikk felkereste, hogy kider\u00edtse, hogyan fogyott le az elm\u00falt id\u0151szakban ennyire, \u00e9s persze arr\u00f3l is besz\u00e9lt, milyen \u00e9lm\u00e9ny volt sz\u00e1m\u00e1ra ez a bizonyos k\u00f3stol\u00e1s. Visszafogtam az edz\u00e9seket, m\u00e1r nem indulok nagy versenyeken. Az izom megy \u00f6ssze, mivel nincs akkora ig\u00e9nybev\u00e9tel, \u00e9s az izommal egy\u00fctt egy\u00e9rtelm\u0171 s\u00falyvisszaes\u00e9s is van, de ehhez k\u00e9pest is 142 kil\u00f3 vagyok, amit sokan megirigyeln\u00e9nek! Akt\u00edv versenyz\u0151k\u00e9nt 167 kil\u00f3 voltam, most huszon\u00f6ttel kevesebb. MUTATJUK A R\u00c9SZLETEKET!<\/h3>\n<h3><span style=\"color: #ff0000;\"><strong>A h\u00edr nem \u00e9rt v\u00e9get! Folytat\u00e1shoz haszn\u00e1ld a K\u00d6VETKEZ\u0150 OLDAL gombot!<\/strong><\/span><\/h3>\n<p><!--nextpage--><\/p>\n<h3>Eg\u00e9szs\u00e9gileg szerencs\u00e9re teljesen j\u00f3l vagyok, ezt sem egy h\u00f3nap alatt fogytam le, hiszen nagyj\u00e1b\u00f3l \u00f6t \u00e9ve ezt a s\u00falyt tartom. Mikor elh\u00edvt\u00e1k a S\u00e9fek s\u00e9f\u00e9be, csup\u00e1n annyit tudott, hogy \u00e9telt kell zs\u0171riznie, \u00edgy egyb\u0151l igent mondott. Igent mondtam, hiszen mindig kaphat\u00f3 vagyok az ev\u00e9sre, \u00e9s h\u00e1tha ilyenkor \u00fajat tud kipr\u00f3b\u00e1lni az ember. De amikor szembes\u00fcltem vele, mit kell enni, h\u00e1t, az \u00e9lett\u0151l is elment a kedvem \u2013 mondta, hiszen a veget\u00e1ri\u00e1nus \u00e9s veg\u00e1n \u00e9telek t\u0151le t\u00e1vol \u00e1llnak.<\/h3>\n<h3>Azt is el\u00e1rulta, egy\u00e9bk\u00e9nt mindenev\u0151, egyed\u00fcl a levest szokta kihagyni, hogy maradjon hely a f\u0151\u00e9tel mellett a desszertnek is, a gyeng\u00e9je ut\u00f3bbib\u00f3l a gesztenyep\u00fcr\u00e9, a palacsinta \u00e9s a mad\u00e1rtej. Az ev\u00e9s mellett term\u00e9szetesen m\u00e1sik nagy szenved\u00e9lye, a sport is szerepel m\u00e9g mindennapjaiban. \u00a0Edzegetek, ha visz a lend\u00fclet, ami bennem van, de j\u00f3val visszafogottabban: m\u00e1r nem emelek n\u00e9gy-\u00f6tsz\u00e1z kil\u00f3kat, csak h\u00e1romsz\u00e1zat. Negyven \u00e9ve csin\u00e1lom ezt, az emberben annyira benne van ez a sport, hogy nem lehet teljesen abbahagyni. Am\u00edg az eg\u00e9szs\u00e9gemre nem lesz k\u00e1ros, addig edzek \u2013 mes\u00e9lte.<\/h3>\n<p>Forr\u00e1s: MSN\/ Fem.<\/p>\n","protected":false},"excerpt":{"rendered":"<p>Fekete Laci \u00e9veken kereszt\u00fcl volt az orsz\u00e1g leger\u0151sebb embere, m\u00e1ra viszont elk\u00e9peszt\u0151en megv\u00e1ltozott. Azon t\u00fal, hogy haja teljesen meg\u0151sz\u00fclt, a fel\u00e9re fogyott r\u00e9gi megjelen\u00e9s\u00e9hez k\u00e9pest. Fekete Laci a fogy\u00e1sr\u00f3l Azzal m\u00e1r mi&#8230;<\/p>\n","protected":false},"author":1,"featured_media":10806,"comment_status":"open","ping_status":"open","sticky":false,"template":"","format":"standard","meta":{"footnotes":""},"categories":[1],"tags":[],"class_list":["post-10805","post","type-post","status-publish","format-standard","has-post-thumbnail","hentry","category-egyeb"],"aioseo_notices":[],"_links":{"self":[{"href":"https:\/\/online-filmkatarzis.com\/kucko\/wp-json\/wp\/v2\/posts\/10805","targetHints":{"allow":["GET"]}}],"collection":[{"href":"https:\/\/online-filmkatarzis.com\/kucko\/wp-json\/wp\/v2\/posts"}],"about":[{"href":"https:\/\/online-filmkatarzis.com\/kucko\/wp-json\/wp\/v2\/types\/post"}],"author":[{"embeddable":true,"href":"https:\/\/online-filmkatarzis.com\/kucko\/wp-json\/wp\/v2\/users\/1"}],"replies":[{"embeddable":true,"href":"https:\/\/online-filmkatarzis.com\/kucko\/wp-json\/wp\/v2\/comments?post=10805"}],"version-history":[{"count":1,"href":"https:\/\/online-filmkatarzis.com\/kucko\/wp-json\/wp\/v2\/posts\/10805\/revisions"}],"predecessor-version":[{"id":10807,"href":"https:\/\/online-filmkatarzis.com\/kucko\/wp-json\/wp\/v2\/posts\/10805\/revisions\/10807"}],"wp:featuredmedia":[{"embeddable":true,"href":"https:\/\/online-filmkatarzis.com\/kucko\/wp-json\/wp\/v2\/media\/10806"}],"wp:attachment":[{"href":"https:\/\/online-filmkatarzis.com\/kucko\/wp-json\/wp\/v2\/media?parent=10805"}],"wp:term":[{"taxonomy":"category","embeddable":true,"href":"https:\/\/online-filmkatarzis.com\/kucko\/wp-json\/wp\/v2\/categories?post=10805"},{"taxonomy":"post_tag","embeddable":true,"href":"https:\/\/online-filmkatarzis.com\/kucko\/wp-json\/wp\/v2\/tags?post=10805"}],"curies":[{"name":"wp","href":"https:\/\/api.w.org\/{rel}","templated":true}]}}