{"id":10811,"date":"2026-03-24T12:55:57","date_gmt":"2026-03-24T11:55:57","guid":{"rendered":"https:\/\/online-filmkatarzis.com\/kucko\/?p=10811"},"modified":"2026-03-24T12:55:57","modified_gmt":"2026-03-24T11:55:57","slug":"magyar-peter-nagykanizsai-dramaja","status":"publish","type":"post","link":"https:\/\/online-filmkatarzis.com\/kucko\/magyar-peter-nagykanizsai-dramaja\/","title":{"rendered":"Magyar P\u00e9ter Nagykanizsai dr\u00e1m\u00e1ja!"},"content":{"rendered":"<h3>Magyar P\u00e9ter, a TISZA P\u00e1rt eln\u00f6ke k\u00f6z\u00f6s\/s\u00e9gi oldal\u00e1n sz\u00e1molt be arr\u00f3l, hogy vas\u00e1rnap Nagykanizs\u00e1n t\u00e1\/ad\u00e1s \u00e9rte. A politikus egy vi\/e\u00f3t is k\u00f6zz\u00e9tett az esetr\u0151l. Elmond\u00e1sa szerint akkor t\u00f6rt\u00e9nt az incidens, amikor kisz\u00e1llt az aut\u00f3j\u00e1b\u00f3l, \u00e9s t\u00f6bb f\u00e9\/fi ro\/tott r\u00e1. A bejegyz\u00e9s\u00e9ben \u00edgy \u00edrta le a t\u00f6rt\u00e9nteket: MUTATJUK A R\u00c9SZLETEKET!<\/h3>\n<h3><span style=\"color: #ff0000;\"><strong>A h\u00edr nem \u00e9rt v\u00e9get! Folytat\u00e1shoz haszn\u00e1ld a K\u00d6VETKEZ\u0150 OLDAL gombot!<\/strong><\/span><\/h3>\n<p><!--nextpage--><\/p>\n<h3>\u201eaz egyik\u00fck h\u00e1t\/lr\u00f3l akart meg\/tni, amit a kolleg\u00e1im megakad\u00e1lyoztak. Az akci\u00f3 l\u00e1t\/at\u00f3an szer\/ezett volt.\u201d A politikus arr\u00f3l is besz\u00e9lt, hogy nem ez volt az egyetlen hasonl\u00f3 eset a k\u00f6zelm\u00faltban. \u00c1ll\u00edt\u00e1sa szerint n\u00e9h\u00e1ny \u00f3r\u00e1val kor\u00e1bban egy f\u00f3rumon egy f\u00e9rfi k\u00e9\/sel fen\/eget\u0151z\u00f6tt, akit a rend\u0151r\u00f6k v\u00e9g\u00fcl bilincsben vittek el. Emellett azt is hozz\u00e1tette, hogy p\u00e1rtt\u00e1rsaik kitelep\u00fcl\u00e9sein\u00e9l is gyakran kell rend\u0151rt h\u00edvni agr\/ss\/\u00edv pro\/ok\u00e1\/i\u00f3k miatt. Magyar P\u00e9ter szerint ezek az esetek nem v\u00e9letlenek. Bejegyz\u00e9s\u00e9ben \u00edgy fogalmazott: MUTATJUK A R\u00c9SZLETEKET!<\/h3>\n<h3><span style=\"color: #ff0000;\"><strong>A h\u00edr nem \u00e9rt v\u00e9get! Folytat\u00e1shoz haszn\u00e1ld a K\u00d6VETKEZ\u0150 OLDAL gombot!<\/strong><\/span><\/h3>\n<p><!--nextpage--><\/p>\n<h3>Orb\u00e1n Viktor\u00e9knak egy\u00e9rtelm\u0171en az a c\u00e9ljuk, hogy balh\u00e9ba fulladjon a v\u00e1laszt\u00e1si kamp\u00e1ny. Ezen t\u00e1mad\u00e1sok c\u00e9lja is az, hogy kiprovok\u00e1ljanak egy v\u00e1laszt a TISZA b\u00e9k\u00e9s \u00e9s der\u0171s k\u00f6z\u00f6ss\u00e9g\u00e9b\u0151l. Minden jel\u00f6lt\u00fcnket, \u00f6nk\u00e9ntes\u00fcnket \u00e9s szimpatiz\u00e1nsunkat arra k\u00e9rem tisztelettel, hogy senki ne \u00fclj\u00f6n fel az o\/osz t\u00edpus\u00fa zavarkelt\u00e9snek \u00e9s provok\u00e1ci\u00f3nak! Pont az a c\u00e9lja Orb\u00e1n\u00e9knak, hogy b\/lh\u00e9 legyen \u00e9s egy egy esetleges TISZA-s v\u00e1laszt mutogathassanak hetekig a propagand\u00e1jukban. Tudom, hogy sokszor neh\u00e9z a ha\/alom alja\/s\u00e1ga miatt, de tov\u00e1bbra is k\u00e9rem, hogy mutass\u00e1tok meg Magyarorsz\u00e1g b\u00e9k\u00e9s, der\u0171s \u00e9s embers\u00e9ges arc\u00e1t. Nevess\u00fcnk bele a ha\/alom arc\u00e1ba!\u201d<\/h3>\n<p>Forr\u00e1s: MSN \/ FB<\/p>\n","protected":false},"excerpt":{"rendered":"<p>Magyar P\u00e9ter, a TISZA P\u00e1rt eln\u00f6ke k\u00f6z\u00f6s\/s\u00e9gi oldal\u00e1n sz\u00e1molt be arr\u00f3l, hogy vas\u00e1rnap Nagykanizs\u00e1n t\u00e1\/ad\u00e1s \u00e9rte. A politikus egy vi\/e\u00f3t is k\u00f6zz\u00e9tett az esetr\u0151l. Elmond\u00e1sa szerint akkor t\u00f6rt\u00e9nt az incidens, amikor kisz\u00e1llt&#8230;<\/p>\n","protected":false},"author":1,"featured_media":10812,"comment_status":"open","ping_status":"open","sticky":false,"template":"","format":"standard","meta":{"footnotes":""},"categories":[2],"tags":[],"class_list":["post-10811","post","type-post","status-publish","format-standard","has-post-thumbnail","hentry","category-altalanos"],"aioseo_notices":[],"_links":{"self":[{"href":"https:\/\/online-filmkatarzis.com\/kucko\/wp-json\/wp\/v2\/posts\/10811","targetHints":{"allow":["GET"]}}],"collection":[{"href":"https:\/\/online-filmkatarzis.com\/kucko\/wp-json\/wp\/v2\/posts"}],"about":[{"href":"https:\/\/online-filmkatarzis.com\/kucko\/wp-json\/wp\/v2\/types\/post"}],"author":[{"embeddable":true,"href":"https:\/\/online-filmkatarzis.com\/kucko\/wp-json\/wp\/v2\/users\/1"}],"replies":[{"embeddable":true,"href":"https:\/\/online-filmkatarzis.com\/kucko\/wp-json\/wp\/v2\/comments?post=10811"}],"version-history":[{"count":1,"href":"https:\/\/online-filmkatarzis.com\/kucko\/wp-json\/wp\/v2\/posts\/10811\/revisions"}],"predecessor-version":[{"id":10813,"href":"https:\/\/online-filmkatarzis.com\/kucko\/wp-json\/wp\/v2\/posts\/10811\/revisions\/10813"}],"wp:featuredmedia":[{"embeddable":true,"href":"https:\/\/online-filmkatarzis.com\/kucko\/wp-json\/wp\/v2\/media\/10812"}],"wp:attachment":[{"href":"https:\/\/online-filmkatarzis.com\/kucko\/wp-json\/wp\/v2\/media?parent=10811"}],"wp:term":[{"taxonomy":"category","embeddable":true,"href":"https:\/\/online-filmkatarzis.com\/kucko\/wp-json\/wp\/v2\/categories?post=10811"},{"taxonomy":"post_tag","embeddable":true,"href":"https:\/\/online-filmkatarzis.com\/kucko\/wp-json\/wp\/v2\/tags?post=10811"}],"curies":[{"name":"wp","href":"https:\/\/api.w.org\/{rel}","templated":true}]}}