{"id":10860,"date":"2026-03-26T19:03:38","date_gmt":"2026-03-26T18:03:38","guid":{"rendered":"https:\/\/online-filmkatarzis.com\/kucko\/?p=10860"},"modified":"2026-03-26T19:03:38","modified_gmt":"2026-03-26T18:03:38","slug":"ezert-nem-ir-a-media-bogdan-laszlorol","status":"publish","type":"post","link":"https:\/\/online-filmkatarzis.com\/kucko\/ezert-nem-ir-a-media-bogdan-laszlorol\/","title":{"rendered":"Ez\u00e9rt nem \u00edr a m\u00e9dia Bogd\u00e1n L\u00e1szl\u00f3r\u00f3l"},"content":{"rendered":"<h3>Az orsz\u00e1g egykor a nev\u00e9t\u0151l volt hangos, ma viszont mintha k\u00f6dd\u00e9 v\u00e1lt volna. Most lenne 50 \u00e9ves Bogd\u00e1n L\u00e1szl\u00f3, Cserdi legend\u00e1s polg\u00e1rmestere, \u00e1m a m\u00e9dia felt\u0171n\u0151en hallgat. Nincs megeml\u00e9kez\u00e9s, nincs c\u00edmlap, mintha az a f\u00e9rfi, aki sz\u00e1zezrek sz\u00e1m\u00e1ra jelentett rem\u00e9nyt, egyszer\u0171en elt\u0171nt volna a kollekt\u00edv eml\u00e9kezetb\u0151l. Pedig hal\u00e1lakor emberek t\u00f6megei gy\u00fajtottak gyerty\u00e1t \u00e9rte, \u00e9s sokan esk\u00fcdtek meg: sosem felejtik el. Mi t\u00f6rt\u00e9nt az\u00f3ta? Hov\u00e1 lett az a tisztelet, amely egykor k\u00f6r\u00fclvette, \u00e9s mi\u00e9rt nem besz\u00e9l ma senki arr\u00f3l az emberr\u0151l, aki a cig\u00e1ny\u2013magyar egy\u00fctt\u00e9l\u00e9s egyik leger\u0151sebb hangja volt? A v\u00e1lasz azonban sokkal nyugtalan\u00edt\u00f3bb, mint azt b\u00e1rki gondoln\u00e1\u2026<br \/>\nMUTATJUK!<\/h3>\n<h3><span style=\"color: #ff0000;\"><strong>A h\u00edr nem \u00e9rt v\u00e9get! Folytat\u00e1shoz haszn\u00e1ld a K\u00d6VETKEZ\u0150 OLDAL gombot!<\/strong><\/span><\/h3>\n<p><!--nextpage--><\/p>\n<h3>J\u00falius 14-\u00e9n az orsz\u00e1g megrend\u00fclt, amikor elterjedt a h\u00edr: Bogd\u00e1n L\u00e1szl\u00f3 meghalt. De az utols\u00f3 \u00e9vek nem a csendes megbecs\u00fcl\u00e9sr\u0151l sz\u00f3ltak. T\u00e1mad\u00e1sok, \u00e1rul\u00e1sok \u00e9s kihaszn\u00e1l\u00e1sok \u00e1rny\u00e9kolt\u00e1k be a mindennapjait. Sokaknak k\u00e9nyelmetlen volt az \u0151szinte hangja, mert nem politikai sz\u00f3lamokat ism\u00e9telt, hanem kimondta azt, amit m\u00e1sok ink\u00e1bb elhallgattak. \u201eNem ezeknek az embereknek a sz\u00e9gyene, hogy oda szavaznak, ahol enni kapnak\u201d \u2013 mondta egykor, \u00e9s ezzel sokakat felr\u00e1zott. Nem lehetett beskatuly\u00e1zni, nem szolg\u00e1lt \u00e9rdekeket, \u00e9s tal\u00e1n \u00e9ppen ez\u00e9rt lett t\u00fal sokaknak terhes. De vajon t\u00e9nyleg ez\u00e9rt felejtett\u00e9k el? Vagy van valami, amir\u0151l eddig nem besz\u00e9lt senki? H\u00c1T BIZONY NEM A SEMMI\u00c9RT! KIT\u00c1LALT A J\u00d3BAR\u00c1T! MUTATJUK!<\/h3>\n<h3><span style=\"color: #ff0000;\"><strong>A h\u00edr nem \u00e9rt v\u00e9get! Folytat\u00e1shoz haszn\u00e1ld a K\u00d6VETKEZ\u0150 OLDAL gombot!<\/strong><\/span><\/h3>\n<p><!--nextpage--><\/p>\n<h3>N\u00e9gy \u00e9v telt el, \u00e9s a csend szinte f\u00e1j\u00f3bb, mint maga a vesztes\u00e9g. A \u201enagy bar\u00e1tok\u201d nem eml\u00e9keznek, a nyilv\u00e1noss\u00e1g hallgat, de egy k\u00f6zeli ismer\u0151s most megt\u00f6rte a csendet. \u201e\u00c9n m\u00e1r t\u00f6bbsz\u00f6r leutaztam a s\u00edrj\u00e1hoz\u201d \u2013 mondta. \u201eAz irod\u00e1m vitrinj\u00e9n ott a portr\u00e9ja, az asztalomon a k\u00f6nyve. Sokszor el\u0151veszem, mert \u0151 nem csak egy n\u00e9v volt. \u0150 p\u00e9ldak\u00e9p volt.\u201d Szavai m\u00f6g\u00f6tt ott a keser\u0171s\u00e9g, \u00e9s egy kimondatlan v\u00e1d is: mintha tudatosan ford\u00edtottak volna h\u00e1tat annak az embernek, aki egykor mindenkinek t\u00fckr\u00f6t tartott.<br \/>\nA szavai ma is f\u00e1j\u00f3an aktu\u00e1lisak. Amikor majd \u00fajra v\u00e1laszt\u00e1sok j\u00f6nnek, \u00e9s \u201ep\u00f6rk\u00f6lt\u00e9rt, krumpli\u00e9rt, t\u00e9szt\u00e1\u00e9rt\u201d pr\u00f3b\u00e1lj\u00e1k befoly\u00e1solni a legkiszolg\u00e1ltatottabbakat, jusson esz\u00fcnkbe,<br \/>\nmit mondott Bogd\u00e1n L\u00e1szl\u00f3: \u201eHa arra keress\u00fck a v\u00e1laszt, hogy mi\u00e9rt van a cig\u00e1nyok k\u00f6z\u00f6tt olyan sok p\u00f6rk\u00f6lt\u00f6s ember, akkor el\u0151sz\u00f6r is j\u00f3, ha tudjuk, hogy mekkora \u00far tud lenni a sz\u00fcks\u00e9g. Nem ezeknek az embereknek a sz\u00e9gyene az, hogy oda szavaznak, ahol enni kapnak.\u201d<\/h3>\n<p>VIA Vide\u00e9kinfo<\/p>\n","protected":false},"excerpt":{"rendered":"<p>Az orsz\u00e1g egykor a nev\u00e9t\u0151l volt hangos, ma viszont mintha k\u00f6dd\u00e9 v\u00e1lt volna. Most lenne 50 \u00e9ves Bogd\u00e1n L\u00e1szl\u00f3, Cserdi legend\u00e1s polg\u00e1rmestere, \u00e1m a m\u00e9dia felt\u0171n\u0151en hallgat. Nincs megeml\u00e9kez\u00e9s, nincs c\u00edmlap, mintha&#8230;<\/p>\n","protected":false},"author":1,"featured_media":10858,"comment_status":"open","ping_status":"open","sticky":false,"template":"","format":"standard","meta":{"footnotes":""},"categories":[2],"tags":[],"class_list":["post-10860","post","type-post","status-publish","format-standard","has-post-thumbnail","hentry","category-altalanos"],"aioseo_notices":[],"_links":{"self":[{"href":"https:\/\/online-filmkatarzis.com\/kucko\/wp-json\/wp\/v2\/posts\/10860","targetHints":{"allow":["GET"]}}],"collection":[{"href":"https:\/\/online-filmkatarzis.com\/kucko\/wp-json\/wp\/v2\/posts"}],"about":[{"href":"https:\/\/online-filmkatarzis.com\/kucko\/wp-json\/wp\/v2\/types\/post"}],"author":[{"embeddable":true,"href":"https:\/\/online-filmkatarzis.com\/kucko\/wp-json\/wp\/v2\/users\/1"}],"replies":[{"embeddable":true,"href":"https:\/\/online-filmkatarzis.com\/kucko\/wp-json\/wp\/v2\/comments?post=10860"}],"version-history":[{"count":1,"href":"https:\/\/online-filmkatarzis.com\/kucko\/wp-json\/wp\/v2\/posts\/10860\/revisions"}],"predecessor-version":[{"id":10861,"href":"https:\/\/online-filmkatarzis.com\/kucko\/wp-json\/wp\/v2\/posts\/10860\/revisions\/10861"}],"wp:featuredmedia":[{"embeddable":true,"href":"https:\/\/online-filmkatarzis.com\/kucko\/wp-json\/wp\/v2\/media\/10858"}],"wp:attachment":[{"href":"https:\/\/online-filmkatarzis.com\/kucko\/wp-json\/wp\/v2\/media?parent=10860"}],"wp:term":[{"taxonomy":"category","embeddable":true,"href":"https:\/\/online-filmkatarzis.com\/kucko\/wp-json\/wp\/v2\/categories?post=10860"},{"taxonomy":"post_tag","embeddable":true,"href":"https:\/\/online-filmkatarzis.com\/kucko\/wp-json\/wp\/v2\/tags?post=10860"}],"curies":[{"name":"wp","href":"https:\/\/api.w.org\/{rel}","templated":true}]}}