{"id":10870,"date":"2026-03-27T08:50:38","date_gmt":"2026-03-27T07:50:38","guid":{"rendered":"https:\/\/online-filmkatarzis.com\/kucko\/?p=10870"},"modified":"2026-03-27T08:50:38","modified_gmt":"2026-03-27T07:50:38","slug":"drama-a-debreceni-fogorvosnal","status":"publish","type":"post","link":"https:\/\/online-filmkatarzis.com\/kucko\/drama-a-debreceni-fogorvosnal\/","title":{"rendered":"Dr\u00e1ma a debreceni fogorvosn\u00e1l"},"content":{"rendered":"<h3>Az emberek t\u00f6bbs\u00e9ge f\u00e9l, sokan pedig egyenesen ret\/egnek att\u00f3l, ha fogorvoshoz kell menni\u00fck. \u00cdgy volt ezzel az a k\u00f6z\u00e9pkor\u00fa f\u00e9rfi is, aki egy rutinbeavatkoz\u00e1sra jelentkezett be egy debreceni mag\u00e1nklinik\u00e1ra. P\u00e9ter annyira szorongott, hogy a k\u00e9r\u00e9s\u00e9re elaltatt\u00e1k&#8230; \u00e1m soha t\u00f6bb\u00e9 nem tudt\u00e1k fel\u00e9breszteni. Meghalt. A sokkol\u00f3 \u00fcgyben b\u00fcntet\u0151elj\u00e1r\u00e1s indult, s\u0151t, m\u00e1r a t\u00e1rgyal\u00e1s is zajlik. A v\u00e1rosban k\u00f6ztiszteletben \u00e1ll\u00f3, egy\u00e9bk\u00e9nt egyetemi docenst, dr. V. Magdoln\u00e1t foglalkoz\u00e1s k\u00f6r\u00e9ben elk\u00f6vetett vesz\u00e9\/yezte\/\u00e9ssel v\u00e1dolj\u00e1k, a cs\u00fct\u00f6rt\u00f6ki \u00fcl\u00e9sen pedig az \u00e1ldozat \u00f6zvegye tett dr\u00e1mai vallom\u00e1st. MUTATJUK A R\u00c9SZLETEKET!<\/h3>\n<h3><span style=\"color: #ff0000;\"><strong>A h\u00edr nem \u00e9rt v\u00e9get! Folytat\u00e1shoz haszn\u00e1ld a K\u00d6VETKEZ\u0150 OLDAL gombot!<\/strong><\/span><\/h3>\n<p><!--nextpage--><\/p>\n<h3>Az ember pr\u00f3b\u00e1lja felfogni, mi t\u00f6rt\u00e9nt, de nagyon neh\u00e9z. M. P\u00e9ternek egy \u00e1prilisi napon f\u00e1jdult meg a h\u00e1ts\u00f3 foga m\u00e9g 2022-ben, ez\u00e9rt elment arra a klinik\u00e1ra, ahol m\u00e1r kor\u00e1bban t\u00f6bbsz\u00f6r is j\u00e1rt, s v\u00e9g\u00fcl m\u00e1jusra kapott id\u0151pontot. Volt egy gyerekkori, \u00f3ri\u00e1si f\u00e9lelme a fog\u00e1szatt\u00f3l. \u00c9bren nem volt hajland\u00f3 ezt a beavatkoz\u00e1st v\u00e1llalni, csak altat\u00e1sban. Csin\u00e1ltak egy Covid-tesztet, v\u00e1rakoztunk, majd beh\u00edvt\u00e1k, azt\u00e1n m\u00e9g azt is mondt\u00e1k, kellene egy er\u0151s fizikum\u00fa ember, aki hazaviszi, mert nem biztos, hogy olyan \u00e1llapotban lesz, hogy ezt a saj\u00e1t l\u00e1b\u00e1n tegye meg \u2013 eml\u00e9kezett vissza a b\u00edr\u00f3s\u00e1gon a gy\u00e1szol\u00f3 n\/, Gabriella, aki ezut\u00e1n elment a tizenegy \u00e9ves gyermek\u00fck\u00e9rt az iskol\u00e1ba, nem sokra r\u00e1 pedig h\u00edvt\u00e1k is a fog\u00e1szatr\u00f3l. \u00d6r\u00fclt, hogy m\u00e1r v\u00e9gzett a f\u00e9rje, de a vonal m\u00e1sik oldal\u00e1n n\u00e9ma cs\u00f6nd fogadta. A szomsz\u00e9dt\u00f3l kapott nyugtat\u00f3t, majd azonnal odasietett. MUTATJUK A R\u00c9SZLETEKET!<\/h3>\n<h3><span style=\"color: #ff0000;\"><strong>A h\u00edr nem \u00e9rt v\u00e9get! Folytat\u00e1shoz haszn\u00e1ld a K\u00d6VETKEZ\u0150 OLDAL gombot!<\/strong><\/span><\/h3>\n<p><!--nextpage--><\/p>\n<h3>A n\u0151v\u00e9rem hamarabb oda\u00e9rt, \u00e9s h\u00edvott, hogy nyugodjak meg, mert k\u00e9t ment\u0151 \u00e1ll az udvaron, \u00edgy nem lehet semmi baj. S\u00f6t\u00e9t volt bent, az emberek j\u00f6ttek-mentek, fogalmam nem volt, mi t\u00f6rt\u00e9nt. Nyomoz\u00f3kat l\u00e1ttam, azt\u00e1n j\u00f6tt a doktorn\u0151 is, aki azt mondta, rossz h\u00edrt kell k\u00f6z\u00f6lnie, P\u00e9ter sajnos meghalt \u2013 csuklott el az asszony hangja. \u2013 El\u0151sz\u00f6r azt \u00e1ll\u00edtotta, a ment\u0151s\u00f6k hib\u00e1ztak, de r\u00e1sz\u00f3ltak, hogy ne mondjon semmit. Csak a gy\u0171r\u0171j\u00e9t \u00e9s a pul\u00f3ver\u00e9t adt\u00e1k vissza a f\u00e9rjemnek majd mondt\u00e1k, hogy a saj\u00e1t \u00e9rdek\u00fcnkben ne akarjuk l\u00e1tni, mi t\u00f6rt\u00e9nt. K\u00f6zben v\u00e1rt otthon a tizenegy esztend\u0151s kisfiunk, s v\u00e9gig az volt a fejemben, hogy hogyan mondom el ezt az eg\u00e9szet neki.<\/h3>\n<p>Forr\u00e1s: MSN \/ FB<\/p>\n","protected":false},"excerpt":{"rendered":"<p>Az emberek t\u00f6bbs\u00e9ge f\u00e9l, sokan pedig egyenesen ret\/egnek att\u00f3l, ha fogorvoshoz kell menni\u00fck. \u00cdgy volt ezzel az a k\u00f6z\u00e9pkor\u00fa f\u00e9rfi is, aki egy rutinbeavatkoz\u00e1sra jelentkezett be egy debreceni mag\u00e1nklinik\u00e1ra. P\u00e9ter annyira szorongott,&#8230;<\/p>\n","protected":false},"author":1,"featured_media":10871,"comment_status":"open","ping_status":"open","sticky":false,"template":"","format":"standard","meta":{"footnotes":""},"categories":[2],"tags":[],"class_list":["post-10870","post","type-post","status-publish","format-standard","has-post-thumbnail","hentry","category-altalanos"],"aioseo_notices":[],"_links":{"self":[{"href":"https:\/\/online-filmkatarzis.com\/kucko\/wp-json\/wp\/v2\/posts\/10870","targetHints":{"allow":["GET"]}}],"collection":[{"href":"https:\/\/online-filmkatarzis.com\/kucko\/wp-json\/wp\/v2\/posts"}],"about":[{"href":"https:\/\/online-filmkatarzis.com\/kucko\/wp-json\/wp\/v2\/types\/post"}],"author":[{"embeddable":true,"href":"https:\/\/online-filmkatarzis.com\/kucko\/wp-json\/wp\/v2\/users\/1"}],"replies":[{"embeddable":true,"href":"https:\/\/online-filmkatarzis.com\/kucko\/wp-json\/wp\/v2\/comments?post=10870"}],"version-history":[{"count":1,"href":"https:\/\/online-filmkatarzis.com\/kucko\/wp-json\/wp\/v2\/posts\/10870\/revisions"}],"predecessor-version":[{"id":10872,"href":"https:\/\/online-filmkatarzis.com\/kucko\/wp-json\/wp\/v2\/posts\/10870\/revisions\/10872"}],"wp:featuredmedia":[{"embeddable":true,"href":"https:\/\/online-filmkatarzis.com\/kucko\/wp-json\/wp\/v2\/media\/10871"}],"wp:attachment":[{"href":"https:\/\/online-filmkatarzis.com\/kucko\/wp-json\/wp\/v2\/media?parent=10870"}],"wp:term":[{"taxonomy":"category","embeddable":true,"href":"https:\/\/online-filmkatarzis.com\/kucko\/wp-json\/wp\/v2\/categories?post=10870"},{"taxonomy":"post_tag","embeddable":true,"href":"https:\/\/online-filmkatarzis.com\/kucko\/wp-json\/wp\/v2\/tags?post=10870"}],"curies":[{"name":"wp","href":"https:\/\/api.w.org\/{rel}","templated":true}]}}